{"id":978,"date":"2020-05-29T17:36:14","date_gmt":"2020-05-29T15:36:14","guid":{"rendered":"https:\/\/www.monapart.com\/magazine\/?p=978"},"modified":"2025-04-14T12:15:10","modified_gmt":"2025-04-14T10:15:10","slug":"como-usamos-y-abusamos-de-nuestro-hogar-en-tiempos-de-confinamiento","status":"publish","type":"post","link":"https:\/\/www.monapart.com\/magazine\/gente-real\/formacion-inmobiliaria\/como-usamos-y-abusamos-de-nuestro-hogar-en-tiempos-de-confinamiento","title":{"rendered":"C\u00f3mo usamos (y abusamos) de nuestro hogar en tiempos de confinamiento"},"content":{"rendered":"\n<h1 class=\"wp-block-heading\">C\u00f3mo usamos (y abusamos) de nuestro hogar en tiempos de confinamiento<\/h1>\n\n\n\n<h2 class=\"wp-block-heading\">El resultado de la encuesta realizada por Monapart con la colaboraci\u00f3n de la Universitat Polit\u00e9cnica de Catalunya, arroja datos interesantes para comprender c\u00f3mo vivimos (o sobrevivimos) en estas condiciones \u00fanicas y c\u00f3mo hemos hackeado nuestro escenario vital, el hogar.<\/h2>\n\n\n<div class='post-info'>29 de mayo de 2020 por <a href='https:\/\/www.monapart.com\/magazine\/autor\/monapart'>Monapart<\/a><\/div>\n\n\n\n<figure class=\"wp-block-image\"><img decoding=\"async\" src=\"https:\/\/www.monapart.com\/sites\/default\/files\/styles\/scale_960xn_\/public\/mediabrowser\/01-resultados-encuesta-confinamiento.jpeg?itok=eBkSXxt9\" alt=\"C\u00f3mo usamos (y abusamos) de nuestro hogar en tiempos de confinamiento | Monapart \"\/><\/figure>\n\n\n\n<p>La <a href=\"\/node\/3189\" target=\"_blank\" rel=\"noreferrer noopener\">encuesta \u00abEl hogar en tiempos de confinamiento\u00bb<\/a> realizada por Monapart&nbsp;junto con el <a href=\"https:\/\/habitar.upc.edu\/\" target=\"_blank\" rel=\"noreferrer noopener\">Grupo de investigaci\u00f3n \u201cHabitar\u201d<\/a> de la Universitat Polit\u00e8cnica de Catalunya a cerca de 1.000 participantes, ha arrojado datos reveladores para analizar c\u00f3mo estamos usando nuestros hogares en tiempos de confinamiento en esta&nbsp;<strong>\u00abnueva normalidad\u00bb<\/strong>.<\/p>\n\n\n\n<h5 class=\"wp-block-heading has-medium-font-size\">Muestra encuestada<\/h5>\n\n\n\n<p>Se ha encuestado a una muestra de 938&nbsp;personas repartidas por todo el territorio nacional. La franja de edad m\u00e1s representada en la muestra cubre de los 35 a los 55 a\u00f1os de edad (59%) respecto a un 24,7% que son menores de 35 a\u00f1os y un 16,3% de mayores de 55.<\/p>\n\n\n\n<p>El 50,2% vive en r\u00e9gimen de propiedad, el 46,4% en r\u00e9gimen de alquiler y el 3,4% de alquiler en vivienda compartida.&nbsp;<\/p>\n\n\n\n<p>Un 20% tiene perro frente a un 80% que no.&nbsp;<br>&nbsp;<\/p>\n\n\n\n<blockquote class=\"wp-block-quote alignright is-layout-flow wp-block-quote-is-layout-flow\">\n<p>La encuesta&nbsp;ha sido realizada por Monapart junto con el Grupo de Investigaci\u00f3n \u00abHabitar\u00bb de la Universitat Polit\u00e8cnica de Catalunya, si bien las conclusiones de este informe son solo atribuibles a Monapart.<\/p>\n<\/blockquote>\n\n\n\n<h5 class=\"wp-block-heading has-medium-font-size\">Tipolog\u00eda de vivienda<\/h5>\n\n\n\n<p>El 85,7% son unidades familiares de 2 \u00f3 m\u00e1s personas y el 90,5% de las viviendas de 2 \u00f3 m\u00e1s habitaciones, sin embargo y con independencia del n\u00famero de miembros,&nbsp;<strong>la cantidad media de habitaciones apenas supera las tres<\/strong>&nbsp;siendo 2,03 habitaciones de media en viviendas unipersonales; 2,40 en viviendas de dos; 2,97 en viviendas de tres; 3,22 en viviendas de 4; y 2,73 habitaciones en viviendas de 5 o m\u00e1s miembros.&nbsp;<\/p>\n\n\n\n<p>El 44,5% de las viviendas tiene salida a un balc\u00f3n o terraza en el que cabe, al menos, una mesa para seis personas o dispone de patio o jard\u00edn, mientras que&nbsp;<strong>un 15,2% no dispone de ninguna forma de salida al exterior (ni siquiera balc\u00f3n) y un 2,70% no ve el cielo desde ninguna habitaci\u00f3n<\/strong>.<br>&nbsp;<\/p>\n\n\n\n<h5 class=\"wp-block-heading has-medium-font-size\">El&nbsp;<em>hackeo<\/em>&nbsp;de la vivienda a causa del confinamiento<\/h5>\n\n\n\n<p>Tras casi 45 d\u00edas viviendo intensamente en su domicilio,&nbsp;<strong>un 53,6% de los encuestados dice sentirse a gusto en casa<\/strong>&nbsp;(46% de \u00e9stos en vivienda de alquiler) frente al 6,9% que afirma lo contrario habiendo hecho o no alg\u00fan cambio a su vivienda.<\/p>\n\n\n\n<p><strong>Un 23,2% reconoce que estar\u00eda m\u00e1s a gusto en la vivienda de poder realizar algunos cambios<\/strong>, pero que ahora no puede llevarlos a cabo, mientras&nbsp;<strong>un 16,23% s\u00ed los ha hecho<\/strong>.<\/p>\n\n\n\n<p><strong>Usos de la vivienda durante el confinamiento (en % de encuestados)<\/strong><\/p>\n\n\n\n<figure class=\"wp-block-image\"><img decoding=\"async\" src=\"https:\/\/www.monapart.com\/sites\/default\/files\/styles\/scale_960xn_\/public\/mediabrowser\/grafica.jpg?itok=J5AR7pT1\" alt=\"C\u00f3mo usamos (y abusamos) de nuestro hogar en tiempos de confinamiento | Monapart \"\/><\/figure>\n\n\n\n<p><strong>Las estancias han ampliado sus usos<\/strong>. A la pregunta de qu\u00e9 actividades diferentes est\u00e1n haciendo en cada estancia, los resultados son:&nbsp;\u201cgimnasia \/ yoga \/ baile\u201d en el sal\u00f3n o el pasillo; \u201ctrabajo\u201d en el despacho, el comedor o el dormitorio; y \u201cjuegos con los ni\u00f1os\u201d en sala, terraza, pasillo.<\/p>\n\n\n\n<p>Un 49,4% no dispone de zonas comunes en el edificio, a un 21,12% se le ha prohibido el uso pero&nbsp;<strong>un 21,9% ha seguido usando las zonas comunes a pesar de la prohibici\u00f3n<\/strong>&nbsp;y un 7,5% ha renunciado a su uso a pesar de estar permitido.<\/p>\n\n\n\n<blockquote class=\"wp-block-quote alignright is-layout-flow wp-block-quote-is-layout-flow\">\n<p>La muestra encuestada alcanza los 938&nbsp;hogares repartidos por todo el territorio nacional.<\/p>\n<\/blockquote>\n\n\n\n<h5 class=\"wp-block-heading has-medium-font-size\">Respuestas a destacar<\/h5>\n\n\n\n<p><em>&#8211; \u201cHemos quitado las plantas del balc\u00f3n para poder sacar una silla al sol. Adem\u00e1s practicamos gimnasia en el sal\u00f3n.\u201d<\/em><\/p>\n\n\n\n<p>&#8211; \u201cEl comedor es la sala de la NASA para los deberes de los ni\u00f1os, el pasillo es la zona de deporte y lo que era la sala multiuso es ahora un nuevo despacho.\u201d<\/p>\n\n\n\n<p>&#8211; \u201cPlaymobil en el pasillo, comedor como sala de juegos, dormitorio como estudio y terraza como comedor.\u201d<\/p>\n\n\n\n<p>&#8211; \u201cEl recibidor y el pasillo son los lugares donde \u00abreposa\u00bb la compra antes de pasar a la cocina. En el pasillo est\u00e1 la cesta de la ropa que va a ser lavada a 60 grados. Son la antesala de las zonas limpias.\u201d<\/p>\n\n\n\n<p>&#8211; \u201cEn la cocina, hemos adaptado un espacio para trabajar. Adem\u00e1s, como tiene una luz muy bonita, hemos colgado papeles bastante grandes en las paredes para poder escribir y pintar. En la galer\u00eda hemos montado un peque\u00f1o huerto colgante y en la sala de estar hemos preparado los elementos \u00abinventados\u00bb, para hacer gim o jugar bailando.\u201d<\/p>\n\n\n\n<p>&#8211; \u201cPractico ballet tres d\u00edas a la semana en el sal\u00f3n. Durante estas sesiones mi novio juega al ajedrez o realiza sus estiramientos en la habitaci\u00f3n, as\u00ed nos damos un respiro. El balc\u00f3n, adem\u00e1s de ser un lugar de encuentro con los vecinos, se ha convertido en mi lugar elegido para tener videoconferencias (tanto por trabajo como personales).\u201d<\/p>\n\n\n\n<figure class=\"wp-block-image\"><img decoding=\"async\" src=\"https:\/\/www.monapart.com\/sites\/default\/files\/styles\/scale_960xn_\/public\/mediabrowser\/02-resultados-encuesta-confinamiento.jpeg?itok=J4C3ANLg\" alt=\"C\u00f3mo usamos (y abusamos) de nuestro hogar en tiempos de confinamiento | Monapart \"\/><\/figure>\n\n\n\n<p><strong>El estar mucho tiempo en casa ha promovido una serie de actuaciones que&nbsp;hackean&nbsp;la vivienda<\/strong>. As\u00ed, el 54,1% ha cambiado la disposici\u00f3n de muebles para adaptar las estancias a un uso polivalente; el 52,3% se ha deshecho de cosas o las ha apartado temporalmente; el 33,7% ha acondicionado el balc\u00f3n para poder pasar m\u00e1s tiempo en \u00e9l y el 26,9% se ha construido un espacio de trabajo improvisado. Adem\u00e1s, han sido muchas las personas que han aprovechado estos d\u00edas para realizar bricolaje dom\u00e9stico, pintar parte o toda la vivienda, restaurar muebles o construirse mobiliario a medida.<\/p>\n\n\n\n<p><strong>\u00bfQu\u00e9 hemos aprendido tras someter nuestra vivienda a una \u201cprueba de carga\u201d extrema?<\/strong><br>Cuatro conclusiones principales:<\/p>\n\n\n\n<ul class=\"wp-block-list\">\n<li>Un 15,4% considera que los pasillos dan m\u00e1s juego del esperado. En \u00e9l se ha hecho gimnasia, caminado, patinado o se ha convertido en el campo de juegos de los m\u00e1s peque\u00f1os.<\/li>\n\n\n\n<li>Un 24,8% ha descubierto m\u00e1s de un lugar en el que instalar un despacho, el cual ha acabado ocupando sobretodo la mesa del comedor o la cocina, o montajes ad hoc en el dormitorio o en rincones infrautilizados de la vivienda.<\/li>\n\n\n\n<li>Un 77% ha descubierto que, a pesar de estar todo el d\u00eda en la vivienda, ha relegado el uso de la sala de estar a las \u00faltimas horas del d\u00eda.<\/li>\n\n\n\n<li>Un 17% considera ahora que la cocina abierta al sal\u00f3n-comedor no es la mejor idea.<\/li>\n<\/ul>\n\n\n\n<h5 class=\"wp-block-heading has-medium-font-size\">Acciones a futuro<\/h5>\n\n\n\n<p>Por \u00faltimo y en relaci\u00f3n a las posibles acciones de futuro,&nbsp;<strong>el 57% encuestado no se plantea hacer ning\u00fan cambio sustancial en su vivienda<\/strong>&nbsp;frente a un 13,3% que prev\u00e9 hacer cambios en alguna habitaci\u00f3n y un 15% que prev\u00e9 hacer alguna modificaci\u00f3n que puede suponer una peque\u00f1a obra.<\/p>\n","protected":false},"excerpt":{"rendered":"<p>La encuesta \u00abEl hogar en tiempos de confinamiento\u00bb realizada por Monapart\u00a0junto con el Grupo de investigaci\u00f3n \u201cHabitar\u201d de la Universitat Polit\u00e8cnica de Catalunya a cerca de 1.000 participantes, ha arrojado datos reveladores para analizar c\u00f3mo estamos usando nuestros hogares en tiempos de confinamiento en esta\u00a0\u00abnueva normalidad\u00bb.<\/p>\n","protected":false},"author":3,"featured_media":979,"comment_status":"closed","ping_status":"closed","sticky":false,"template":"","format":"standard","meta":{"_acf_changed":false,"footnotes":""},"categories":[2850,2849],"tags":[2876],"class_list":["post-978","post","type-post","status-publish","format-standard","has-post-thumbnail","hentry","category-formacion-inmobiliaria","category-gente-real","tag-productividad"],"acf":[],"_links":{"self":[{"href":"https:\/\/www.monapart.com\/magazine\/wp-json\/wp\/v2\/posts\/978","targetHints":{"allow":["GET"]}}],"collection":[{"href":"https:\/\/www.monapart.com\/magazine\/wp-json\/wp\/v2\/posts"}],"about":[{"href":"https:\/\/www.monapart.com\/magazine\/wp-json\/wp\/v2\/types\/post"}],"author":[{"embeddable":true,"href":"https:\/\/www.monapart.com\/magazine\/wp-json\/wp\/v2\/users\/3"}],"replies":[{"embeddable":true,"href":"https:\/\/www.monapart.com\/magazine\/wp-json\/wp\/v2\/comments?post=978"}],"version-history":[{"count":2,"href":"https:\/\/www.monapart.com\/magazine\/wp-json\/wp\/v2\/posts\/978\/revisions"}],"predecessor-version":[{"id":16141,"href":"https:\/\/www.monapart.com\/magazine\/wp-json\/wp\/v2\/posts\/978\/revisions\/16141"}],"wp:featuredmedia":[{"embeddable":true,"href":"https:\/\/www.monapart.com\/magazine\/wp-json\/wp\/v2\/media\/979"}],"wp:attachment":[{"href":"https:\/\/www.monapart.com\/magazine\/wp-json\/wp\/v2\/media?parent=978"}],"wp:term":[{"taxonomy":"category","embeddable":true,"href":"https:\/\/www.monapart.com\/magazine\/wp-json\/wp\/v2\/categories?post=978"},{"taxonomy":"post_tag","embeddable":true,"href":"https:\/\/www.monapart.com\/magazine\/wp-json\/wp\/v2\/tags?post=978"}],"curies":[{"name":"wp","href":"https:\/\/api.w.org\/{rel}","templated":true}]}}