{"id":970,"date":"2020-04-22T13:26:22","date_gmt":"2020-04-22T11:26:22","guid":{"rendered":"https:\/\/www.monapart.com\/magazine\/?p=970"},"modified":"2025-04-14T16:37:13","modified_gmt":"2025-04-14T14:37:13","slug":"tu-hogar-en-tiempos-de-confinamiento","status":"publish","type":"post","link":"https:\/\/www.monapart.com\/magazine\/noticias\/tu-hogar-en-tiempos-de-confinamiento","title":{"rendered":"Universidad Monapart: \u00bfC\u00f3mo vives tu hogar en tiempos de confinamiento?"},"content":{"rendered":"\n<h1 class=\"wp-block-heading\">Universidad Monapart: \u00bfC\u00f3mo vives tu hogar en tiempos de confinamiento?<\/h1>\n\n\n\n<h2 class=\"wp-block-heading\">En colaboraci\u00f3n con el Grupo de Investigaci\u00f3n \u00abHabitar\u00bb de la Universitat Polit\u00e8cnica de Catalunya estamos realizando un breve cuestionario que seguro arrojar\u00e1 datos reveladores. <\/h2>\n\n\n<div class='post-info'>22 de abril de 2020 por <a href='https:\/\/www.monapart.com\/magazine\/autor\/monapart'>Monapart<\/a><\/div>\n\n\n\n<p>Aprovechando que tu vivienda y t\u00fa, en estos tiempos de confinamiento y de \u00abnueva normalidad\u00bb, os est\u00e1is haciendo m\u00e1s compa\u00f1\u00eda que nunca, <strong>en colaboraci\u00f3n con el <a href=\"https:\/\/habitar.upc.edu\/\" target=\"_blank\" rel=\"noreferrer noopener\">Grupo de Investigaci\u00f3n \u00abHabitar\u00bb<\/a> de la Universitat Polit\u00e8cnica de Catalunya estamos realizando un breve cuestionario que seguro arrojar\u00e1 datos reveladores.<\/strong><\/p>\n\n\n\n<p>El <a href=\"https:\/\/docs.google.com\/forms\/d\/e\/1FAIpQLSfst0pU1ExKSCwlg_FN603xmJWU8iSsdRndZm7QGk1jtQMPNw\/viewform\" target=\"_blank\" rel=\"noreferrer noopener\">cuestionario<\/a> tiene por objeto <strong>saber c\u00f3mo est\u00e1s usando (\u00a1o abusando!) tu vivienda estos d\u00edas<\/strong> y qu\u00e9 cambios has hecho en ella, si los has hecho. Son 5 minutos de reloj&nbsp;y no hay preguntas comprometedoras ni invasivas.<\/p>\n\n\n\n<figure class=\"wp-block-image\"><img decoding=\"async\" src=\"https:\/\/www.monapart.com\/sites\/default\/files\/styles\/scale_960xn_\/public\/mediabrowser\/encuesta-confi-web.jpg?itok=NWtkyTqM\" alt=\"Universidad Monapart: \u00bfC\u00f3mo vives tu hogar en tiempos de confinamiento? | Monapart \"\/><\/figure>\n\n\n\n<p>El Grupo de Investigaci\u00f3n \u00abHabitar\u00bb de la UPC est\u00e1 dirigido por el catedr\u00e1tico de proyectos <a href=\"https:\/\/www.cccb.org\/es\/participantes\/ficha\/xavier-monteys\/6949\" target=\"_blank\" rel=\"noreferrer noopener\">Xavier Monteys<\/a>, y tiene como objetivo el\u00a0estudio del h\u00e1bitat humano como entorno en el que se desarrollan las formas de vida actuales. El campo de trabajo abarca desde la esfera dom\u00e9stica al contexto urbano y rural con el inter\u00e9s expl\u00edcito de estudiar la casa y la ciudad como si se tratara de una \u00fanica cosa, como algo continuo.\u00a0<\/p>\n\n\n\n<p>Siempre con el \u00e1nimo de alentar ideas y dar soluciones, desde el punto de vista de la arquitectura y el urbanismo, con especial inter\u00e9s en todo el parque edificado desde el punto de vista de la puesta al d\u00eda de su reutilizaci\u00f3n y el aprovechamiento desde un punto de vista sostenible. <strong>La situaci\u00f3n de crisis sanitaria iniciada a mediados de marzo, que ha implicado un confinamiento total en casa, es un motivo de estudio imperdible para comprender c\u00f3mo vivimos (o sobrevivimos) en estas condiciones \u00fanicas.<\/strong><\/p>\n\n\n\n<p>Entre las personas que contesten a la encuesta (necesitaremos que dejes una direcci\u00f3n de email)&nbsp;<strong>sorteamos una compra de 100\u20ac&nbsp;en el negocio que t\u00fa elijas<\/strong> en el momento que t\u00fa elijas a lo largo de 2020: la florister\u00eda de tu barrio, un restaurante de tu ciudad, la tienda de muebles de tu amigo&#8230; Lo que quieras. Cien pavos \ud83d\ude09<\/p>\n\n\n\n<p><strong>\u00bfTE ANIMAS? ACCEDE A LA ENCUESTA <a href=\"https:\/\/docs.google.com\/forms\/d\/e\/1FAIpQLSfst0pU1ExKSCwlg_FN603xmJWU8iSsdRndZm7QGk1jtQMPNw\/viewform\" target=\"_blank\" rel=\"noreferrer noopener\">AQU\u00cd<\/a>. \u00a1Gracias y suerte!<\/strong><\/p>\n","protected":false},"excerpt":{"rendered":"<p>En colaboraci\u00f3n con el Grupo de Investigaci\u00f3n \u00abHabitar\u00bb de la Universitat Polit\u00e8cnica de Catalunya estamos realizando un breve cuestionario que seguro arrojar\u00e1 datos reveladores. <\/p>\n","protected":false},"author":3,"featured_media":971,"comment_status":"closed","ping_status":"closed","sticky":false,"template":"","format":"standard","meta":{"_acf_changed":false,"footnotes":""},"categories":[2852,2854],"tags":[2872],"class_list":["post-970","post","type-post","status-publish","format-standard","has-post-thumbnail","hentry","category-noticias","category-actualidad","tag-barcelona"],"acf":[],"_links":{"self":[{"href":"https:\/\/www.monapart.com\/magazine\/wp-json\/wp\/v2\/posts\/970","targetHints":{"allow":["GET"]}}],"collection":[{"href":"https:\/\/www.monapart.com\/magazine\/wp-json\/wp\/v2\/posts"}],"about":[{"href":"https:\/\/www.monapart.com\/magazine\/wp-json\/wp\/v2\/types\/post"}],"author":[{"embeddable":true,"href":"https:\/\/www.monapart.com\/magazine\/wp-json\/wp\/v2\/users\/3"}],"replies":[{"embeddable":true,"href":"https:\/\/www.monapart.com\/magazine\/wp-json\/wp\/v2\/comments?post=970"}],"version-history":[{"count":4,"href":"https:\/\/www.monapart.com\/magazine\/wp-json\/wp\/v2\/posts\/970\/revisions"}],"predecessor-version":[{"id":16217,"href":"https:\/\/www.monapart.com\/magazine\/wp-json\/wp\/v2\/posts\/970\/revisions\/16217"}],"wp:featuredmedia":[{"embeddable":true,"href":"https:\/\/www.monapart.com\/magazine\/wp-json\/wp\/v2\/media\/971"}],"wp:attachment":[{"href":"https:\/\/www.monapart.com\/magazine\/wp-json\/wp\/v2\/media?parent=970"}],"wp:term":[{"taxonomy":"category","embeddable":true,"href":"https:\/\/www.monapart.com\/magazine\/wp-json\/wp\/v2\/categories?post=970"},{"taxonomy":"post_tag","embeddable":true,"href":"https:\/\/www.monapart.com\/magazine\/wp-json\/wp\/v2\/tags?post=970"}],"curies":[{"name":"wp","href":"https:\/\/api.w.org\/{rel}","templated":true}]}}