{"id":958,"date":"2020-04-02T17:28:13","date_gmt":"2020-04-02T15:28:13","guid":{"rendered":"https:\/\/www.monapart.com\/magazine\/?p=958"},"modified":"2025-06-20T16:17:23","modified_gmt":"2025-06-20T14:17:23","slug":"entrevista-bea-sarrias","status":"publish","type":"post","link":"https:\/\/www.monapart.com\/magazine\/hogar\/entrevista-bea-sarrias","title":{"rendered":"Construir con pinceles: Entrevista a Bea Sarrias"},"content":{"rendered":"\n<h1 class=\"wp-block-heading\">Construir con pinceles: Entrevista a Bea Sarrias<\/h1>\n\n\n\n<h2 class=\"wp-block-heading\">En esta entrevista nos cuenta c\u00f3mo naci\u00f3 su vocaci\u00f3n, qu\u00e9 le inspira a la hora de trabajar y c\u00f3mo es el hogar de una retratista de hogares.<\/h2>\n\n\n<div class='post-info'>2 de abril de 2020 por <a href='https:\/\/www.monapart.com\/magazine\/autor\/monapart'>Monapart<\/a><\/div>\n\n\n\n<figure class=\"wp-block-image\"><img decoding=\"async\" src=\"https:\/\/www.monapart.com\/sites\/default\/files\/styles\/scale_960xn_\/public\/mediabrowser\/retratobea-de-pie.jpg?itok=0aXjEqyz\" alt=\"Construir con pinceles: Entrevista a Bea Sarrias | Monapart \" title=\"Bea Sarrias\"\/><\/figure>\n\n\n\n<h3 class=\"wp-block-heading\">Debido a nuestra actividad, en Monapart trabajamos cada d\u00eda con im\u00e1genes de viviendas: fotograf\u00edas, renders, planos\u2026 Pero no acostumbramos a ver retratos de arquitectura. Y al igual que sucede con los buenos retratos, la pintura de <a href=\"https:\/\/www.instagram.com\/beasarrias\/\" target=\"_blank\" rel=\"noreferrer noopener\">Bea Sarrias<\/a> consigue captar el alma de las construcciones que protagonizan sus obras. <\/h3>\n\n\n\n<h5 class=\"wp-block-heading has-medium-font-size\">H\u00e1blanos de ti y de tu trabajo. \u00bfD\u00f3nde naci\u00f3 tu vocaci\u00f3n? \u00bfAlg\u00fan primer recuerdo?<\/h5>\n\n\n\n<p>Siempre me recuerdo con un l\u00e1piz en la mano. A mi padre le divert\u00eda comprarme esos blocs rojos de la marca ENRI. Me dec\u00eda que me comprar\u00eda uno nuevo una vez hubiese \u201cllenado\u201d todas las hojas. Adem\u00e1s soy la peque\u00f1a de siete hermanos, me llevo 7 a\u00f1os con el que tengo m\u00e1s cercano. Cuando estudiaban, la \u00fanica manera de poder estar con ellos era si estaba callada\u2026 \u00a1eso s\u00f3lo ocurr\u00eda cuando pintaba!<\/p>\n\n\n\n<figure class=\"wp-block-embed is-type-video is-provider-vimeo wp-block-embed-vimeo\"><div class=\"wp-block-embed__wrapper\">\n<iframe loading=\"lazy\" title=\"Inside \/  Bea Sarrias paint sketches for NATO ENG Subt 02\" src=\"https:\/\/player.vimeo.com\/video\/316560278?dnt=1&amp;app_id=122963\" width=\"500\" height=\"281\" frameborder=\"0\" allow=\"autoplay; fullscreen; picture-in-picture; clipboard-write; encrypted-media\"><\/iframe>\n<\/div><\/figure>\n\n\n\n<h5 class=\"wp-block-heading has-medium-font-size\">\u00bfQu\u00e9 es lo que m\u00e1s te satisface de tu trabajo? \u00bfAlguno del que te sientas especialmente orgullosa?<\/h5>\n\n\n\n<p>En todos mis trabajos pongo lo mejor de m\u00ed en ese momento. Quiz\u00e1s de los que me sienta m\u00e1s feliz son los que he realizado con mi marido,&nbsp;Morrosko Vila-San-Juan. \u00c9l es realizador y hemos conseguido realizar proyectos pict\u00f3rico-audiovisuales. A veces \u00e9l ha hecho una parte documental del proyecto como en <a href=\"https:\/\/www.beasarrias.com\/work\/2019\/3\/26\/portrait-of-the-nato-hq\" target=\"_blank\" rel=\"noreferrer noopener\">INSIDE<\/a>, un mural que realic\u00e9 en 2019 para la sede de la OTAN en Bruselas y en otros nos hemos complementado como en \u201cUn d\u00eda en La Ricarda\u201d, sobre una casa del arquitecto Antonio Bonet Castellana o \u201cLa Cima\u201d, sobre una casa abandonada del arquitecto Jos\u00e9 Antonio Coderch.<\/p>\n\n\n\n<p>Ahora mismo estamos trabajando sobre un edificio del arquitecto Manuel Baldrich, sede actual de&nbsp;Santa&amp;Cole. Esperemos que el proyecto vea la luz en septiembre.<\/p>\n\n\n\n<figure class=\"wp-block-image\"><img decoding=\"async\" src=\"https:\/\/www.monapart.com\/sites\/default\/files\/styles\/scale_960xn_\/public\/mediabrowser\/img_7197.jpg?itok=xkz12Z32\" alt=\"Construir con pinceles: Entrevista a Bea Sarrias | Monapart \" title=\"Bea Sarrias\"\/><\/figure>\n\n\n\n<h5 class=\"wp-block-heading has-medium-font-size\">\u00bfC\u00f3mo es tu proceso creativo?<\/h5>\n\n\n\n<p>Yo no pinto espacios, sino que los retrato. Mi pintura gira entorno a la arquitectura. Para m\u00ed la arquitectura es la herramienta para poder pintar la luz.<\/p>\n\n\n\n<p>Primero me documento sobre un arquitecto o espacio, luego elijo las im\u00e1genes y el formato del cuadro. Este proceso es el m\u00e1s largo, pero sin \u00e9l no consigo captar el alma del espacio que voy a retratar. Acostumbro a pintar varios cuadros a la vez, llega un momento en que tengo que decidir acabarlos y no empezar uno nuevo. Empezar un cuadro es para m\u00ed la parte m\u00e1s emocionante.<\/p>\n\n\n\n<blockquote class=\"wp-block-quote alignright is-layout-flow wp-block-quote-is-layout-flow\">\n<p>\u00abNo pinto espacios, sino que los retrato. Para m\u00ed la arquitectura es la herramienta para poder pintar la luz\u00bb.<\/p>\n<\/blockquote>\n\n\n\n<h5 class=\"wp-block-heading has-medium-font-size\">Color, libro y disco favoritos. \u00a1Por este orden!<\/h5>\n\n\n\n<p>Blanco.<\/p>\n\n\n\n<p><em>Corona de flores<\/em>, de Javier Calvo (editado por <a href=\"https:\/\/www.megustaleer.com\/libros\/corona-de-flores\/MES-020947\" target=\"_blank\" rel=\"noreferrer noopener\">Literatura Random House<\/a>)<\/p>\n\n\n\n<p>La banda sonora de <em>Blade Runner<\/em>.<\/p>\n\n\n\n<figure class=\"wp-block-image\"><img decoding=\"async\" src=\"https:\/\/www.monapart.com\/sites\/default\/files\/styles\/scale_960xn_\/public\/mediabrowser\/casa-e-y-libreria-130x195-cm-2017.jpg?itok=_qhvWWnL\" alt=\"Construir con pinceles: Entrevista a Bea Sarrias | Monapart \" title=\"Bea Sarrias\"\/><\/figure>\n\n\n\n<h5 class=\"wp-block-heading has-medium-font-size\">\u00bfEs tu casa reflejo de qui\u00e9n eres? H\u00e1blanos de tu rinc\u00f3n favorito, tu mueble fetiche\u2026 Y si tienes mascota, \u00a1pres\u00e9ntanosla!<\/h5>\n\n\n\n<p>Mi casa no refleja quien soy. Mis lugares favoritos son el bosque y el mar. Espacios abiertos. Mi mueble favorito es la silla Rietveld, me la regal\u00f3 mi hermano que es arquitecto.<\/p>\n\n\n\n<p>Tengo un conejo de color gris que corre por la casa como si fuese un gato. \ud83d\ude42<\/p>\n\n\n\n<figure class=\"wp-block-image\"><img decoding=\"async\" src=\"https:\/\/www.monapart.com\/sites\/default\/files\/styles\/scale_960xn_\/public\/mediabrowser\/img-0826_-_bea_sarrias.jpg?itok=FB4CoLwl\" alt=\"Construir con pinceles: Entrevista a Bea Sarrias | Monapart \" title=\"Bea Sarrias\"\/><\/figure>\n\n\n\n<h5 class=\"wp-block-heading has-medium-font-size\">Si pudieras comprarte cualquier cosa ahora mismo y llev\u00e1rtela a casa, \u00bfcu\u00e1l ser\u00eda? \u00a1Cualquier cosa!<\/h5>\n\n\n\n<p>A un amigo o un billete de avi\u00f3n.<\/p>\n\n\n\n<h5 class=\"wp-block-heading has-medium-font-size\">Un planazo en casa siempre incluye\u2026<\/h5>\n\n\n\n<p>Amigos y buena comida. Muchas risas.<\/p>\n\n\n\n<h5 class=\"wp-block-heading has-medium-font-size\">\u00bfTienes alg\u00fan plato estrella?<\/h5>\n\n\n\n<p>Gazpacho y fideu\u00e1. Un d\u00eda cocin\u00e9 fideu\u00e1 para Leopoldo Pom\u00e9s, me dijo que era la mejor que hab\u00eda probado\u2026 creo que ese d\u00eda tuve especial suerte.<\/p>\n\n\n\n<figure class=\"wp-block-image\"><img decoding=\"async\" src=\"https:\/\/www.monapart.com\/sites\/default\/files\/styles\/scale_960xn_\/public\/mediabrowser\/casa-g-y-hamaca-100x100cm-2017.jpg?itok=SjJ5uV_8\" alt=\"Construir con pinceles: Entrevista a Bea Sarrias | Monapart \" title=\"Bea Sarrias\"\/><\/figure>\n\n\n\n<h5 class=\"wp-block-heading has-medium-font-size\">\u00bfCu\u00e1l es tu lugar favorito en tu ciudad? \u00bfY en el extranjero?<\/h5>\n\n\n\n<p>Me gusta mucho Barcelona. Lo mejor es perderse. Descubro edificios ic\u00f3nicos en cualquier esquina de la ciudad.<\/p>\n\n\n\n<p>Nueva York es de las ciudades en las que m\u00e1s he disfrutado mirando 360\u00ba. No te la acabas.<\/p>\n\n\n\n<h5 class=\"wp-block-heading has-medium-font-size\">Algo que nos quieras contar y que no te hayamos preguntado. \u00a1Habla ahora o calla para siempre!<\/h5>\n\n\n\n<p>Mi pintura se centra en la arquitectura, especialmente en la arquitectura ic\u00f3nica. Este tipo de arquitectura es la mejor herramienta para pintar la luz. Mi obra est\u00e1 en continua evoluci\u00f3n. Empec\u00e9 pintando solo espacios interiores, con una paleta de color muy reducida y poco a poco he ido saliendo al \u201cexterior\u201d hasta llegar a pintar el paisaje que rodea la arquitectura y he ido a\u00f1adiendo color.<\/p>\n\n\n\n<figure class=\"wp-block-image\"><img decoding=\"async\" src=\"https:\/\/www.monapart.com\/sites\/default\/files\/styles\/scale_960xn_\/public\/mediabrowser\/bea_sarrias_5_-_bea_sarrias.jpg?itok=uKm6vsSs\" alt=\"Construir con pinceles: Entrevista a Bea Sarrias | Monapart \" title=\"Bea Sarrias\"\/><\/figure>\n\n\n\n<p>Si te interesa la arquitectura, la pintura, o ambas disciplinas juntas, entra en la <a href=\"https:\/\/www.beasarrias.com\/\" target=\"_blank\" rel=\"noreferrer noopener\">web de Bea Sarrias<\/a>\u00a0para conocer toda su obra.<\/p>\n\n\n\n<h3 class=\"wp-block-heading\">Bea Sarrias no pinta casas, las retrata. Y en cada uno de sus cuadros no solo vemos la arquitectura, sino tambi\u00e9n la atm\u00f3sfera, la luz y la memoria que habita en esos espacios. Su obra es un puente entre el arte y la arquitectura, entre el silencio de los muros y la voz de quien los interpreta. En un mundo lleno de im\u00e1genes fugaces, su pintura nos invita a detenernos, observar y sentir. Y quiz\u00e1s eso es lo que convierte su trabajo en algo tan necesario: una forma de mirar la arquitectura con otros ojos.<\/h3>\n\n\n\n<p><\/p>\n","protected":false},"excerpt":{"rendered":"<p>En esta entrevista nos cuenta c\u00f3mo naci\u00f3 su vocaci\u00f3n, qu\u00e9 le inspira a la hora de trabajar y c\u00f3mo es el hogar de una retratista de hogares.<\/p>\n","protected":false},"author":3,"featured_media":959,"comment_status":"closed","ping_status":"closed","sticky":false,"template":"","format":"standard","meta":{"_acf_changed":false,"footnotes":""},"categories":[2844,2845],"tags":[2868],"class_list":["post-958","post","type-post","status-publish","format-standard","has-post-thumbnail","hentry","category-hogar","category-mi-monapart","tag-arte"],"acf":[],"_links":{"self":[{"href":"https:\/\/www.monapart.com\/magazine\/wp-json\/wp\/v2\/posts\/958","targetHints":{"allow":["GET"]}}],"collection":[{"href":"https:\/\/www.monapart.com\/magazine\/wp-json\/wp\/v2\/posts"}],"about":[{"href":"https:\/\/www.monapart.com\/magazine\/wp-json\/wp\/v2\/types\/post"}],"author":[{"embeddable":true,"href":"https:\/\/www.monapart.com\/magazine\/wp-json\/wp\/v2\/users\/3"}],"replies":[{"embeddable":true,"href":"https:\/\/www.monapart.com\/magazine\/wp-json\/wp\/v2\/comments?post=958"}],"version-history":[{"count":3,"href":"https:\/\/www.monapart.com\/magazine\/wp-json\/wp\/v2\/posts\/958\/revisions"}],"predecessor-version":[{"id":16228,"href":"https:\/\/www.monapart.com\/magazine\/wp-json\/wp\/v2\/posts\/958\/revisions\/16228"}],"wp:featuredmedia":[{"embeddable":true,"href":"https:\/\/www.monapart.com\/magazine\/wp-json\/wp\/v2\/media\/959"}],"wp:attachment":[{"href":"https:\/\/www.monapart.com\/magazine\/wp-json\/wp\/v2\/media?parent=958"}],"wp:term":[{"taxonomy":"category","embeddable":true,"href":"https:\/\/www.monapart.com\/magazine\/wp-json\/wp\/v2\/categories?post=958"},{"taxonomy":"post_tag","embeddable":true,"href":"https:\/\/www.monapart.com\/magazine\/wp-json\/wp\/v2\/tags?post=958"}],"curies":[{"name":"wp","href":"https:\/\/api.w.org\/{rel}","templated":true}]}}