{"id":944,"date":"2020-03-16T20:17:48","date_gmt":"2020-03-16T19:17:48","guid":{"rendered":"https:\/\/www.monapart.com\/magazine\/?p=944"},"modified":"2025-04-15T11:03:13","modified_gmt":"2025-04-15T09:03:13","slug":"entrevista-carla-cascales","status":"publish","type":"post","link":"https:\/\/www.monapart.com\/magazine\/hogar\/entrevista-carla-cascales","title":{"rendered":"La grandeza del minimalismo: Entrevista a Carla Cascales"},"content":{"rendered":"\n<h1 class=\"wp-block-heading\">La grandeza del minimalismo: Entrevista a Carla Cascales<\/h1>\n\n\n\n<h2 class=\"wp-block-heading\">Nos explica c\u00f3mo trabaja, cu\u00e1les son sus fuentes de inspiraci\u00f3n y c\u00f3mo se traduce su est\u00e9tica a su hogar.<\/h2>\n\n\n<div class='post-info'>16 de marzo de 2020 por <a href='https:\/\/www.monapart.com\/magazine\/autor\/monapart'>Monapart<\/a><\/div>\n\n\n\n<figure class=\"wp-block-image\"><img decoding=\"async\" src=\"https:\/\/www.monapart.com\/sites\/default\/files\/styles\/scale_960xn_\/public\/mediabrowser\/carlacascales-tez2_-_carla_cascales_alimbau.jpg?itok=103QXO20\" alt=\"La grandeza del minimalismo: Entrevista a Carla Cascales | Monapart \" title=\"Carla Cascales\"\/><\/figure>\n\n\n\n<h3 class=\"wp-block-heading\">Conocimos a Carla all\u00e1 por el 2010, cuando Monapart empezaba a abrir los ojos al mundo. Y nos alegra comprobar que, desde que dej\u00f3 el nido (por aquello de nuestro colibr\u00ed), <a href=\"https:\/\/www.instagram.com\/carla_cascales_alimbau\/\" target=\"_blank\" rel=\"noreferrer noopener\">Carla Cascales<\/a> ha crecido como profesional hasta convertirse en la artista de renombre que es hoy. Una cosa tenemos clara: nos quedar\u00edamos a vivir para siempre en un espacio lleno de su obra.\u00a0<\/h3>\n\n\n\n<h5 class=\"wp-block-heading has-medium-font-size\">H\u00e1blanos de ti y de tu obra. \u00bfD\u00f3nde naci\u00f3 tu vocaci\u00f3n?&nbsp;<\/h5>\n\n\n\n<p>De peque\u00f1a siempre me encant\u00f3 dibujar y pintar y lo hac\u00eda constantemente, pero lleg\u00f3 el momento de decidir qu\u00e9 estudiar, y quiz\u00e1 por miedo a no poder vivir una vida estable decid\u00ed estudiar Publicidad y Dise\u00f1o. <strong>Uno de mis primeros trabajos fue como dise\u00f1adora becaria para Monapart<\/strong>.<\/p>\n\n\n\n<p>El tiempo fue pasando y, aunque algunas cosas me gustan de esas disciplinas, notaba c\u00f3mo necesitaba salir del ordenador y volver a usar las manos. Nunca se me dio demasiado bien trabajar en estudios o agencias grandes y siempre encontr\u00e9 la manera de construir un estilo propio de ilustraci\u00f3n y dise\u00f1o que me permiti\u00f3 trabajar como freelance directamente para marcas bastante conocidas como Nike, Oysho, Uniqlo, Louis Vuitton, Mini, Massimo Dutti, Martini, Cervezas Alhambra\u2026<\/p>\n\n\n\n<blockquote class=\"wp-block-quote alignright is-layout-flow wp-block-quote-is-layout-flow\">\n<p>Necesitaba la libertad de crear por el placer de hacerlo sin un encargo previo o unas directrices marcadas, y cuanto m\u00e1s pasaba el tiempo ese sentimiento se hac\u00eda m\u00e1s grande.<\/p>\n<\/blockquote>\n\n\n\n<p>Aunque todo iba bien, esa inquietud en m\u00ed segu\u00eda presente. Necesitaba la libertad de crear por el placer de hacerlo sin un encargo previo o unas directrices marcadas, y cuanto m\u00e1s pasaba el tiempo ese sentimiento se hac\u00eda m\u00e1s grande. Hasta que un d\u00eda, despu\u00e9s de trabajar durante un a\u00f1o casi exclusivamente para Inditex, decid\u00ed empezar mi propio estudio de arte&nbsp;en <a href=\"http:\/\/carlacascales.com\/\" target=\"_blank\" rel=\"noreferrer noopener\">www.carlacascales.com<\/a>. Con los ahorros que hab\u00eda podido reunir me di un a\u00f1o de margen, y si no funcionaba pensaba que siempre podr\u00eda volver a encontrar alg\u00fan trabajo como dise\u00f1adora.<\/p>\n\n\n\n<p>Mis conocimientos en pintura y dibujo los hab\u00eda ido adquiriendo con los a\u00f1os y la pr\u00e1ctica, pero la escultura era algo que no dominaba, aunque siempre me ha fascinado la arquitectura, la luz y las sombras, el interiorismo\u2026 <strong>La escultura para m\u00ed es muy potente, un volumen que ocupa un espacio igual que nuestro propio cuerpo, que convive en el espacio<\/strong>, siempre me fascin\u00f3 pero nunca tuve el tiempo para experimentar ese campo, as\u00ed que hab\u00eda llegado el momento, de esto hace ahora 3 a\u00f1os.<\/p>\n\n\n\n<figure class=\"wp-block-image\"><img decoding=\"async\" src=\"https:\/\/www.monapart.com\/sites\/default\/files\/styles\/scale_960xn_\/public\/mediabrowser\/carlacascales-2_-_carla_cascales_alimbau.jpg?itok=mRyAlG2L\" alt=\"La grandeza del minimalismo: Entrevista a Carla Cascales | Monapart \" title=\"Carla Cascales\"\/><\/figure>\n\n\n\n<h5 class=\"wp-block-heading has-medium-font-size\">\u00bfAlg\u00fan primer recuerdo relacionado con tu trabajo?<\/h5>\n\n\n\n<p>Tengo que explicar aqu\u00ed que mi padre es maquetista de arquitectura, de los tradicionales, que trabajaban todo a mano. De peque\u00f1a, junto a mi hermana, siempre visit\u00e1bamos su estudio y le ayud\u00e1bamos con algunas tareas como construir \u00e1rboles en miniatura para las maquetas. Durante la crisis econ\u00f3mica mi padre tuvo que cerrar su estudio de toda la vida, ya que las nuevas tecnolog\u00edas de visualizaci\u00f3n e impresi\u00f3n 3D hac\u00edan ese mismo trabajo de forma mec\u00e1nica mucho m\u00e1s r\u00e1pido y barato, as\u00ed que fue una profesi\u00f3n que pr\u00e1cticamente se perdi\u00f3. Pero siempre pens\u00e9 que todos sus conocimientos no pod\u00edan perderse, el saber tratar los materiales, tornarlos, trabajarlos con las manos\u2026 As\u00ed que durante el primer a\u00f1o <strong>intent\u00e9 aprender todo lo que pude de mi padre, \u00e9l me ense\u00f1\u00f3 a tallar madera, a usar sus radiales, a soldar metal<\/strong>\u2026 Vi una oportunidad en adquirir todos estos conocimientos y aplicarlos a una nueva disciplina art\u00edstica. Actualmente, 3 a\u00f1os despu\u00e9s, el estudio ha crecido mucho y hago proyectos para todo el mundo. Mi padre es una persona fundamental en el estudio, mi maestro y un gran apoyo y ayuda para sacar adelante todas las esculturas con la mayor calidad posible.<\/p>\n\n\n\n<h5 class=\"wp-block-heading has-medium-font-size\">\u00bfQu\u00e9 es lo que m\u00e1s te satisface de tu trabajo? \u00bfAlguno del que te sientas especialmente orgullosa?<\/h5>\n\n\n\n<p>Lo que m\u00e1s me gusta es la libertad que siento y el mejor trabajo siempre es el siguiente. Ahora mismo estoy preparando una exposici\u00f3n para Arco, tengo muchas ganas de poder ense\u00f1ar las nuevas piezas.<\/p>\n\n\n\n<figure class=\"wp-block-image\"><img decoding=\"async\" src=\"https:\/\/www.monapart.com\/sites\/default\/files\/styles\/scale_960xn_\/public\/mediabrowser\/carlacascales-14_-_carla_cascales_alimbau_copia.jpg?itok=8hhalTfF\" alt=\"La grandeza del minimalismo: Entrevista a Carla Cascales | Monapart \" title=\"Carla Cascales\"\/><\/figure>\n\n\n\n<h5 class=\"wp-block-heading has-medium-font-size\">\u00bfCu\u00e1les son tus fuentes de inspiraci\u00f3n?<\/h5>\n\n\n\n<p>Creo que mi obra es una mezcla de las disciplinas que m\u00e1s me apasionan. Me fascina la arquitectura brutalista (Le Corbusier) y la del Movimiento Moderno (Alvar Aalto, Mies van der Rohe, Tadao Ando); la visi\u00f3n est\u00e9tica del Wabi-Sabi japon\u00e9s; la fuerza del expresionismo abstracto en la pintura (Helen Frankenthaler, Franz Kline); la delicadeza del minimalismo (Agnes Martin, Carl Andre); el dominio de la forma de Brancusi, Hans Arp o Noguchi; el trazo de Matisse; la sensualidad de Georgia O\u2019Keeffe\u2026 y estoy segura de que me dejo a&nbsp;much\u00edsimos.<\/p>\n\n\n\n<h5 class=\"wp-block-heading has-medium-font-size\">Color, libro, peli y disco favoritos. \u00a1Por este orden!<\/h5>\n\n\n\n<p><strong>Color<\/strong>: Azul oc\u00e9ano.<\/p>\n\n\n\n<p><strong>Libro<\/strong>: <em>Las uvas de la ira<\/em>&nbsp;de John Steinbeck [edici\u00f3n en espa\u00f1ol de <a href=\"https:\/\/www.alianzaeditorial.es\/libro\/13-20\/las-uvas-de-la-ira-john-steinbeck-9788491813590\/\" target=\"_blank\" rel=\"noreferrer noopener\">Alianza Editorial<\/a>].<\/p>\n\n\n\n<p><strong>Peli<\/strong>: <em>Canino<\/em>&nbsp;de Yorgos Lanthimos.<\/p>\n\n\n\n<p><strong>Disco<\/strong>: <em>L\u00e1grimas negras<\/em>&nbsp;de Bebo Vald\u00e9s y Diego el Cigala.<\/p>\n\n\n\n<figure class=\"wp-block-embed is-type-rich is-provider-spotify wp-block-embed-spotify wp-embed-aspect-21-9 wp-has-aspect-ratio\"><div class=\"wp-block-embed__wrapper\">\n<iframe title=\"Spotify Embed: L\u00e1grimas Negras\" style=\"border-radius: 12px\" width=\"100%\" height=\"152\" frameborder=\"0\" allowfullscreen allow=\"autoplay; clipboard-write; encrypted-media; fullscreen; picture-in-picture\" loading=\"lazy\" src=\"https:\/\/open.spotify.com\/embed\/track\/3c7m2Kzg1q9iKa4yhKbuea?autoplay=true&#038;utm_source=oembed\"><\/iframe>\n<\/div><\/figure>\n\n\n\n<h5 class=\"wp-block-heading has-medium-font-size\">\u00bfEs tu casa reflejo de qui\u00e9n eres?<\/h5>\n\n\n\n<p>Hace solo un mes que me he mudado de casa, sent\u00ed que necesitaba un cambio y he encontrado un lugar que me encanta. Es un piso peque\u00f1ito pero con unos techos alt\u00edsimos de volta catalana muy bien conservado y dos ventanales preciosos por los que entra el solazo. Soy muy minimalista en la decoraci\u00f3n, igual que con mi obra, me gusta tener pocos muebles pero de calidad, confieso que convivo con algunas cajas de libros todav\u00eda y que no tengo apenas nada en las paredes, pero no tengo prisa, quiero completar el espacio poco a poco con objetos que signifiquen algo de verdad para m\u00ed.<\/p>\n\n\n\n<figure class=\"wp-block-image\"><img decoding=\"async\" src=\"https:\/\/magazine.monapart.com\/sites\/default\/files\/mediabrowser\/7c27c805-7639-44e1-81f1-e0df90fb4cb8_-_carla_cascales_alimbau.jpg\" alt=\"La grandeza del minimalismo: Entrevista a Carla Cascales | Monapart \"\/><\/figure>\n\n\n\n<figure class=\"wp-block-image\"><img decoding=\"async\" src=\"https:\/\/magazine.monapart.com\/sites\/default\/files\/mediabrowser\/8d31d8f3-1794-4943-85c3-71c3512e164f_-_carla_cascales_alimbau.jpg\" alt=\"La grandeza del minimalismo: Entrevista a Carla Cascales | Monapart \"\/><\/figure>\n\n\n\n<h5 class=\"wp-block-heading has-medium-font-size\">Si pudieras comprarte cualquier cosa ahora mismo y llev\u00e1rtela a casa, \u00bfcu\u00e1l ser\u00eda? \u00a1Cualquier cosa!<\/h5>\n\n\n\n<p>Un cuadro de Georgia O\u2019Keeffe para el sal\u00f3n.<\/p>\n\n\n\n<h5 class=\"wp-block-heading has-medium-font-size\">Un planazo en casa siempre incluye\u2026<\/h5>\n\n\n\n<p>Una copa de vino con amigos y pedir algo de comida. O cocinar algo en el horno con mi pareja y ver una buena peli.<\/p>\n\n\n\n<h5 class=\"wp-block-heading has-medium-font-size\">\u00bfTienes alg\u00fan plato estrella?<\/h5>\n\n\n\n<p>De temporada se me ocurren las alcachofas al horno con salm\u00f3n.<\/p>\n\n\n\n<figure class=\"wp-block-image\"><img decoding=\"async\" src=\"https:\/\/magazine.monapart.com\/sites\/default\/files\/mediabrowser\/carlacascales-9_-_carla_cascales_alimbau.jpg\" alt=\"La grandeza del minimalismo: Entrevista a Carla Cascales | Monapart \"\/><\/figure>\n\n\n\n<figure class=\"wp-block-image\"><img decoding=\"async\" src=\"https:\/\/magazine.monapart.com\/sites\/default\/files\/mediabrowser\/carlacascales-tez8_-_carla_cascales_alimbau.jpg\" alt=\"La grandeza del minimalismo: Entrevista a Carla Cascales | Monapart \"\/><\/figure>\n\n\n\n<h5 class=\"wp-block-heading has-medium-font-size\">\u00bfCu\u00e1l es tu lugar favorito en tu ciudad?<\/h5>\n\n\n\n<p>Un lugar por el que me encanta ir a pasear es por los alrededores de la Fundaci\u00f3 Mir\u00f3 en Montju\u00efc, me relaja salir un poco del centro y arquitect\u00f3nicamente me parece muy inspirador.<\/p>\n\n\n\n<h5 class=\"wp-block-heading has-medium-font-size\">Algo que nos quieras contar y que no te hayamos preguntado. \u00a1Habla ahora o calla para siempre!<\/h5>\n\n\n\n<p>Han pasado muchos a\u00f1os desde que trabaj\u00e9 con vosotros, creo que fuisteis de los primeros en apreciar mi trabajo as\u00ed que gracias de coraz\u00f3n, \u00a1me alegro de veros en tantas ciudades!<\/p>\n\n\n\n<figure class=\"wp-block-image\"><img decoding=\"async\" src=\"https:\/\/www.monapart.com\/sites\/default\/files\/styles\/scale_960xn_\/public\/mediabrowser\/carlacascales-tez4_-_carla_cascales_alimbau.jpg?itok=vE4qinCu\" alt=\"La grandeza del minimalismo: Entrevista a Carla Cascales | Monapart \" title=\"Carla Cascales\"\/><\/figure>\n\n\n\n<h3 class=\"wp-block-heading\">Una cosa tenemos clara: nos quedar\u00edamos a vivir para siempre en un espacio lleno de su obra\u2026 porque en \u00e9l habita algo m\u00e1s que belleza. Habita la honestidad de quien crea con las manos, la serenidad del que avanza a su ritmo y la fuerza de una mirada art\u00edstica que convierte lo cotidiano en po\u00e9tico. Carla es de esas personas que transforman los espacios \u2014y tambi\u00e9n a quienes los habitan.<\/h3>\n","protected":false},"excerpt":{"rendered":"<p>Conocimos a Carla all\u00e1 por el 2010, cuando Monapart empezaba a abrir los ojos al mundo. Y nos alegra comprobar que, desde que dej\u00f3 el nido (por aquello de nuestro colibr\u00ed), Carla Cascales ha crecido como profesional hasta convertirse en la artista de renombre que es hoy. Una cosa tenemos clara: nos quedar\u00edamos a vivir para siempre en un espacio lleno de su obra.\u00a0<\/p>\n","protected":false},"author":3,"featured_media":945,"comment_status":"closed","ping_status":"closed","sticky":false,"template":"","format":"standard","meta":{"_acf_changed":false,"footnotes":""},"categories":[2844,2845],"tags":[2881,2868],"class_list":["post-944","post","type-post","status-publish","format-standard","has-post-thumbnail","hentry","category-hogar","category-mi-monapart","tag-mobiliario","tag-arte"],"acf":[],"_links":{"self":[{"href":"https:\/\/www.monapart.com\/magazine\/wp-json\/wp\/v2\/posts\/944","targetHints":{"allow":["GET"]}}],"collection":[{"href":"https:\/\/www.monapart.com\/magazine\/wp-json\/wp\/v2\/posts"}],"about":[{"href":"https:\/\/www.monapart.com\/magazine\/wp-json\/wp\/v2\/types\/post"}],"author":[{"embeddable":true,"href":"https:\/\/www.monapart.com\/magazine\/wp-json\/wp\/v2\/users\/3"}],"replies":[{"embeddable":true,"href":"https:\/\/www.monapart.com\/magazine\/wp-json\/wp\/v2\/comments?post=944"}],"version-history":[{"count":2,"href":"https:\/\/www.monapart.com\/magazine\/wp-json\/wp\/v2\/posts\/944\/revisions"}],"predecessor-version":[{"id":16256,"href":"https:\/\/www.monapart.com\/magazine\/wp-json\/wp\/v2\/posts\/944\/revisions\/16256"}],"wp:featuredmedia":[{"embeddable":true,"href":"https:\/\/www.monapart.com\/magazine\/wp-json\/wp\/v2\/media\/945"}],"wp:attachment":[{"href":"https:\/\/www.monapart.com\/magazine\/wp-json\/wp\/v2\/media?parent=944"}],"wp:term":[{"taxonomy":"category","embeddable":true,"href":"https:\/\/www.monapart.com\/magazine\/wp-json\/wp\/v2\/categories?post=944"},{"taxonomy":"post_tag","embeddable":true,"href":"https:\/\/www.monapart.com\/magazine\/wp-json\/wp\/v2\/tags?post=944"}],"curies":[{"name":"wp","href":"https:\/\/api.w.org\/{rel}","templated":true}]}}