{"id":898,"date":"2019-10-04T12:45:05","date_gmt":"2019-10-04T10:45:05","guid":{"rendered":"https:\/\/www.monapart.com\/magazine\/?p=898"},"modified":"2025-04-15T13:40:56","modified_gmt":"2025-04-15T11:40:56","slug":"estrenamos-espacio-monapart-en-el-alicante-market-design","status":"publish","type":"post","link":"https:\/\/www.monapart.com\/magazine\/noticias\/estrenamos-espacio-monapart-en-el-alicante-market-design","title":{"rendered":"Estrenamos Espacio Monapart en el Alicante Market Design"},"content":{"rendered":"\n<h1 class=\"wp-block-heading\">Estrenamos Espacio Monapart en el Alicante Market Design<\/h1>\n\n\n\n<h2 class=\"wp-block-heading\">Monapart Alicante no falta a su cita con la creatividad\u2026 \u00a1y subimos la apuesta! En esta edici\u00f3n oto\u00f1al del Alicante Market Design, nuestro stand crece: m\u00e1s charlas, m\u00e1s talleres, m\u00e1s invitados\u2026 <\/h2>\n\n\n<div class='post-info'>4 de octubre de 2019 por <a href='https:\/\/www.monapart.com\/magazine\/autor\/monapart'>Monapart<\/a><\/div>\n\n\n\n<p>De viernes 4 a domingo 6 de octubre <a href=\"\/node\/4\">Monapart Alicante<\/a> tiene una cita con la creatividad. En el <a href=\"https:\/\/www.google.com\/maps\/place\/Plaza+S%C3%A9neca\/@38.3407229,-0.4929584,17z\/data=!4m5!3m4!1s0xd62364b9baa2817:0xaf32b29aea60ab19!8m2!3d38.3408491!4d-0.4907107\" target=\"_blank\" rel=\"noreferrer noopener\">Hall Edificio S\u00e9neca<\/a> (Antigua Estaci\u00f3n de Autobuses) vas a poder disfrutar de un fin de semana del mejor dise\u00f1o, conciertos, actividades infantiles, talleres&#8230; \u00a1y la entrada es gratuita!<\/p>\n\n\n\n<p>En esta edici\u00f3n del <a href=\"https:\/\/www.facebook.com\/Mercado-Dise%C3%B1o-Alicante-801800786515333\/\" target=\"_blank\" rel=\"noreferrer noopener\">Alicante Market Design<\/a> adem\u00e1s estrenamos el ESPACIO MONAPART, donde podr\u00e1s disfrutar de talleres de decoraci\u00f3n, orden, feng-shui, dise\u00f1o, tipograf\u00eda, moda&#8230; Porque sabes que somos la inmobiliaria de las #viviendasbonitas y de todo lo que hay dentro de ellas: dise\u00f1o, arte, moda, m\u00fasica&#8230; \u00a1y t\u00fa!<\/p>\n\n\n\n<figure class=\"wp-block-image\"><img decoding=\"async\" src=\"https:\/\/www.monapart.com\/sites\/default\/files\/styles\/scale_960x960_\/public\/mediabrowser\/69471723_2931210166907707_7772630000930390016_n.jpg?itok=dYRQNUE-\" alt=\"Estrenamos Espacio Monapart en el Alicante Market Design | Monapart \"\/><\/figure>\n\n\n\n<p>Desde el viernes por la tarde hasta el domingo por la ma\u00f1ana hemos preparado todas estas actividades en nuestro reci\u00e9n estrenado Espacio Monapart. Contaremos con <a href=\"https:\/\/www.instagram.com\/josecuerda_\/\" target=\"_blank\" rel=\"noreferrer noopener\">Jos\u00e9 Cuerda<\/a>, <a href=\"https:\/\/www.instagram.com\/palomamobaile\/\" target=\"_blank\" rel=\"noreferrer noopener\">Paloma Amo<\/a>, <a href=\"https:\/\/www.instagram.com\/ordenyconcierto\/\" target=\"_blank\" rel=\"noreferrer noopener\">Ana Samper<\/a>, <a href=\"https:\/\/www.instagram.com\/fengshuilarum\/\" target=\"_blank\" rel=\"noreferrer noopener\">Charo Bleda<\/a>, Theo Cano, <a href=\"https:\/\/www.instagram.com\/alma_nuestra\/\" target=\"_blank\" rel=\"noreferrer noopener\">Alma Nuestra<\/a>, Tatiana Art y Ana Marma. Aqu\u00ed tienes la programaci\u00f3n:<\/p>\n\n\n\n<figure class=\"wp-block-image\"><img decoding=\"async\" src=\"https:\/\/www.monapart.com\/sites\/default\/files\/styles\/scale_960x960_\/public\/mediabrowser\/programacion-espacio-monapart.jpg?itok=Jc6hkOF_\" alt=\"Estrenamos Espacio Monapart en el Alicante Market Design | Monapart \"\/><\/figure>\n\n\n\n<p>Alicante Market Design es el evento de referencia para los mejores creativos de la ciudad, con productos de calidad, innovaci\u00f3n y dise\u00f1o. Conciertos en vivo y la mejor m\u00fasica, talleres orientados al aprendizaje e informaci\u00f3n en el sector de la moda. Una zona gastron\u00f3mica completa acompa\u00f1ada de talleres de cocteler\u00eda y otras disciplinas y, por supuesto, actividades para los m\u00e1s peque\u00f1os.<\/p>\n\n\n\n<p>No olvides visitar nuestro Espacio Monapart. \u00a1Estar\u00e1s como en casa!<\/p>\n\n\n\n<p><strong>ACTUALIZACI\u00d3N<\/strong>: Os dejamos unas fotos de nuestra participaci\u00f3n en el Market. \u00a1Hasta la pr\u00f3xima!<\/p>\n\n\n\n<figure class=\"wp-block-image\"><img decoding=\"async\" src=\"https:\/\/www.monapart.com\/sites\/default\/files\/styles\/scale_960x960_\/public\/mediabrowser\/img-20191006-wa0024.jpg?itok=SKvtiMYK\" alt=\"Estrenamos Espacio Monapart en el Alicante Market Design | Monapart \"\/><\/figure>\n\n\n\n<figure class=\"wp-block-image\"><img decoding=\"async\" src=\"https:\/\/www.monapart.com\/sites\/default\/files\/styles\/scale_960x960_\/public\/mediabrowser\/img_20191004_140938.jpg?itok=-6rJF8qM\" alt=\"Estrenamos Espacio Monapart en el Alicante Market Design | Monapart \"\/><\/figure>\n\n\n\n<figure class=\"wp-block-image\"><img decoding=\"async\" src=\"https:\/\/www.monapart.com\/sites\/default\/files\/styles\/scale_960x960_\/public\/mediabrowser\/decoracion_stand_mda_2019.jpg?itok=IOeCGEDH\" alt=\"Estrenamos Espacio Monapart en el Alicante Market Design | Monapart \"\/><\/figure>\n","protected":false},"excerpt":{"rendered":"<p>Monapart Alicante no falta a su cita con la creatividad\u2026 \u00a1y subimos la apuesta! En esta edici\u00f3n oto\u00f1al del Alicante Market Design, nuestro stand crece: m\u00e1s charlas, m\u00e1s talleres, m\u00e1s invitados\u2026 <\/p>\n","protected":false},"author":3,"featured_media":899,"comment_status":"closed","ping_status":"closed","sticky":false,"template":"","format":"standard","meta":{"_acf_changed":false,"footnotes":""},"categories":[2852,2854],"tags":[2950],"class_list":["post-898","post","type-post","status-publish","format-standard","has-post-thumbnail","hentry","category-noticias","category-actualidad","tag-alicante"],"acf":[],"_links":{"self":[{"href":"https:\/\/www.monapart.com\/magazine\/wp-json\/wp\/v2\/posts\/898","targetHints":{"allow":["GET"]}}],"collection":[{"href":"https:\/\/www.monapart.com\/magazine\/wp-json\/wp\/v2\/posts"}],"about":[{"href":"https:\/\/www.monapart.com\/magazine\/wp-json\/wp\/v2\/types\/post"}],"author":[{"embeddable":true,"href":"https:\/\/www.monapart.com\/magazine\/wp-json\/wp\/v2\/users\/3"}],"replies":[{"embeddable":true,"href":"https:\/\/www.monapart.com\/magazine\/wp-json\/wp\/v2\/comments?post=898"}],"version-history":[{"count":3,"href":"https:\/\/www.monapart.com\/magazine\/wp-json\/wp\/v2\/posts\/898\/revisions"}],"predecessor-version":[{"id":16309,"href":"https:\/\/www.monapart.com\/magazine\/wp-json\/wp\/v2\/posts\/898\/revisions\/16309"}],"wp:featuredmedia":[{"embeddable":true,"href":"https:\/\/www.monapart.com\/magazine\/wp-json\/wp\/v2\/media\/899"}],"wp:attachment":[{"href":"https:\/\/www.monapart.com\/magazine\/wp-json\/wp\/v2\/media?parent=898"}],"wp:term":[{"taxonomy":"category","embeddable":true,"href":"https:\/\/www.monapart.com\/magazine\/wp-json\/wp\/v2\/categories?post=898"},{"taxonomy":"post_tag","embeddable":true,"href":"https:\/\/www.monapart.com\/magazine\/wp-json\/wp\/v2\/tags?post=898"}],"curies":[{"name":"wp","href":"https:\/\/api.w.org\/{rel}","templated":true}]}}