{"id":884,"date":"2019-07-09T11:14:39","date_gmt":"2019-07-09T09:14:39","guid":{"rendered":"https:\/\/www.monapart.com\/magazine\/?p=884"},"modified":"2025-06-20T16:41:36","modified_gmt":"2025-06-20T14:41:36","slug":"un-sueno-de-casa-en-alicante","status":"publish","type":"post","link":"https:\/\/www.monapart.com\/magazine\/hogar\/un-sueno-de-casa-en-alicante","title":{"rendered":"Un sue\u00f1o de casa en Alicante"},"content":{"rendered":"\n<h1 class=\"wp-block-heading\">Un sue\u00f1o de casa en Alicante<\/h1>\n\n\n\n<h2 class=\"wp-block-heading\">Los sue\u00f1os a veces se hacen realidad pero no son f\u00e1ciles de conseguir ya que se necesita tiempo, esfuerzo y constancia. <\/h2>\n\n\n<div class='post-info'>9 de julio de 2019 por <a href='https:\/\/www.monapart.com\/magazine\/autor\/monapart'>Monapart<\/a><\/div>\n\n\n\n<p><br><\/p>\n\n\n\n<blockquote class=\"wp-block-quote alignright is-layout-flow wp-block-quote-is-layout-flow\">\n<p>\u00abVivienda + reforma + decoraci\u00f3n = Mi sue\u00f1o hecho realidad\u00bb<\/p>\n<\/blockquote>\n\n\n\n<p>De ra\u00edces francesas y espa\u00f1olas, Val\u00e9rie siempre ha vivido en Paris pero hace diez a\u00f1os se mud\u00f3 junto a su familia a Bruselas porque \u201call\u00ed la vida es m\u00e1s tranquila\u201d, asegura. Se dedic\u00f3 durante 20 a\u00f1os al mundo de la m\u00fasica y al final de su carrera decidi\u00f3 dar un giro y estudiar dise\u00f1o de interiores.<\/p>\n\n\n\n<p>Ella y su marido, tomaron la decisi\u00f3n de comprar una segunda residencia en Espa\u00f1a porque, viviendo en Bruselas, le faltaba su mitad espa\u00f1ola y, entre risas, me confiesa que \u201ccuanto m\u00e1s viejo te haces, m\u00e1s sol necesitas\u201d y en Bruselas \u201cbrilla por su ausencia&#8230;\u201d. Se decidieron por Alicante porque su padre era valenciano y, como hay vuelo directo Alicante-Bruselas, en tan s\u00f3lo en dos horas y media llegan aqu\u00ed. Adem\u00e1s les encanta la comida alicantina, el Mercado Central, el sol y el mar.<\/p>\n\n\n\n<p>Ten\u00edan muy clara la lista de imprescindibles para su nuevo hogar: techos altos, terraza, en el casco antiguo o zona del Mercado Central y, a poder ser, con vistas al mar. Despu\u00e9s de un a\u00f1o buscando y 70 visitas infructuosas estuvo a punto de tirar la toalla\u2026 pero de repente apareci\u00f3 algo que lo cambi\u00f3 todo:<\/p>\n\n\n\n<p><strong><a href=\"https:\/\/www.monapart.com\/es\/viviendas-alicante\/atico-duplex-con-terraza-en-poeta-campos-vasallos\" target=\"_blank\" rel=\"noreferrer noopener\">\u00c1tico d\u00faplex con terraza en Poeta Campos Vasallos<\/a><\/strong><\/p>\n\n\n\n<p>R\u00e1pidamente habl\u00f3 con nuestro compa\u00f1ero V\u00edctor, sac\u00f3 un billete de avi\u00f3n para el d\u00eda siguiente y visit\u00f3 la vivienda ya que no quer\u00eda perderla. Durante la visita pens\u00f3 que la vivienda ten\u00eda mucho trabajo por hacer para adecuarla a su idea pero supo ver el potencial que hab\u00eda en ella. Lo tuvo tan claro que la compr\u00f3 sin que la viera el resto de su familia, \u00a1toda una valiente!<\/p>\n\n\n\n<blockquote class=\"wp-block-quote alignright is-layout-flow wp-block-quote-is-layout-flow\">\n<p>\u201cFue un momento muy estresante&#8230; pero gracias a Monapart Alicante la transacci\u00f3n fue ideal.\u201d<\/p>\n<\/blockquote>\n\n\n\n<p>Despu\u00e9s de resolver la primera parte de la ecuaci\u00f3n, empez\u00f3 con la segunda: la decoraci\u00f3n la ten\u00eda muy clara, quer\u00eda algo muy sencillo donde predominara el blanco para realzar la luminosidad de la vivienda, un par de obras de arte de su marido <a href=\"http:\/\/www.yanngmguitton.com\/\" target=\"_blank\" rel=\"noreferrer noopener\">Yann Guitton<\/a>, mobiliario industrial y un juego de terraza estilo vintage de mimbre que compr\u00f3 en Elche.<\/p>\n\n\n\n<p>Para la reforma cont\u00f3 con la ayuda, para la ejecuci\u00f3n y direcci\u00f3n de obra, del arquitecto t\u00e9cnico <a href=\"http:\/\/www.acontracorriente.es\/\" target=\"_blank\" rel=\"noreferrer noopener\">Javier P\u00e9rez Nav\u00edo<\/a>: hicieron todo el aislamiento de la vivienda (paredes y techo), cambiaron toda la carpinter\u00eda exterior e incluyeron unas claraboya en el techo, cambiaron toda la instalaci\u00f3n el\u00e9ctrica, instalaron aire acondicionado en toda la vivienda e hicieron una reforma integral en ba\u00f1os y cocina. Tres meses m\u00e1s tarde y con un presupuesto total de 70.000\u20ac consiguieron hacer su sue\u00f1o, realidad. A continuaci\u00f3n, alucina con las fotos del antes y despu\u00e9s de la reforma:<\/p>\n\n\n\n<figure class=\"wp-block-image\"><img decoding=\"async\" src=\"https:\/\/www.monapart.com\/sites\/default\/files\/styles\/scale_960x960_\/public\/mediabrowser\/0-antes-atico_duplex-venta-calle_poeta-campos-vasallos_mercado-alicante.jpg?itok=qEjXMiGs\" alt=\"Un sue\u00f1o de casa en Alicante | Monapart \"\/><\/figure>\n\n\n\n<figure class=\"wp-block-image\"><img decoding=\"async\" src=\"https:\/\/www.monapart.com\/sites\/default\/files\/styles\/scale_960x960_\/public\/mediabrowser\/01-despues-atico_duplex-venta-calle_poeta-campos-vasallos_mercado-alicante.jpg?itok=GbDqoSVH\" alt=\"Un sue\u00f1o de casa en Alicante | Monapart \"\/><\/figure>\n\n\n\n<figure class=\"wp-block-image\"><img decoding=\"async\" src=\"https:\/\/www.monapart.com\/sites\/default\/files\/styles\/scale_960x960_\/public\/mediabrowser\/8-antes-atico_duplex-venta-calle_poeta-campos-vasallos_mercado-alicante.jpg?itok=K60lT8kJ\" alt=\"Un sue\u00f1o de casa en Alicante | Monapart \"\/><\/figure>\n\n\n\n<figure class=\"wp-block-image\"><img decoding=\"async\" src=\"https:\/\/www.monapart.com\/sites\/default\/files\/styles\/scale_960x960_\/public\/mediabrowser\/09-despues-atico_duplex-venta-calle_poeta-campos-vasallos_mercado-alicante.jpg?itok=NGk8Pprb\" alt=\"Un sue\u00f1o de casa en Alicante | Monapart \"\/><\/figure>\n\n\n\n<figure class=\"wp-block-image\"><img decoding=\"async\" src=\"https:\/\/www.monapart.com\/sites\/default\/files\/styles\/scale_960x960_\/public\/mediabrowser\/12-antes-atico_duplex-venta-calle_poeta-campos-vasallos_mercado-alicante.jpg?itok=t30I_sL-\" alt=\"Un sue\u00f1o de casa en Alicante | Monapart \"\/><\/figure>\n\n\n\n<figure class=\"wp-block-image\"><img decoding=\"async\" src=\"https:\/\/www.monapart.com\/sites\/default\/files\/styles\/scale_960x960_\/public\/mediabrowser\/13-despues-atico_duplex-venta-calle_poeta-campos-vasallos_mercado-alicante.jpg?itok=wZfd-gj2\" alt=\"Un sue\u00f1o de casa en Alicante | Monapart \"\/><\/figure>\n\n\n\n<figure class=\"wp-block-image\"><img decoding=\"async\" src=\"https:\/\/www.monapart.com\/sites\/default\/files\/styles\/scale_960x960_\/public\/mediabrowser\/14-antes-atico_duplex-venta-calle_poeta-campos-vasallos_mercado-alicante.jpg?itok=miadfMSH\" alt=\"Un sue\u00f1o de casa en Alicante | Monapart \"\/><\/figure>\n\n\n\n<figure class=\"wp-block-image\"><img decoding=\"async\" src=\"https:\/\/www.monapart.com\/sites\/default\/files\/styles\/scale_960x960_\/public\/mediabrowser\/15-despues-atico_duplex-venta-calle_poeta-campos-vasallos_mercado-alicante.jpg?itok=2MTXa6GS\" alt=\"Un sue\u00f1o de casa en Alicante | Monapart \"\/><\/figure>\n\n\n\n<figure class=\"wp-block-image\"><img decoding=\"async\" src=\"https:\/\/www.monapart.com\/sites\/default\/files\/styles\/scale_960x960_\/public\/mediabrowser\/16-antes-atico_duplex-venta-calle_poeta-campos-vasallos_mercado-alicante.jpg?itok=iar8JMZR\" alt=\"Un sue\u00f1o de casa en Alicante | Monapart \"\/><\/figure>\n\n\n\n<figure class=\"wp-block-image\"><img decoding=\"async\" src=\"https:\/\/www.monapart.com\/sites\/default\/files\/styles\/scale_960x960_\/public\/mediabrowser\/17-despues-atico_duplex-venta-calle_poeta-campos-vasallos_mercado-alicante.jpg?itok=vMNgQNoQ\" alt=\"Un sue\u00f1o de casa en Alicante | Monapart \"\/><\/figure>\n\n\n\n<p>La parte que m\u00e1s le gusta de su casa es la terraza, donde pasan la mayor parte del tiempo. Para ellos, como dice Val\u00e9rie, \u201ces como vivir en el cielo\u201d.<\/p>\n\n\n\n<blockquote class=\"wp-block-quote alignright is-layout-flow wp-block-quote-is-layout-flow\">\n<p>\u201cNo tenemos vistas al mar, pero mirar a los tejados es como mirar un cuadro de Georges Braque.\u201d<\/p>\n<\/blockquote>\n","protected":false},"excerpt":{"rendered":"<p>En Monapart Alicante sabemos que los sue\u00f1os a veces se hacen realidad pero no son f\u00e1ciles de conseguir ya que se necesita tiempo, esfuerzo y constancia. Para materializarlo, \u00e9sta es la f\u00f3rmula que ha utilizado Val\u00e9rie Escanez, la protagonista de esta cuidada reforma y decoraci\u00f3n:<\/p>\n","protected":false},"author":3,"featured_media":885,"comment_status":"closed","ping_status":"closed","sticky":false,"template":"","format":"standard","meta":{"_acf_changed":false,"footnotes":""},"categories":[2844,2846],"tags":[2950,2927],"class_list":["post-884","post","type-post","status-publish","format-standard","has-post-thumbnail","hentry","category-hogar","category-espacios-y-vida","tag-alicante","tag-reformas"],"acf":[],"_links":{"self":[{"href":"https:\/\/www.monapart.com\/magazine\/wp-json\/wp\/v2\/posts\/884","targetHints":{"allow":["GET"]}}],"collection":[{"href":"https:\/\/www.monapart.com\/magazine\/wp-json\/wp\/v2\/posts"}],"about":[{"href":"https:\/\/www.monapart.com\/magazine\/wp-json\/wp\/v2\/types\/post"}],"author":[{"embeddable":true,"href":"https:\/\/www.monapart.com\/magazine\/wp-json\/wp\/v2\/users\/3"}],"replies":[{"embeddable":true,"href":"https:\/\/www.monapart.com\/magazine\/wp-json\/wp\/v2\/comments?post=884"}],"version-history":[{"count":2,"href":"https:\/\/www.monapart.com\/magazine\/wp-json\/wp\/v2\/posts\/884\/revisions"}],"predecessor-version":[{"id":16327,"href":"https:\/\/www.monapart.com\/magazine\/wp-json\/wp\/v2\/posts\/884\/revisions\/16327"}],"wp:featuredmedia":[{"embeddable":true,"href":"https:\/\/www.monapart.com\/magazine\/wp-json\/wp\/v2\/media\/885"}],"wp:attachment":[{"href":"https:\/\/www.monapart.com\/magazine\/wp-json\/wp\/v2\/media?parent=884"}],"wp:term":[{"taxonomy":"category","embeddable":true,"href":"https:\/\/www.monapart.com\/magazine\/wp-json\/wp\/v2\/categories?post=884"},{"taxonomy":"post_tag","embeddable":true,"href":"https:\/\/www.monapart.com\/magazine\/wp-json\/wp\/v2\/tags?post=884"}],"curies":[{"name":"wp","href":"https:\/\/api.w.org\/{rel}","templated":true}]}}