{"id":860,"date":"2019-04-15T16:48:37","date_gmt":"2019-04-15T14:48:37","guid":{"rendered":"https:\/\/www.monapart.com\/magazine\/?p=860"},"modified":"2025-04-17T09:55:04","modified_gmt":"2025-04-17T07:55:04","slug":"monapart-alicante-y-su-primer-monaparteando","status":"publish","type":"post","link":"https:\/\/www.monapart.com\/magazine\/noticias\/monapart-alicante-y-su-primer-monaparteando","title":{"rendered":"Monapart Alicante y su primer #Monaparteando"},"content":{"rendered":"\n<h1 class=\"wp-block-heading\">Monapart Alicante y su primer #Monaparteando<\/h1>\n\n\n\n<h2 class=\"wp-block-heading\">En Monapart Alicante estamos de enhorabuena. Arranca un nuevo evento para hablar sobre nuestro tema favorito del mundo mundial: \u00a1las #viviendasbonitas! Abr\u00f3chense los cinturones, que arranca #monaparteando.<\/h2>\n\n\n<div class='post-info'>15 de abril de 2019 por <a href='https:\/\/www.monapart.com\/magazine\/autor\/monapart'>Monapart<\/a><\/div>\n\n\n\n<p>El pasado 4 de abril <a href=\"\/node\/4\" target=\"_blank\" rel=\"noreferrer noopener\">Monapart Alicante<\/a> organiz\u00f3 la primera edici\u00f3n de #Monaparteando, un evento que nace con la vocaci\u00f3n de servir de altavoz de aquellos temas que son tendencia en torno a lo que m\u00e1s nos gusta, las #viviendasbonitas y lo que las hace especiales.<\/p>\n\n\n\n<p>El escenario elegido fue la escuela de gastronom\u00eda <a href=\"http:\/\/hestialucentum.com\/\" target=\"_blank\" rel=\"noreferrer noopener\">Hestia Lucentum<\/a>, ubicada junto al&nbsp;<a href=\"http:\/\/www.maca-alicante.es\/\" target=\"_blank\" rel=\"noreferrer noopener\">Museo de Arte Contempor\u00e1neo de Alicante<\/a>&nbsp;y la bas\u00edlica de Santa Mar\u00eda, proporcion\u00f3 un espacio muy acogedor y lleno de buenas sensaciones, ideal para nuestro encuentro.&nbsp;En esta ocasi\u00f3n contamos con la participaci\u00f3n de <a href=\"http:\/\/www.larumfengshui.com\/about.php\" target=\"_blank\" rel=\"noreferrer noopener\">Charo Bleda<\/a>, <a href=\"https:\/\/palomabaile.wixsite.com\/palomaamointeriores\" target=\"_blank\" rel=\"noreferrer noopener\">Paloma Amo<\/a> y <a href=\"https:\/\/ordenyconcierto.es\/\" target=\"_blank\" rel=\"noreferrer noopener\">Ana Samper<\/a>, tres ponentes de reconocida trayectoria en Alicante y gran popularidad en las redes sociales que nos ayudaron a entender c\u00f3mo la decoraci\u00f3n y el orden de nuestro hogar nos pueden ayudar a vivir mejor.<\/p>\n\n\n\n<p>Con Paloma ya nos hab\u00edamos ido <a href=\"\/node\/1592\" target=\"_blank\" rel=\"noreferrer noopener\">de tiendas por Alicante<\/a>, y a Ana ya nos hab\u00eda dado algunos consejos para mantener el <a href=\"\/node\/1714\" target=\"_blank\" rel=\"noreferrer noopener\">orden y el concierto en las mudanzas<\/a>.&nbsp;<\/p>\n\n\n\n<figure class=\"wp-block-image\"><img decoding=\"async\" src=\"https:\/\/www.monapart.com\/sites\/default\/files\/styles\/scale_960x960_\/public\/mediabrowser\/01-monaparteando-alicante-paloma-amo_charo-bleda_ana-samper.jpg?itok=7NOBoP5q\" alt=\"Monapart Alicante y su primer #Monaparteando | Monapart \"\/><\/figure>\n\n\n\n<p><a href=\"http:\/\/www.larumfengshui.com\/about.php\" target=\"_blank\" rel=\"noreferrer noopener\">Charo Bleda (Larum)<\/a>, que abri\u00f3 las ponencias, es consultora profesional de feng shui desde el a\u00f1o 2009. Nos cont\u00f3 qu\u00e9 es el feng shui, tambi\u00e9n denominado <em>acupuntura del espacio<\/em>&nbsp;y sus beneficios como herramienta que te permite analizar el espacio donde est\u00e1s viviendo, armonizarlo, hacerlo m\u00e1s compatible contigo mismo, encontrar el lugar m\u00e1s id\u00f3neo para vivir, influir en tu estado de salud o en tus relaciones con los dem\u00e1s, entre otras muchas cuestiones.<\/p>\n\n\n\n<figure class=\"wp-block-image\"><img decoding=\"async\" src=\"https:\/\/www.monapart.com\/sites\/default\/files\/styles\/scale_960x960_\/public\/mediabrowser\/02-monaparteando-alicante-paloma-amo_charo-bleda_ana-samper.jpg?itok=Og8dg6ob\" alt=\"Monapart Alicante y su primer #Monaparteando | Monapart \"\/><\/figure>\n\n\n\n<p>Despu\u00e9s fue el turno de <a href=\"https:\/\/palomabaile.wixsite.com\/palomaamointeriores\" target=\"_blank\" rel=\"noreferrer noopener\">Paloma Amo<\/a> (Interiorismo y Reformas), que con una larga trayectoria como decoradora de interiores, <em>blogger <\/em>de moda y&nbsp;<em>community manager<\/em>&nbsp;(mira su perfil en Instagram <a href=\"https:\/\/www.instagram.com\/palomaamointeriorismo\/\" target=\"_blank\" rel=\"noreferrer noopener\">@palomaamointeriorismo<\/a>) especializada en temas de moda y decoraci\u00f3n, nos expuso su visi\u00f3n sobre la decoraci\u00f3n emocional y c\u00f3mo esta nos puede ayudar a&nbsp;convertir una casa en un aut\u00e9ntico hogar. En definitiva, crear una vivienda acorde con tu propio interior y que te ayude a vivir m\u00e1s plenamente tus emociones.<\/p>\n\n\n\n<figure class=\"wp-block-image\"><img decoding=\"async\" src=\"https:\/\/www.monapart.com\/sites\/default\/files\/styles\/scale_960x960_\/public\/mediabrowser\/03-monaparteando-alicante-paloma-amo_charo-bleda_ana-samper.jpg?itok=M0il9isJ\" alt=\"Monapart Alicante y su primer #Monaparteando | Monapart \"\/><\/figure>\n\n\n\n<p>Cerr\u00f3 las intervenciones <a href=\"http:\/\/ordenyconcierto.es\/\" target=\"_blank\" rel=\"noreferrer noopener\">Ana Samper<\/a> (Orden y Concierto), organizadora profesional desde el a\u00f1o 2013, pionera de esta profesi\u00f3n en Alicante y una de las primeras en Espa\u00f1a. Hablando de su m\u00e9todo \u00abSin miedo al orden\u00bb donde aborda la importancia que el orden tiene para nuestro bienestar y mantener a raya nuestro nivel de estr\u00e9s en una sociedad donde el&nbsp;ritmo de vida que llevamos, la falta de tiempo, la tendencia a la acumulaci\u00f3n fomentada por el consumismo y la escasez de espacio nos dificulta llevar una correcta gesti\u00f3n del orden&nbsp;en nuestro entorno, algo que no siempre es f\u00e1cil ni posible.<\/p>\n\n\n\n<p>Y para terminar, c\u00f3ctel en la compa\u00f1\u00eda de muchos amigos y de nuevos monaparters que hicieron de este evento un \u00e9xito total.<\/p>\n\n\n\n<figure class=\"wp-block-image\"><img decoding=\"async\" src=\"https:\/\/www.monapart.com\/sites\/default\/files\/styles\/scale_960x960_\/public\/mediabrowser\/04-monaparteando-alicante-paloma-amo_charo-bleda_ana-samper_0.jpg?itok=X84dMqyy\" alt=\"Monapart Alicante y su primer #Monaparteando | Monapart \"\/><\/figure>\n\n\n\n<p>Aqu\u00ed te dejamos con el v\u00eddeo resumen de lo que fue. \u00a1Gracias a todos y hasta el pr\u00f3ximo #monaparteando!<\/p>\n\n\n\n<figure class=\"wp-block-embed is-type-video is-provider-youtube wp-block-embed-youtube wp-embed-aspect-16-9 wp-has-aspect-ratio\"><div class=\"wp-block-embed__wrapper\">\n<iframe loading=\"lazy\" title=\"Monapart Alicante y su primer #Monaparteando\" width=\"500\" height=\"281\" src=\"https:\/\/www.youtube.com\/embed\/6X1rAJdj-Rw?feature=oembed\" frameborder=\"0\" allow=\"accelerometer; autoplay; clipboard-write; encrypted-media; gyroscope; picture-in-picture; web-share\" referrerpolicy=\"strict-origin-when-cross-origin\" allowfullscreen><\/iframe>\n<\/div><\/figure>\n","protected":false},"excerpt":{"rendered":"<p>En Monapart Alicante estamos de enhorabuena. Arranca un nuevo evento para hablar sobre nuestro tema favorito del mundo mundial: \u00a1las #viviendasbonitas! Abr\u00f3chense los cinturones, que arranca #monaparteando.<\/p>\n","protected":false},"author":3,"featured_media":861,"comment_status":"closed","ping_status":"closed","sticky":false,"template":"","format":"standard","meta":{"_acf_changed":false,"footnotes":""},"categories":[2852,2854],"tags":[2950],"class_list":["post-860","post","type-post","status-publish","format-standard","has-post-thumbnail","hentry","category-noticias","category-actualidad","tag-alicante"],"acf":[],"_links":{"self":[{"href":"https:\/\/www.monapart.com\/magazine\/wp-json\/wp\/v2\/posts\/860","targetHints":{"allow":["GET"]}}],"collection":[{"href":"https:\/\/www.monapart.com\/magazine\/wp-json\/wp\/v2\/posts"}],"about":[{"href":"https:\/\/www.monapart.com\/magazine\/wp-json\/wp\/v2\/types\/post"}],"author":[{"embeddable":true,"href":"https:\/\/www.monapart.com\/magazine\/wp-json\/wp\/v2\/users\/3"}],"replies":[{"embeddable":true,"href":"https:\/\/www.monapart.com\/magazine\/wp-json\/wp\/v2\/comments?post=860"}],"version-history":[{"count":2,"href":"https:\/\/www.monapart.com\/magazine\/wp-json\/wp\/v2\/posts\/860\/revisions"}],"predecessor-version":[{"id":16357,"href":"https:\/\/www.monapart.com\/magazine\/wp-json\/wp\/v2\/posts\/860\/revisions\/16357"}],"wp:featuredmedia":[{"embeddable":true,"href":"https:\/\/www.monapart.com\/magazine\/wp-json\/wp\/v2\/media\/861"}],"wp:attachment":[{"href":"https:\/\/www.monapart.com\/magazine\/wp-json\/wp\/v2\/media?parent=860"}],"wp:term":[{"taxonomy":"category","embeddable":true,"href":"https:\/\/www.monapart.com\/magazine\/wp-json\/wp\/v2\/categories?post=860"},{"taxonomy":"post_tag","embeddable":true,"href":"https:\/\/www.monapart.com\/magazine\/wp-json\/wp\/v2\/tags?post=860"}],"curies":[{"name":"wp","href":"https:\/\/api.w.org\/{rel}","templated":true}]}}