{"id":804,"date":"2018-10-15T13:22:16","date_gmt":"2018-10-15T11:22:16","guid":{"rendered":"https:\/\/www.monapart.com\/magazine\/?p=804"},"modified":"2025-05-07T16:01:16","modified_gmt":"2025-05-07T14:01:16","slug":"entrevista-a-jaime-de-pablo-romero-estudio-interiorismo-ynot","status":"publish","type":"post","link":"https:\/\/www.monapart.com\/magazine\/hogar\/entrevista-a-jaime-de-pablo-romero-estudio-interiorismo-ynot","title":{"rendered":"Entrevista a Jaime de Pablo-Romero (Estudio interiorismo Ynot)"},"content":{"rendered":"\n<h1 class=\"wp-block-heading\">Entrevista a Jaime de Pablo-Romero (Estudio interiorismo Ynot)<\/h1>\n\n\n\n<h2 class=\"wp-block-heading\">Un interiorista que rompe moldes desde una casa se\u00f1orial frente al Retiro.<\/h2>\n\n\n<div class='post-info'>15 de octubre de 2018 por <a href='https:\/\/www.monapart.com\/magazine\/autor\/monapart'>Monapart<\/a><\/div>\n\n\n\n<h3 class=\"wp-block-heading\">Un piso en una casa se\u00f1orial de principios de siglo del arquitecto Francisco Garc\u00eda Nava, en un claro estilo neobarroco franc\u00e9s, con algunos bellos detalles modernistas, predispone bastante sobre lo que piensas que te vas a encontrar. En esta entrevista de <a href=\"\/node\/1252\">Monapart Madrid<\/a> a Jaime de Pablo-Romero lo confirmamos.<\/h3>\n\n\n\n<p>Recuerdo que la primera vez que visit\u00e9 a Jaime de Pablo-Romero en su estudio de interiorismo&nbsp;<a href=\"https:\/\/www.ynot.es\/\" target=\"_blank\" rel=\"noreferrer noopener\">Ynot<\/a>, en la calle Alfonso XII frente al Retiro, todas mis concepciones previas sobre c\u00f3mo ser\u00eda se quedaron derrumbadas en el umbral de su puerta.<\/p>\n\n\n\n<p>La amplitud del sal\u00f3n de la entrada te sorprende nada m\u00e1s cruzar la s\u00f3lida puerta de acceso, probablemente original por su conservada elegancia pese a su transformaci\u00f3n, y a los m\u00e1gicos \u00e1rboles azules incorporados que acrecientan la altura del espacio. Tras esa rotura total del esquema de una vivienda burguesa de principios de siglo encuentras unos hermosos salones con miradores a los jardines del Retiro que se abren al principal de entrada creando una acogedora sala de exposiciones o de trabajo.<\/p>\n\n\n\n<figure class=\"wp-block-image\"><img decoding=\"async\" src=\"https:\/\/www.monapart.com\/sites\/default\/files\/styles\/scale_960x960_\/public\/mediabrowser\/01-jaime-de-pablo-romero-ynot.jpg?itok=4yPVyb3U\" alt=\"Entrevista a Jaime de Pablo-Romero (Estudio interiorismo Ynot) | Monapart \"\/><\/figure>\n\n\n\n<p>Y as\u00ed es su dise\u00f1ador. Su trabajo no te sorprender\u00eda si conoces el nombre de su estudio y has hablado un rato con \u00e9l porque en ese <em>\u201cWhy not?\u201d<\/em> se encierra la inteligencia de sus dise\u00f1os que nunca descartan lo que su creatividad le sugiere y siempre arriesgan conociendo qu\u00e9 vale la pena. Y efectivamente lo vale.<\/p>\n\n\n\n<p>Espero que mediante este coloquio que produce unos zoom de acercamiento y alejamiento hasta entrar en el centro de su <strong>Ynot,<\/strong> le conozc\u00e1is mejor.<\/p>\n\n\n\n<h5 class=\"wp-block-heading has-medium-font-size\"><strong>Pregunta:&nbsp;\u00bfArquitecto? \u00bfInteriorista? \u00bfDecorador de interiores?<\/strong><\/h5>\n\n\n\n<p>Respuesta: Dise\u00f1o de interiores es quiz\u00e1s la que m\u00e1s se aproxima a mi profesi\u00f3n, pero realmente es dif\u00edcil, con un apellido, recoger todos los servicios que prestamos desde Ynot.<\/p>\n\n\n\n<h5 class=\"wp-block-heading has-medium-font-size\"><strong>\u00bfPor qu\u00e9 alguien decide que quiere ser interiorista?<\/strong><\/h5>\n\n\n\n<p>Imagino que cada uno tendr\u00e1 su raz\u00f3n. A m\u00ed en concreto, me motiva aportar valor a\u00f1adido a las vidas de las personas. Mejorar su d\u00eda a d\u00eda.<\/p>\n\n\n\n<h5 class=\"wp-block-heading has-medium-font-size\"><strong>\u00bfPor qu\u00e9 decidiste montar tu estudio en esta vivienda tan cerca de El Retiro?<\/strong><\/h5>\n\n\n\n<p>Porque el ser humano se mueve por la belleza y las emociones y creo que este espacio reun\u00eda factores para poder generar esas sensaciones que busco provocar en mis clientes.<\/p>\n\n\n\n<figure class=\"wp-block-image\"><img decoding=\"async\" src=\"https:\/\/www.monapart.com\/sites\/default\/files\/styles\/scale_960x960_\/public\/mediabrowser\/02-jaime-de-pablo-romero-ynot.jpg?itok=toSpRHxo\" alt=\"Entrevista a Jaime de Pablo-Romero (Estudio interiorismo Ynot) | Monapart \"\/><\/figure>\n\n\n\n<h5 class=\"wp-block-heading has-medium-font-size\"><strong>\u00bfCu\u00e1les son los aspectos de una vivienda que m\u00e1s te interesan?<\/strong><\/h5>\n\n\n\n<p>Todos tienen una importancia crucial e influencian a la hora de hacer un proyecto. Situaci\u00f3n, superficie, arquitectura del edificio, acabados originales, luminosidad\u2026 Volvemos al tema de las sensaciones, cuando visito la vivienda de un cliente intento absorber la m\u00e1xima informaci\u00f3n que la vivienda me aporta tal y como est\u00e1 para despu\u00e9s, combinado con las necesidades, podamos desarrollar un proyecto \u00fanico.<\/p>\n\n\n\n<h5 class=\"wp-block-heading has-medium-font-size\"><strong>\u00bfTu proyecto debe ser un fiel reflejo de tu personalidad, de la de los propietarios o debe ser algo abierto?<\/strong><\/h5>\n\n\n\n<p>Desde luego tiene que ser la casa de los propietarios, no la m\u00eda, por lo que es importante que seamos capaces de captar la personalidad de nuestros clientes para poder plasmarla en su casa.<\/p>\n\n\n\n<h5 class=\"wp-block-heading has-medium-font-size\"><strong>\u00bfCrees que las casas tienen un \u201calma\u201d, algo que debe condicionar tu respuesta?<\/strong><\/h5>\n\n\n\n<p>Por supuesto. Hay que saber escuchar lo que una vivienda tiene que decirte antes de empezar a proyectar. Ya en su d\u00eda alguien dedic\u00f3 su esfuerzo a proyectar esa vivienda, ahora no tendremos acceso a ellos pero la casa nos puede contar muchas cosas.<\/p>\n\n\n\n<h5 class=\"wp-block-heading has-medium-font-size\"><strong>Arquitectura y decoraci\u00f3n son conceptos distintos. \u00bfQu\u00e9 les diferencia?<\/strong><\/h5>\n\n\n\n<p>Todo, aunque para m\u00ed son complementos indispensables para una sensaci\u00f3n \u00f3ptima de bienestar.<strong>&nbsp;Con la arquitectura generas los espacios y vol\u00famenes, incluso puedes hacer que una estancia sea m\u00e1s acogedora o menos. Con la decoraci\u00f3n haces que sea habitable o inhabitable.<\/strong><\/p>\n\n\n\n<figure class=\"wp-block-image\"><img decoding=\"async\" src=\"https:\/\/www.monapart.com\/sites\/default\/files\/styles\/scale_960x960_\/public\/mediabrowser\/03-jaime-de-pablo-romero-ynot.jpg?itok=FvnGiPML\" alt=\"Entrevista a Jaime de Pablo-Romero (Estudio interiorismo Ynot) | Monapart \"\/><\/figure>\n\n\n\n<h5 class=\"wp-block-heading has-medium-font-size\"><strong>\u00bfCu\u00e1l es el estilo arquitect\u00f3nico que m\u00e1s te conmueve?<\/strong><\/h5>\n\n\n\n<p>Siempre me ha fascinado el Brutalismo (Le Corbusier, Eero Saarinen y m\u00e1s recientemente Javier S\u00e1enz de O\u00edza).<\/p>\n\n\n\n<h5 class=\"wp-block-heading has-medium-font-size\"><strong>\u00bfPor qu\u00e9 \u201cporqu\u00e9 no\u201d? \u00bfPor qu\u00e9 \u201cYnot\u201d?<\/strong><\/h5>\n\n\n\n<p>Porque es una pregunta-respuesta y, sobre todo, es una actitud, una forma de entender las cosas. Es la mejor definici\u00f3n de nuestro trabajo y de la manera de afrontar cualquier pregunta dif\u00edcil. \u00a1No se puede o no se debe son frases horribles!<\/p>\n\n\n\n<h5 class=\"wp-block-heading has-medium-font-size\"><strong>H\u00e1blanos del estilo de Ynot.<\/strong><\/h5>\n\n\n\n<p>Yo siempre digo que es un estilo \u00fanico y se traslada a los proyectos individuales haci\u00e9ndolos \u00fanicos tambi\u00e9n. No creo en las modas como tal aunque siempre hay que estar actualizados, los materiales que nos aporta el desarrollo no estaban antes y eso hay que aprovecharlo.<\/p>\n\n\n\n<figure class=\"wp-block-image\"><img decoding=\"async\" src=\"https:\/\/www.monapart.com\/sites\/default\/files\/styles\/scale_960x960_\/public\/mediabrowser\/04-jaime-de-pablo-romero-ynot.jpg?itok=CRVEITuU\" alt=\"Entrevista a Jaime de Pablo-Romero (Estudio interiorismo Ynot) | Monapart \"\/><\/figure>\n\n\n\n<h5 class=\"wp-block-heading has-medium-font-size\"><strong>\u00bfCu\u00e1l es el elemento diferenciador del estilo Ynot?<\/strong><\/h5>\n\n\n\n<p>La personalizaci\u00f3n, la creatividad, forzar todo lo que tenemos a mano para lograr un resultado diferente.&nbsp;<strong>Por supuesto, lo m\u00e1s importante es crear sensaciones, a ser posible que te dibujen una sonrisa en la cara.<\/strong><\/p>\n\n\n\n<h5 class=\"wp-block-heading has-medium-font-size\"><strong>La sociedad actual, \u00bfest\u00e1 formada para decidir c\u00f3mo quiere vivir?<\/strong><\/h5>\n\n\n\n<p>No, nunca lo ha estado y no creo que nunca lo est\u00e9. O quiz\u00e1s s\u00ed, pero desde luego, hay muchos inputs que no permiten llevarlo a cabo. Ese es un trabajo que habr\u00eda que dejar a los grandes pensadores.<\/p>\n\n\n\n<p>Creo, como dijo aquel, que <em>\u201cla mayor\u00eda de la gente no sabe lo que quiere hasta que se lo ense\u00f1as\u201d.<\/em><\/p>\n\n\n\n<h5 class=\"wp-block-heading has-medium-font-size\"><strong>\u00bfC\u00f3mo valoras los medios sociales, las redes sociales -con su intr\u00ednseca fugacidad- en la formaci\u00f3n de un criterio sobre la vivienda?<\/strong><\/h5>\n\n\n\n<p>Yo no los uso como medio de inspiraci\u00f3n aunque s\u00ed como tarjeta de presentaci\u00f3n.<\/p>\n\n\n\n<p>En general, las personas somos muy borregas y visitaremos aquello que mucha gente dice que est\u00e1 bien o nos fiaremos de aquel que tiene m\u00e1s seguidores, pero es un arma de doble filo puesto que con la intenci\u00f3n de vender m\u00e1s o ganar seguidores ense\u00f1an lo que la gente quiere ver. Para m\u00ed, no se crea nada, son copias de copias, nada original.<\/p>\n\n\n\n<h5 class=\"wp-block-heading has-medium-font-size\"><strong>La labor de Ynot \u2013y de cualquier interiorista- \u00bfes un valor a\u00f1adido al coste final de la vivienda?<\/strong><\/h5>\n\n\n\n<p>Lo f\u00e1cil ser\u00eda decir que s\u00ed, pero esto depender\u00e1 del siguiente usuario de la vivienda. Puede que lo que t\u00fa has dise\u00f1ado para una persona le parezca atroz a otra por lo que es un valor relativo.&nbsp;Dicho esto, evidentemente hay una serie de mejoras en cuanto a habitabilidad y usabilidad que se pueden considerar un valor a\u00f1adido.<\/p>\n\n\n\n<h5 class=\"wp-block-heading has-medium-font-size\"><strong>\u00bfTienes alg\u00fan edificio de Madrid en el que te gustar\u00eda trasladar tu concepto de dise\u00f1o?<\/strong><\/h5>\n\n\n\n<p>\u00a1Muchos!, pero m\u00e1s que por el edificio, por la forma de usarlo que hoy tienen los que lo habitan o trabajan en \u00e9l.&nbsp;Estar\u00eda bien llegar al Banco de Espa\u00f1a y decir, \u201c\u00e9ste es el nuevo modelo de oficina en el que vais a trabajar\u201d.<\/p>\n\n\n\n<figure class=\"wp-block-image\"><img decoding=\"async\" src=\"https:\/\/www.monapart.com\/sites\/default\/files\/styles\/scale_960x960_\/public\/mediabrowser\/05-jaime-de-pablo-romero-ynot.jpg?itok=Wg55Osxy\" alt=\"Entrevista a Jaime de Pablo-Romero (Estudio interiorismo Ynot) | Monapart \"\/><\/figure>\n\n\n\n<h5 class=\"wp-block-heading has-medium-font-size\"><strong>Tras nuestro \u00faltimo \u201c<a href=\"https:\/\/www.monapart.com\/es\/magazine\/noticias\/habitamos-como-pensamos-debate-sobre-vivienda-en-madrid-spksymonapart\" target=\"_blank\" rel=\"noreferrer noopener\">Speakeasy #3 \u00bfHabitamos como pensamos?<\/a>\u201d, \u00bfcu\u00e1l es tu opini\u00f3n sobre el futuro de la vivienda?<\/strong><\/h5>\n\n\n\n<p>La sostenibilidad es el futuro de todo, estamos en la era de la concienciaci\u00f3n de que, o cuidamos lo que tenemos o colapsaremos. Esto se va trasladando poco a poco a la vivienda, pero no s\u00f3lo en su construcci\u00f3n o en su eficiencia de consumo, sino en los propios materiales que se usan para realizar el interiorismo y la decoraci\u00f3n.<\/p>\n\n\n\n<h3 class=\"wp-block-heading\">En tiempos en los que lo homog\u00e9neo parece garant\u00eda de \u00e9xito, Jaime de Pablo-Romero y su estudio Ynot nos recuerdan el valor de lo \u00fanico, de lo pensado al mil\u00edmetro pero sin miedo al riesgo. Porque al final, como \u00e9l mismo dice, la mejor respuesta a cualquier reto es una pregunta valiente: \u00bfy por qu\u00e9 no?<\/h3>\n\n\n\n<p><\/p>\n","protected":false},"excerpt":{"rendered":"<p>Un piso en una casa se\u00f1orial de principios de siglo del arquitecto Francisco Garc\u00eda Nava, en un claro estilo neobarroco franc\u00e9s, con algunos bellos detalles modernistas, predispone bastante sobre lo que piensas que te vas a encontrar.  <\/p>\n","protected":false},"author":3,"featured_media":805,"comment_status":"closed","ping_status":"closed","sticky":false,"template":"","format":"standard","meta":{"_acf_changed":false,"footnotes":""},"categories":[2844,2845],"tags":[2870,2871],"class_list":["post-804","post","type-post","status-publish","format-standard","has-post-thumbnail","hentry","category-hogar","category-mi-monapart","tag-diseno","tag-interiorismo"],"acf":[],"_links":{"self":[{"href":"https:\/\/www.monapart.com\/magazine\/wp-json\/wp\/v2\/posts\/804","targetHints":{"allow":["GET"]}}],"collection":[{"href":"https:\/\/www.monapart.com\/magazine\/wp-json\/wp\/v2\/posts"}],"about":[{"href":"https:\/\/www.monapart.com\/magazine\/wp-json\/wp\/v2\/types\/post"}],"author":[{"embeddable":true,"href":"https:\/\/www.monapart.com\/magazine\/wp-json\/wp\/v2\/users\/3"}],"replies":[{"embeddable":true,"href":"https:\/\/www.monapart.com\/magazine\/wp-json\/wp\/v2\/comments?post=804"}],"version-history":[{"count":5,"href":"https:\/\/www.monapart.com\/magazine\/wp-json\/wp\/v2\/posts\/804\/revisions"}],"predecessor-version":[{"id":16516,"href":"https:\/\/www.monapart.com\/magazine\/wp-json\/wp\/v2\/posts\/804\/revisions\/16516"}],"wp:featuredmedia":[{"embeddable":true,"href":"https:\/\/www.monapart.com\/magazine\/wp-json\/wp\/v2\/media\/805"}],"wp:attachment":[{"href":"https:\/\/www.monapart.com\/magazine\/wp-json\/wp\/v2\/media?parent=804"}],"wp:term":[{"taxonomy":"category","embeddable":true,"href":"https:\/\/www.monapart.com\/magazine\/wp-json\/wp\/v2\/categories?post=804"},{"taxonomy":"post_tag","embeddable":true,"href":"https:\/\/www.monapart.com\/magazine\/wp-json\/wp\/v2\/tags?post=804"}],"curies":[{"name":"wp","href":"https:\/\/api.w.org\/{rel}","templated":true}]}}