{"id":776,"date":"2018-07-18T18:16:38","date_gmt":"2018-07-18T16:16:38","guid":{"rendered":"https:\/\/www.monapart.com\/magazine\/?p=776"},"modified":"2025-06-20T17:05:50","modified_gmt":"2025-06-20T15:05:50","slug":"monapart-una-empresa-con-aura","status":"publish","type":"post","link":"https:\/\/www.monapart.com\/magazine\/noticias\/monapart-una-empresa-con-aura","title":{"rendered":"Monapart, una empresa con Aura"},"content":{"rendered":"\n<h1 class=\"wp-block-heading\">Monapart, una empresa con Aura<\/h1>\n\n\n\n<h2 class=\"wp-block-heading\">El pasado 5 de julio se celebr\u00f3 el 29\u00ba acto de verano de Aura Fundaci\u00f3n en el Hotel Arts de Barcelona, con m\u00e1s de 800 asistentes. Y Monapart, representada por Jos\u00e9 Luis Echeverr\u00eda, tuvo el honor y el placer de asistir y estrenarse como \u00abempresa con Aura\u00bb.<\/h2>\n\n\n<div class='post-info'>18 de julio de 2018 por <a href='https:\/\/www.monapart.com\/magazine\/autor\/monapart'>Monapart<\/a><\/div>\n\n\n\n<figure class=\"wp-block-image\"><img decoding=\"async\" src=\"https:\/\/www.monapart.com\/sites\/default\/files\/styles\/scale_960x960_\/public\/mediabrowser\/empreses_amb_aura_4.jpg?itok=M4lqGjBM\" alt=\"Monapart, una empresa con Aura | Monapart \"\/><\/figure>\n\n\n\n<p>Aura es una entidad sin \u00e1nimo de lucro que se cre\u00f3 en el a\u00f1o 1989. Ha sido el primer programa de <a href=\"https:\/\/www.aurafundacio.org\/es\/que-fem\/\" target=\"_blank\" rel=\"noreferrer noopener\">\u00abEmpleo con Apoyo\u00bb<\/a> en el pa\u00eds, pionero en la implantaci\u00f3n y desarrollo de esta metodolog\u00eda aplic\u00e1ndola en personas con discapacidad intelectual. El \u00abEmpleo con Apoyo\u00bb es un modelo que empez\u00f3 a desarrollarse en Estados Unidos en los a\u00f1os 80 y facilita la integraci\u00f3n al mercado laboral de personas con limitaciones mediante un conjunto de estrategias y procedimientos de apoyo adaptados a sus necesidades especiales.<\/p>\n\n\n\n<p>En estos cerca de 30 a\u00f1os, <strong>Aura Fundaci\u00f3n ha conseguido casi 330 contratos laborales para personas con discapacidad intelectual en empresas de reconocido prestigio<\/strong>. Por primera vez en la historia, algunos participantes con s\u00edndrome de Down llevan trabajando casi 30 a\u00f1os demostrando que la inclusi\u00f3n laboral es un \u00e9xito si se ofrecen los apoyos necesarios.<\/p>\n\n\n\n<figure class=\"wp-block-embed is-type-video is-provider-youtube wp-block-embed-youtube wp-embed-aspect-16-9 wp-has-aspect-ratio\"><div class=\"wp-block-embed__wrapper\">\n<iframe loading=\"lazy\" title=\"Integraci\u00f3 Laboral - Treball amb Suport Aura Fundaci\u00f3\" width=\"500\" height=\"281\" src=\"https:\/\/www.youtube.com\/embed\/YgerPJT4akw?feature=oembed\" frameborder=\"0\" allow=\"accelerometer; autoplay; clipboard-write; encrypted-media; gyroscope; picture-in-picture; web-share\" referrerpolicy=\"strict-origin-when-cross-origin\" allowfullscreen><\/iframe>\n<\/div><\/figure>\n\n\n\n<p>Por su buena labor social y su actividad pionera en el pa\u00eds, <strong>Aura Fundaci\u00f3n ha recibido reconocimiento internacional<\/strong>, recientemente en la sede de las Naciones Unidas en Nueva York y tambi\u00e9n como modelo por parte de APSE, EUSE y EASPD, y su metodolog\u00eda innovadora se ha implantado en organizaciones de Espa\u00f1a, Europa y Latinoam\u00e9rica.<\/p>\n\n\n\n<p>El acto, inaugurado por su directora, Gl\u00f2ria Canals, y presentado por su gerente, Maria Cabr\u00e9, cont\u00f3 tambi\u00e9n con breves presentaciones de representantes de empresas como Daba Nespresso, Invest for children y T-Systems. Y en el acto, Jaume Gir\u00f3, Director General de la Fundaci\u00f3 Banc\u00e0ria La Caixa, entreg\u00f3 reconocimientos a empresas que este a\u00f1o han contratado a participantes de Aura y que, por este motivo, pasan a ser <a href=\"https:\/\/www.aurafundacio.org\/es\/quien-nos-apoya\/\" target=\"_blank\" rel=\"noreferrer noopener\">empresas \u00abcon Aura\u00bb<\/a>, sum\u00e1ndose a las m\u00e1s de 200 que ya lo son. Entre empresas como Adidas, Carrefour, Everis, Humana, Kibuka, Nomad Coffee, Panasonic, Penguin Random House, Seat, Caixa Bank o Dir est\u00e1 tambi\u00e9n Monapart.<\/p>\n\n\n\n<figure class=\"wp-block-image\"><img decoding=\"async\" src=\"https:\/\/www.monapart.com\/sites\/default\/files\/styles\/scale_960x960_\/public\/mediabrowser\/empreses_amb_aura_3.jpg?itok=Qe1g7nRY\" alt=\"Monapart, una empresa con Aura | Monapart \"\/><\/figure>\n\n\n\n<p>Durante el acto se proyectaron algunos videos, como el resumen de la reciente ponencia de <a href=\"https:\/\/www.youtube.com\/watch?v=1KVn6wJ70Jw\" target=\"_blank\" rel=\"noreferrer noopener\">Aura Fundaci\u00f3n en las Naciones Unidas de Nueva York<\/a> y otro con los impactos de las redes sociales donde #AuraDownsDay consigui\u00f3 ser trending topic. Tambi\u00e9n se entregaron los diplomas del programa de formaci\u00f3n prelaboral, as\u00ed como los diplomas para los participantes que llevan 10 y 20 a\u00f1os en el mundo laboral. Tambi\u00e9n, \u00e9ste es el tercer a\u00f1o que se entregaron medallas en reconocimiento a los trabajadores que llevan m\u00e1s de 25 a\u00f1os trabajando.<\/p>\n\n\n\n<p>Finalmente, dos participantes de Aura Fundaci\u00f3n, Irene Carballo (reciente incorporaci\u00f3n a Monapart) y Jaume, dieron la bienvenida a los nuevos participantes y les desearon mucha suerte por conseguir un trabajo como el que tienen ellos.<\/p>\n\n\n\n<figure class=\"wp-block-image\"><img decoding=\"async\" src=\"https:\/\/www.monapart.com\/sites\/default\/files\/styles\/scale_960x960_\/public\/mediabrowser\/empreses_amb_aura_1.jpg?itok=ko6ImXRd\" alt=\"Monapart, una empresa con Aura | Monapart \"\/><\/figure>\n\n\n\n<p>Fue un acto muy emotivo donde empresas, participantes, familias y aliados de la fundaci\u00f3n se reunieron para celebrar que, un a\u00f1o m\u00e1s, el buen trabajo de Aura Fundaci\u00f3n ha hecho posible que personas con discapacidad se hayan incorporado al mercado laboral.<\/p>\n\n\n\n<figure class=\"wp-block-image\"><img decoding=\"async\" src=\"https:\/\/www.monapart.com\/sites\/default\/files\/styles\/scale_960x960_\/public\/mediabrowser\/empreses_amb_aura_6.png?itok=jNp7PLbY\" alt=\"Monapart, una empresa con Aura | Monapart \"\/><\/figure>\n","protected":false},"excerpt":{"rendered":"<p>El pasado 5 de julio se celebr\u00f3 el 29\u00ba acto de verano de Aura Fundaci\u00f3n en el Hotel Arts de Barcelona, con m\u00e1s de 800 asistentes. Y Monapart, representada por Jos\u00e9 Luis Echeverr\u00eda, tuvo el honor y el placer de asistir y estrenarse como \u00abempresa con Aura\u00bb.<\/p>\n","protected":false},"author":3,"featured_media":777,"comment_status":"closed","ping_status":"closed","sticky":false,"template":"","format":"standard","meta":{"_acf_changed":false,"footnotes":""},"categories":[2852,2854],"tags":[2872,3210],"class_list":["post-776","post","type-post","status-publish","format-standard","has-post-thumbnail","hentry","category-noticias","category-actualidad","tag-barcelona","tag-solidaridad"],"acf":[],"_links":{"self":[{"href":"https:\/\/www.monapart.com\/magazine\/wp-json\/wp\/v2\/posts\/776","targetHints":{"allow":["GET"]}}],"collection":[{"href":"https:\/\/www.monapart.com\/magazine\/wp-json\/wp\/v2\/posts"}],"about":[{"href":"https:\/\/www.monapart.com\/magazine\/wp-json\/wp\/v2\/types\/post"}],"author":[{"embeddable":true,"href":"https:\/\/www.monapart.com\/magazine\/wp-json\/wp\/v2\/users\/3"}],"replies":[{"embeddable":true,"href":"https:\/\/www.monapart.com\/magazine\/wp-json\/wp\/v2\/comments?post=776"}],"version-history":[{"count":2,"href":"https:\/\/www.monapart.com\/magazine\/wp-json\/wp\/v2\/posts\/776\/revisions"}],"predecessor-version":[{"id":16540,"href":"https:\/\/www.monapart.com\/magazine\/wp-json\/wp\/v2\/posts\/776\/revisions\/16540"}],"wp:featuredmedia":[{"embeddable":true,"href":"https:\/\/www.monapart.com\/magazine\/wp-json\/wp\/v2\/media\/777"}],"wp:attachment":[{"href":"https:\/\/www.monapart.com\/magazine\/wp-json\/wp\/v2\/media?parent=776"}],"wp:term":[{"taxonomy":"category","embeddable":true,"href":"https:\/\/www.monapart.com\/magazine\/wp-json\/wp\/v2\/categories?post=776"},{"taxonomy":"post_tag","embeddable":true,"href":"https:\/\/www.monapart.com\/magazine\/wp-json\/wp\/v2\/tags?post=776"}],"curies":[{"name":"wp","href":"https:\/\/api.w.org\/{rel}","templated":true}]}}