{"id":710,"date":"2017-11-22T12:35:10","date_gmt":"2017-11-22T11:35:10","guid":{"rendered":"https:\/\/www.monapart.com\/magazine\/?p=710"},"modified":"2025-06-20T17:02:27","modified_gmt":"2025-06-20T15:02:27","slug":"la-boutique-de-las-casas-se-instala-en-el-penedes","status":"publish","type":"post","link":"https:\/\/www.monapart.com\/magazine\/noticias\/la-boutique-de-las-casas-se-instala-en-el-penedes","title":{"rendered":"La \u2018boutique\u2019 de las casas se instala en el Pened\u00e8s"},"content":{"rendered":"\n<h1 class=\"wp-block-heading\">La \u2018boutique\u2019 de las casas se instala en el Pened\u00e8s<\/h1>\n\n\n\n<h2 class=\"wp-block-heading\">El mi\u00e9rcoles 21 de noviembre se public\u00f3 en la secci\u00f3n de econom\u00eda del <a href=\"https:\/\/www.diaridetarragona.com\/\" target=\"_blank\" rel=\"noreferrer noopener\">Diari de Tarragona<\/a> una noticia sobre la reciente apertura de la agencia <a href=\"\/node\/1487\">Monapart Pened\u00e8s<\/a>, dirigida por nuestro compa\u00f1ero <strong>Roberto Rambaudi<\/strong>.<\/h2>\n\n\n<div class='post-info'>22 de noviembre de 2017 por <a href=\"https:\/\/www.monapart.com\/magazine\/autor\/monapart\">Monapart<\/a><\/div>\n\n\n\n<p>Compartimos a continuaci\u00f3n el texto \u00edntegro de la noticia:<\/p>\n\n\n\n<figure class=\"wp-block-image\"><img decoding=\"async\" src=\"https:\/\/www.monapart.com\/sites\/default\/files\/styles\/scale_960x960_\/public\/mediabrowser\/main-image.png?itok=u6cmniOb\" alt=\"La \u2018boutique\u2019 de las casas se instala en el Pened\u00e8s |\u00a0Monapart \"\/><\/figure>\n\n\n\n<p>Se define como una \u00abboutique de los pisos\u00bb. Con delegaciones en Tarragona, Barcelona, Girona, Alicante, Madrid, Palma de Mallorca y Val\u00e8ncia,<strong>&nbsp;la agencia inmobiliaria Monapart ha abierto en el Pened\u00e8s. El socio es Roberto Rambaudi y la oficina est\u00e1 en Calafell.<\/strong><\/p>\n\n\n\n<p>Monapart se ha fijado en el Pened\u00e8s, entendido como el Gran Pened\u00e8s (Alt, Baix Pened\u00e8s y Garraf), porque esa comarca entre Barcelona y Tarragona cumple con lo que el cliente busca en Monapart. <em>\u00abUna zona tranquila con paisaje y calidad de vida pero con r\u00e1pidas conexiones con la ciudad\u00bb.<\/em><\/p>\n\n\n\n<p>M\u00e1s all\u00e1 de qui\u00e9n se ha asentado en los \u00faltimos a\u00f1os en la zona, forzados a buscar precios m\u00e1s baratos de compra y alquiler que los de Barcelona, <em>\u00abtambi\u00e9n son cada vez m\u00e1s los que escogen el Pened\u00e8s por sus caracter\u00edsticas para vivir todo el a\u00f1o\u00bb.<\/em><\/p>\n\n\n\n<p>Monapart tiene en su &nbsp;cartera&nbsp;<strong>&nbsp;<em>\u00abviviendas bonitas. Con un encanto de quien busca algo m\u00e1s\u00bb<\/em><\/strong>. &nbsp;Rambaudi explica que Monapart no tiene una infinita bolsa de pisos y casas. De hecho, tampoco agencias a pie de calle. Calcula que la cartera puede ser de 300 productos. <em>\u00abCada agencia maneja una veintena porque buscamos la atenci\u00f3n detallada\u00bb.<\/em><\/p>\n\n\n\n<p>Monapart naci\u00f3 hace una d\u00e9cada en Barcelona y ha tenido una r\u00e1pida expansi\u00f3n con el concepto de ofrecer \u2018viviendas bonitas\u2019. <em>\u00abHay una selecci\u00f3n de producto\u00bb<\/em>, explica Rambaudi. \u200b<em>\u00ab<\/em><em>No es una cuesti\u00f3n de precio. Es ofrecer el hogar en el que se piensa donde uno quiere vivir. Y el Pened\u00e8s hace unos a\u00f1os tiene esa demanda por la proximidad con Barcelona\u00bb.<\/em><\/p>\n\n\n\n<blockquote class=\"wp-block-quote is-layout-flow wp-block-quote-is-layout-flow\">\n<p>La agencia inmobiliaria se extiende a un territorio codiciado para vivir todo el a\u00f1o<\/p>\n<\/blockquote>\n\n\n\n<p><em>\u00abHay marca Pened\u00e8s\u00bb<\/em>, se\u00f1ala el socio de Monapart. <em>\u00abPaisaje, tranquilidad, gastronom\u00eda y buenas comunicaciones\u00bb<\/em>. Si durante d\u00e9cadas se asoci\u00f3 a la segunda residencia, hoy ya es destino para todo el a\u00f1o. Limitar el n\u00famero de viviendas permite una rotaci\u00f3n amplia. Desde un apartamento junto a la playa de Calafell en un edificio de 1967 pero en el que no se ha tocado nada y est\u00e1 en un estilo vintage, a una casa de madera en la urbanizaci\u00f3n Boscos en Banyeres del Pened\u00e8s.<\/p>\n","protected":false},"excerpt":{"rendered":"<p>El mi\u00e9rcoles 21 de noviembre se public\u00f3 en la secci\u00f3n de econom\u00eda del Diari de Tarragona una noticia sobre la reciente apertura de la agencia Monapart Pened\u00e8s, dirigida por nuestro compa\u00f1ero Roberto Rambaudi.<\/p>\n","protected":false},"author":3,"featured_media":711,"comment_status":"closed","ping_status":"closed","sticky":false,"template":"","format":"standard","meta":{"_acf_changed":false,"footnotes":""},"categories":[2852,2853],"tags":[2905],"class_list":["post-710","post","type-post","status-publish","format-standard","has-post-thumbnail","hentry","category-noticias","category-hablan-de-nosotros","tag-prensa"],"acf":[],"_links":{"self":[{"href":"https:\/\/www.monapart.com\/magazine\/wp-json\/wp\/v2\/posts\/710","targetHints":{"allow":["GET"]}}],"collection":[{"href":"https:\/\/www.monapart.com\/magazine\/wp-json\/wp\/v2\/posts"}],"about":[{"href":"https:\/\/www.monapart.com\/magazine\/wp-json\/wp\/v2\/types\/post"}],"author":[{"embeddable":true,"href":"https:\/\/www.monapart.com\/magazine\/wp-json\/wp\/v2\/users\/3"}],"replies":[{"embeddable":true,"href":"https:\/\/www.monapart.com\/magazine\/wp-json\/wp\/v2\/comments?post=710"}],"version-history":[{"count":3,"href":"https:\/\/www.monapart.com\/magazine\/wp-json\/wp\/v2\/posts\/710\/revisions"}],"predecessor-version":[{"id":16625,"href":"https:\/\/www.monapart.com\/magazine\/wp-json\/wp\/v2\/posts\/710\/revisions\/16625"}],"wp:featuredmedia":[{"embeddable":true,"href":"https:\/\/www.monapart.com\/magazine\/wp-json\/wp\/v2\/media\/711"}],"wp:attachment":[{"href":"https:\/\/www.monapart.com\/magazine\/wp-json\/wp\/v2\/media?parent=710"}],"wp:term":[{"taxonomy":"category","embeddable":true,"href":"https:\/\/www.monapart.com\/magazine\/wp-json\/wp\/v2\/categories?post=710"},{"taxonomy":"post_tag","embeddable":true,"href":"https:\/\/www.monapart.com\/magazine\/wp-json\/wp\/v2\/tags?post=710"}],"curies":[{"name":"wp","href":"https:\/\/api.w.org\/{rel}","templated":true}]}}