{"id":664,"date":"2017-04-15T17:52:00","date_gmt":"2017-04-15T15:52:00","guid":{"rendered":"https:\/\/www.monapart.com\/magazine\/?p=664"},"modified":"2025-06-19T19:39:19","modified_gmt":"2025-06-19T17:39:19","slug":"viviendas-sanas","status":"publish","type":"post","link":"https:\/\/www.monapart.com\/magazine\/hogar\/viviendas-sanas","title":{"rendered":"Viviendas sanas"},"content":{"rendered":"\n<h1 class=\"wp-block-heading\">Viviendas sanas<\/h1>\n\n\n\n<h2 class=\"wp-block-heading\">Una vivienda sana, con luz, aireada, silenciosa y con una distribuci\u00f3n de espacios fluida es el primer paso para garantizar una vida sana, con luz, aireada, silenciosa y fluida. <\/h2>\n\n\n<div class='post-info'>15 de abril de 2017 por <a href='https:\/\/www.monapart.com\/magazine\/autor\/monapart'>Monapart<\/a><\/div>\n\n\n\n<figure class=\"wp-block-image\"><img decoding=\"async\" src=\"https:\/\/www.monapart.com\/sites\/default\/files\/styles\/scale_960x960_\/public\/mediabrowser\/gloria_vilalta_1.jpg?itok=cF21SS9M\" alt=\"Viviendas sanas | Monapart \"\/><\/figure>\n\n\n\n<p>Cuando se nos pregunta en Monapart qu\u00e9 hace que una vivienda bonita sea \u00abuna de las nuestras\u00bb, tenemos claro que los criterios est\u00e9ticos son importantes, pero siempre van por detr\u00e1s de la luz, de la calidad del espacio, del entorno&#8230; Las tipolog\u00edas son infinitas, pero tenemos claro que una vivienda bonita siempre debe ser un espacio apto para la felicidad.<\/p>\n\n\n\n<p>Hay ocasiones en las que la felicidad viene de serie, espacios en los que sin saber bien por qu\u00e9, y donde cada uno expondr\u00eda razones diferentes, la aprobaci\u00f3n es un\u00e1nime. Pero en otras, y lejos de supersticiones y creencias, se hace evidente que el espacio est\u00e1 enfermo. Radiaciones electromagn\u00e9ticas y naturales, corrientes de agua subterr\u00e1neas, humedades, pinturas t\u00f3xicas, aislamiento t\u00e9rmico y ac\u00fastico deficientes, etc. son algunos de los factores que afectan las viviendas y sus ocupantes; y ni\u00f1os, ancianos y personas sensibles son los m\u00e1s expuestos a estas \u00abenfermedades invisibles\u00bb. \u00bfC\u00f3mo detectarlas?<\/p>\n\n\n\n<p>A esto se dedica <a href=\"http:\/\/www.gloriavilalta.cat\/\" target=\"_blank\" rel=\"noreferrer noopener\">Gloria Vilalta<\/a> (<a href=\"https:\/\/twitter.com\/gloriavilalta\" target=\"_blank\" rel=\"noreferrer noopener\">@gloriavilalta<\/a>), a \u00abcurar\u00bb a las personas ayud\u00e1ndoles a tener una vida m\u00e1s sana y equilibrada a trav\u00e9s de actuar sobre los espacios donde viven. Unas veces interviniendo a fondo en la configuraci\u00f3n de los espacios, y otras realizando peque\u00f1as mejoras (cambiar los colores de las paredes, algunos acabados, poner plantas, cambiar la distribuci\u00f3n de las estancias o incluso la orientaci\u00f3n de la cama&#8230;) que pueden significar un gran cambio para quien habita ese espacio.<\/p>\n\n\n\n<figure class=\"wp-block-image\"><img decoding=\"async\" src=\"https:\/\/www.monapart.com\/sites\/default\/files\/styles\/scale_960x960_\/public\/mediabrowser\/gloria_vilalta.jpg?itok=yAkTBR9y\" alt=\"Gloria Vilalta | Monapart \"\/><\/figure>\n\n\n\n<p>Gloria es ingeniera de profesi\u00f3n y m\u00e9dica de vocaci\u00f3n, y con una trayectoria como ingeniera en el sector de la automoci\u00f3n y posteriormente como consultora energ\u00e9tica para diferentes equipamientos p\u00fablicos, hoy tiene su propia consultora desde la cual ayuda a la selecci\u00f3n del espacio energ\u00e9ticamente m\u00e1s favorable; asesora en la mejor distribuci\u00f3n de las estancias y tambi\u00e9n a elegir las pinturas y materiales m\u00e1s saludables siguiendo las pautas de la bioconstrucci\u00f3n. Adem\u00e1s, Gloria tambi\u00e9n realiza an\u00e1lisis de energ\u00eda tel\u00farica, energ\u00eda electromagn\u00e9tica, energ\u00eda emocional, estudios de estructura y geometr\u00eda, de potenciaci\u00f3n de la luz natural, del color y sus propiedades, de im\u00e1genes y de simbolog\u00eda de la decoraci\u00f3n, de elementos naturales, de Feng Shui&#8230; Consulta aqu\u00ed su completo <a href=\"http:\/\/www.gloriavilalta.cat\/que-faig\/\" target=\"_blank\" rel=\"noreferrer noopener\">portfolio de servicios<\/a>.<\/p>\n\n\n\n<blockquote class=\"wp-block-quote alignright is-layout-flow wp-block-quote-is-layout-flow\">\n<p>Elegir bien un espacio es de vital importancia y no siempre se le presta la debida atenci\u00f3n.<\/p>\n<\/blockquote>\n\n\n\n<p>Acuden a ella personas que sufren de insomnio, con migra\u00f1as, fatiga excesiva, depresi\u00f3n y tristeza o con alguna otra dolencia \/ intolerancia que no acaba de curarse&#8230; Y a menudo, muchas de estas dolencias y preocupaciones pueden sanarse tratando el origen de la causa y no s\u00f3lo paliando sus efectos. En algunos casos, las consecuencias de la enfermedad de las viviendas derivan en enfermedades cr\u00f3nicas que degeneran en graves problemas de salud, peleas frecuentes, divorcios o bajo rendimiento en los estudios, por ejemplo. Elegir bien un espacio es de vital importancia y no siempre se le presta la debida atenci\u00f3n&#8230; Incluso, a nivel p\u00fablico, la legislaci\u00f3n hoy d\u00eda sigue permitiendo la construcci\u00f3n de viviendas junto a transformadores, l\u00edneas de alta tensi\u00f3n o antenas de telefon\u00eda m\u00f3vil, cuando ya se ha demostrado que resultan una amenaza constante las 24h del d\u00eda para las personas que est\u00e1n en su \u00e1mbito de influencia. A nivel laboral, ha habido casos muy graves sufridos por los trabajadores de edificios enfermos construidos con materiales t\u00f3xicos como los amiantos, todav\u00eda en tribunales&#8230;<\/p>\n\n\n\n<figure class=\"wp-block-image is-resized\"><img decoding=\"async\" src=\"https:\/\/www.monapart.com\/sites\/default\/files\/styles\/scale_960x960_\/public\/mediabrowser\/contaminacion-electromagnetica.jpg?itok=ghRG2LpL\" alt=\"Contaminaci\u00f3n electromagn\u00e9tica | Monapart \" style=\"width:520px;height:auto\"\/><\/figure>\n\n\n\n<p>Como hemos apuntado anteriormente, ni\u00f1os, ancianos y personas sensibles son los m\u00e1s expuestos a estas \u00abenfermedades invisibles\u00bb. En esta l\u00ednea, el diario brit\u00e1nico <em>The Telegraph <\/em>public\u00f3 un art\u00edculo a finales de 2016 que dio mucho que hablar: <a href=\"http:\/\/www.telegraph.co.uk\/health-fitness\/body\/wifi-internet-family-dangerous-health\/\" target=\"_blank\" rel=\"noreferrer noopener\"><em>Is Wi-Fi making your child ill?<\/em><\/a> (\u00bfEst\u00e1 el Wi-Fi afectando la salud de tu hijo?) donde expuso las recientes investigaciones de la doctora Erica Mallery-Blythe sobre la radiaci\u00f3n electromagn\u00e9tica a la que estaban expuestos los ni\u00f1os en las escuelas y en sus casas. Tras haber analizado cientos de casos, la doctora Mallery-Blythe afirma: <em>\u00abLa mayor\u00eda de los profesores ni siquiera saben que las radiaciones electromagn\u00e9ticas est\u00e1n actualmente clasificadas por la Agencia Internacional sobre el C\u00e1ncer (IARC) como un carcin\u00f3geno Grupo 2B, que significa que es una posible causa de c\u00e1ncer en seres humanos.\u00bb<\/em> En pa\u00edses como Francia o Alemania, ya se ha limitado la exposici\u00f3n de los ni\u00f1os a estas radiaciones en guarder\u00edas y escuelas de educaci\u00f3n primaria, adem\u00e1s de aconsejar a toda la poblaci\u00f3n sobre un uso responsable de los dispositivos inal\u00e1mbricos.<\/p>\n\n\n\n<p>Quiz\u00e1s todo esto te parece exagerado, crees que es un asunto que nos queda lejos y te contentas con elegir estos <a href=\"\/node\/538\" target=\"_blank\" rel=\"noreferrer noopener\">ambientadores naturales<\/a>. Lo cierto es que nadie sabe las consecuencias reales de tanta onda en nuestro entorno. Si es un tema que te preocupa, \u00a1levanta la mano! Pero sobre todo, no se te ocurra enviarnos un whatsapp&#8230;&nbsp;<\/p>\n","protected":false},"excerpt":{"rendered":"<p>Una vivienda sana, con luz, aireada, silenciosa y con una distribuci\u00f3n de espacios fluida es el primer paso para garantizar una vida sana, con luz, aireada, silenciosa y fluida. Cuando se nos pregunta en Monapart qu\u00e9 hace que una vivienda bonita sea \u00abuna de las nuestras\u00bb, tenemos claro que los criterios est\u00e9ticos son importantes, pero siempre van por detr\u00e1s de la luz, de la calidad del espacio, del entorno&#8230; Las tipolog\u00edas son infinitas, pero tenemos claro que una vivienda bonita siempre debe ser un espacio apto para la felicidad.<\/p>\n","protected":false},"author":3,"featured_media":665,"comment_status":"closed","ping_status":"closed","sticky":false,"template":"","format":"standard","meta":{"_acf_changed":false,"footnotes":""},"categories":[2844,2848],"tags":[2906],"class_list":["post-664","post","type-post","status-publish","format-standard","has-post-thumbnail","hentry","category-hogar","category-hogar-eco","tag-consumo-responsable"],"acf":[],"_links":{"self":[{"href":"https:\/\/www.monapart.com\/magazine\/wp-json\/wp\/v2\/posts\/664","targetHints":{"allow":["GET"]}}],"collection":[{"href":"https:\/\/www.monapart.com\/magazine\/wp-json\/wp\/v2\/posts"}],"about":[{"href":"https:\/\/www.monapart.com\/magazine\/wp-json\/wp\/v2\/types\/post"}],"author":[{"embeddable":true,"href":"https:\/\/www.monapart.com\/magazine\/wp-json\/wp\/v2\/users\/3"}],"replies":[{"embeddable":true,"href":"https:\/\/www.monapart.com\/magazine\/wp-json\/wp\/v2\/comments?post=664"}],"version-history":[{"count":2,"href":"https:\/\/www.monapart.com\/magazine\/wp-json\/wp\/v2\/posts\/664\/revisions"}],"predecessor-version":[{"id":16700,"href":"https:\/\/www.monapart.com\/magazine\/wp-json\/wp\/v2\/posts\/664\/revisions\/16700"}],"wp:featuredmedia":[{"embeddable":true,"href":"https:\/\/www.monapart.com\/magazine\/wp-json\/wp\/v2\/media\/665"}],"wp:attachment":[{"href":"https:\/\/www.monapart.com\/magazine\/wp-json\/wp\/v2\/media?parent=664"}],"wp:term":[{"taxonomy":"category","embeddable":true,"href":"https:\/\/www.monapart.com\/magazine\/wp-json\/wp\/v2\/categories?post=664"},{"taxonomy":"post_tag","embeddable":true,"href":"https:\/\/www.monapart.com\/magazine\/wp-json\/wp\/v2\/tags?post=664"}],"curies":[{"name":"wp","href":"https:\/\/api.w.org\/{rel}","templated":true}]}}