{"id":64,"date":"2012-12-21T00:00:00","date_gmt":"2012-12-20T23:00:00","guid":{"rendered":"https:\/\/www.monapart.com\/magazine\/?p=64"},"modified":"2025-07-31T10:55:28","modified_gmt":"2025-07-31T08:55:28","slug":"nadie-durmiendo-en-la-calle","status":"publish","type":"post","link":"https:\/\/www.monapart.com\/magazine\/noticias\/nadie-durmiendo-en-la-calle","title":{"rendered":"Nadie durmiendo en la calle"},"content":{"rendered":"\n<h1 class=\"wp-block-heading\">Nadie durmiendo en la calle<\/h1>\n\n\n\n<h2 class=\"wp-block-heading\"><a href=\"https:\/\/www.monapart.com\/\">Monapart<\/a> colabora con Arrels Fundaci\u00f3 en su campa\u00f1a &#8216;Nadie durmiendo en la calle&#8217;, con el objetivo de sensibilizar a la ciudadan\u00eda y a la clase pol\u00edtica de la necesidad de conseguir que las personas sin hogar puedan tener un lugar digno en el que vivir.<\/h2>\n\n\n<div class='post-info'>21 de diciembre de 2012 por <a href='https:\/\/www.monapart.com\/magazine\/autor\/monapart'>Monapart<\/a><\/div>\n\n\n\n<p>En Barcelona hay m\u00e1s de 3.000 personas sin hogar. Para combatir esta realidad,&nbsp;<strong><a href=\"http:\/\/www.arrelsfundacio.org\/\" target=\"_blank\" rel=\"noreferrer noopener\">Arrels Fundaci\u00f3<\/a><\/strong>&nbsp;trabaja con la campa\u00f1a&nbsp;<a href=\"https:\/\/www.arrelsfundacio.org\/ningudormintalcarrer\/\" target=\"_blank\" rel=\"noreferrer noopener\"><strong>Nadie Durmiendo en la Calle<\/strong><\/a>, con el objetivo de sensibilizar amb l\u2019objectiu de sensibilitzar a la ciudadan\u00eda y a la clase pol\u00edtica de la necesidad de conseguir que las personas sin hogar puedan tener un lugar digno en el que vivir.<\/p>\n\n\n\n<p>Para conocer la problem\u00e1tica, Monapart ha contado con el testimonio de Josep Reverter, un barcelon\u00e9s nacido en el barrio de la Barceloneta que, por culpa de un desahucio, acab\u00f3 en la calle durante dos a\u00f1os y medio. La historia de Josep y su vinculaci\u00f3n con Arrels ilustra una realidad desgraciadamente demasiado cercana y que hay que combatir con todos los medios a nuestro alcance.<\/p>\n\n\n\n<figure class=\"wp-block-embed is-type-video is-provider-youtube wp-block-embed-youtube wp-embed-aspect-16-9 wp-has-aspect-ratio\"><div class=\"wp-block-embed__wrapper\">\n<iframe loading=\"lazy\" title=\"NINGU\u0301 DORMINT AL CARRER\" width=\"500\" height=\"281\" src=\"https:\/\/www.youtube.com\/embed\/S-gbaGX5KBU?feature=oembed\" frameborder=\"0\" allow=\"accelerometer; autoplay; clipboard-write; encrypted-media; gyroscope; picture-in-picture; web-share\" referrerpolicy=\"strict-origin-when-cross-origin\" allowfullscreen><\/iframe>\n<\/div><\/figure>\n\n\n\n<p>Por eso Monapart Barcelona colabora con la campa\u00f1a de Arrels donando el 0,7% de los ingresos obtenidos por operaciones de compraventa.<\/p>\n\n\n\n<p><\/p>\n","protected":false},"excerpt":{"rendered":"<p>Monapart colabora con Arrels Fundaci\u00f3 en su campa\u00f1a &#8216;Nadie durmiendo en la calle&#8217;, con el objetivo de sensibilizar a la ciudadan\u00eda y a la clase pol\u00edtica de la necesidad de conseguir que las personas sin hogar puedan tener un lugar digno en el que vivir.<\/p>\n","protected":false},"author":3,"featured_media":65,"comment_status":"closed","ping_status":"closed","sticky":false,"template":"","format":"standard","meta":{"_acf_changed":false,"footnotes":""},"categories":[2852,2854],"tags":[2872],"class_list":["post-64","post","type-post","status-publish","format-standard","has-post-thumbnail","hentry","category-noticias","category-actualidad","tag-barcelona"],"acf":[],"_links":{"self":[{"href":"https:\/\/www.monapart.com\/magazine\/wp-json\/wp\/v2\/posts\/64","targetHints":{"allow":["GET"]}}],"collection":[{"href":"https:\/\/www.monapart.com\/magazine\/wp-json\/wp\/v2\/posts"}],"about":[{"href":"https:\/\/www.monapart.com\/magazine\/wp-json\/wp\/v2\/types\/post"}],"author":[{"embeddable":true,"href":"https:\/\/www.monapart.com\/magazine\/wp-json\/wp\/v2\/users\/3"}],"replies":[{"embeddable":true,"href":"https:\/\/www.monapart.com\/magazine\/wp-json\/wp\/v2\/comments?post=64"}],"version-history":[{"count":3,"href":"https:\/\/www.monapart.com\/magazine\/wp-json\/wp\/v2\/posts\/64\/revisions"}],"predecessor-version":[{"id":18485,"href":"https:\/\/www.monapart.com\/magazine\/wp-json\/wp\/v2\/posts\/64\/revisions\/18485"}],"wp:featuredmedia":[{"embeddable":true,"href":"https:\/\/www.monapart.com\/magazine\/wp-json\/wp\/v2\/media\/65"}],"wp:attachment":[{"href":"https:\/\/www.monapart.com\/magazine\/wp-json\/wp\/v2\/media?parent=64"}],"wp:term":[{"taxonomy":"category","embeddable":true,"href":"https:\/\/www.monapart.com\/magazine\/wp-json\/wp\/v2\/categories?post=64"},{"taxonomy":"post_tag","embeddable":true,"href":"https:\/\/www.monapart.com\/magazine\/wp-json\/wp\/v2\/tags?post=64"}],"curies":[{"name":"wp","href":"https:\/\/api.w.org\/{rel}","templated":true}]}}