{"id":458,"date":"2011-01-25T00:00:00","date_gmt":"2011-01-24T23:00:00","guid":{"rendered":"https:\/\/www.monapart.com\/magazine\/?p=458"},"modified":"2025-08-05T14:12:26","modified_gmt":"2025-08-05T12:12:26","slug":"el-barcelones","status":"publish","type":"post","link":"https:\/\/www.monapart.com\/magazine\/noticias\/el-barcelones","title":{"rendered":"El futuro ser\u00e1 postinmobiliario, o no ser\u00e1"},"content":{"rendered":"\n<h1 class=\"wp-block-heading\">El futuro ser\u00e1 postinmobiliario, o no ser\u00e1 &#8211; Barcelon\u00e9s<\/h1>\n\n\n\n<h2 class=\"wp-block-heading\">Es un placer que hablen de ti en los medios, y m\u00e1s si es gracias a Barcelon\u00e9s, una revista de referencia y con la que compartimos mirada, y de la mano del periodista Rub\u00e9n Pujol.<\/h2>\n\n\n<div class='post-info'>25 de enero de 2011 por <a href='https:\/\/www.monapart.com\/magazine\/autor\/monapart'>Monapart<\/a><\/div>\n\n\n\n<p><strong>EL BARCELON\u00c9S<\/strong> | 25.01.2011 | Rub\u00e9n Pujol<\/p>\n\n\n\n<p>De nuevo, la emoci\u00f3n <a href=\"https:\/\/www.monapart.com\/\">que hablen de uno.<\/a> Que se enciendan los focos y te iluminen y te den el espacio y la atenci\u00f3n para que te expliques. Es un placer, y m\u00e1s si es gracias a <strong>Barcelon\u00e9s<\/strong>, una revista que seguimos de cerca y con la que compartimos mirada, y de la mano de Rub\u00e9n Pujol.<\/p>\n\n\n\n<p>A ellos debemos este nuevo impacto en los medios, este \u00faltimo \u00abHablan de nosotros\u00bb que esperamos sea el primero de muuuuuchos m\u00e1s. \u00a1Nos est\u00e1is malacostumbrando!<\/p>\n\n\n\n<figure class=\"wp-block-image\"><img decoding=\"async\" src=\"https:\/\/www.monapart.com\/sites\/default\/files\/styles\/scale_960x960_\/public\/mediabrowser\/barcelones_-_25.01.2011.jpg?itok=9zkl6mlY\" alt=\"El futuro ser\u00e1 postinmobiliario o no ser\u00e1 noticia publicada en la revista El Barcelon\u00e9s | Monapart\"\/><\/figure>\n\n\n\n<p><\/p>\n","protected":false},"excerpt":{"rendered":"<p>Es un placer que hablen de ti en los medios, y m\u00e1s si es gracias a Barcelon\u00e9s, una revista de referencia y con la que compartimos mirada, y de la mano del periodista Rub\u00e9n Pujol.<\/p>\n","protected":false},"author":3,"featured_media":459,"comment_status":"closed","ping_status":"closed","sticky":false,"template":"","format":"standard","meta":{"_acf_changed":false,"footnotes":""},"categories":[2852,2853],"tags":[2905],"class_list":["post-458","post","type-post","status-publish","format-standard","has-post-thumbnail","hentry","category-noticias","category-hablan-de-nosotros","tag-prensa"],"acf":[],"_links":{"self":[{"href":"https:\/\/www.monapart.com\/magazine\/wp-json\/wp\/v2\/posts\/458","targetHints":{"allow":["GET"]}}],"collection":[{"href":"https:\/\/www.monapart.com\/magazine\/wp-json\/wp\/v2\/posts"}],"about":[{"href":"https:\/\/www.monapart.com\/magazine\/wp-json\/wp\/v2\/types\/post"}],"author":[{"embeddable":true,"href":"https:\/\/www.monapart.com\/magazine\/wp-json\/wp\/v2\/users\/3"}],"replies":[{"embeddable":true,"href":"https:\/\/www.monapart.com\/magazine\/wp-json\/wp\/v2\/comments?post=458"}],"version-history":[{"count":8,"href":"https:\/\/www.monapart.com\/magazine\/wp-json\/wp\/v2\/posts\/458\/revisions"}],"predecessor-version":[{"id":18758,"href":"https:\/\/www.monapart.com\/magazine\/wp-json\/wp\/v2\/posts\/458\/revisions\/18758"}],"wp:featuredmedia":[{"embeddable":true,"href":"https:\/\/www.monapart.com\/magazine\/wp-json\/wp\/v2\/media\/459"}],"wp:attachment":[{"href":"https:\/\/www.monapart.com\/magazine\/wp-json\/wp\/v2\/media?parent=458"}],"wp:term":[{"taxonomy":"category","embeddable":true,"href":"https:\/\/www.monapart.com\/magazine\/wp-json\/wp\/v2\/categories?post=458"},{"taxonomy":"post_tag","embeddable":true,"href":"https:\/\/www.monapart.com\/magazine\/wp-json\/wp\/v2\/tags?post=458"}],"curies":[{"name":"wp","href":"https:\/\/api.w.org\/{rel}","templated":true}]}}