{"id":424,"date":"2014-03-23T00:00:00","date_gmt":"2014-03-22T23:00:00","guid":{"rendered":"https:\/\/www.monapart.com\/magazine\/?p=424"},"modified":"2025-07-30T10:34:18","modified_gmt":"2025-07-30T08:34:18","slug":"el-efecto-de-la-luz","status":"publish","type":"post","link":"https:\/\/www.monapart.com\/magazine\/noticias\/el-efecto-de-la-luz","title":{"rendered":"El efecto de la luz"},"content":{"rendered":"\n<h1 class=\"wp-block-heading\">El efecto de la luz<\/h1>\n\n\n\n<h2 class=\"wp-block-heading\">[PALMA | El pasado 23 de marzo La Almudaina, suplemento del <a href=\"http:\/\/www.diariodemallorca.es\/\" target=\"_blank\" rel=\"noreferrer noopener\">Diario de Mallorca<\/a>, publicaba la cr\u00f3nica \u00abEl efecto de la luz\u00bb sobre este fant\u00e1stico <a href=\"\/node\/281\" target=\"_blank\" rel=\"noreferrer noopener\">\u00e1tico en venta<\/a> en Monapart Palma, situado en El Terreno, con vistas \u00fanicas al mar, al Paseo Mar\u00edtimo y a la Bah\u00eda de Palma.]<\/h2>\n\n\n<div class='post-info'>23 de marzo de 2014 por <a href=\"https:\/\/www.monapart.com\/magazine\/autor\/monapart\">Monapart<\/a><\/div>\n\n\n\n<p><strong>LA ALMUDAINA (DIARIO DE MALLORCA)<\/strong> | 23.03.2014 | ESTEBAN MERCER<\/p>\n\n\n\n<figure class=\"wp-block-image\"><img decoding=\"async\" src=\"https:\/\/magazine.monapart.com\/sites\/default\/files\/mediabrowser\/el-efecto-de-la-luz-articulo-esteban_mercer-diario_de_mallorca-la_almudaina-23.03.2014.jpg\" alt=\"El efecto de la luz | Monapart \"\/><\/figure>\n\n\n\n<p>Hoy les mostramos un \u00e1tico d\u00faplex situado en el Paseo Mar\u00edtimo de Palma, gestionado por Monapart, de la que forma parte Tete Cresp\u00ed Benn\u00e0ssar, arquitecto del estudio Niu. Monapart utiliza, con apoyo de profesionales de la arquitectura de primer nivel una nueva forma de comunicar construcciones de alto calidad o singulares en su diferencia. Est\u00e1n triunfando. El \u00e1tico d\u00faplex de 140m2 de superficie construida con terraza de 90m2, de tres dormitorios, dos de ellos en suite, dos ba\u00f1os y un aseo, en una sexta altura real con ascensor, conserje, dos plazas de parking vigilado, piscina y zona ajardinada comunitaria puede ser considerado sin ambages como un aut\u00e9ntico <em>must<\/em>. Perfectamente orientado a sureste, todas las estancias son muy luminosas. La luz es la primera de las condiciones variables que influyen en la arquitectura. La luz es una de las condiciones que rodean a la arquitectura, pero tambi\u00e9n puede ser utilizada como elemento.<\/p>\n\n\n\n<figure class=\"wp-block-image\"><img decoding=\"async\" src=\"https:\/\/magazine.monapart.com\/sites\/default\/files\/mediabrowser\/salon-atico-venta-gabriel_roca-paseo_maritimo-palma_1.jpg\" alt=\"El efecto de la luz | Monapart \"\/><\/figure>\n\n\n\n<p>La luz solar es el medio dominante a trav\u00e9s del cual la gente experimenta la arquitectura; pero la luz, tanto natural como artificial, puede ser manipulada por el dise\u00f1o para identificar lugares concretos y darles un car\u00e1cter espec\u00edfico. Si consideramos la arquitectura como escultura, concluiremos que es precisamente la luz la que nos permite verla y apreciar sus formas. Si pensamos en la arquitectura como identificaci\u00f3n del lugar, distinguiremos entre lugares claros y lugares oscuros, lugares iluminados por una suave luz uniforme, mientras que otros se caracterizan por una fuerte luminosidad y unas sombras muy marcadas; lugares con luz moteada y otros en los que la luz est\u00e1 cambiando continua pero sutilmente, lugares, como los teatros, en los que existe un acusado contraste entre claridad, el escenario o lugar donde transcurre la acci\u00f3n, y oscuridad, auditorio o lugar destinado al publico&#8230;<\/p>\n\n\n\n<figure class=\"wp-block-image\"><img decoding=\"async\" src=\"https:\/\/magazine.monapart.com\/sites\/default\/files\/mediabrowser\/comedor-atico-venta-gabriel_roca-paseo_maritimo-palma_2.jpg\" alt=\"El efecto de la luz | Monapart \"\/><\/figure>\n\n\n\n<p>La luz puede relacionarse con la actividad del lugar. M\u00e1s en Palma, frente al mar, donde se conjugan vida laboral y vacaciones, en m\u00e1s de una ocasi\u00f3n sin que seamos conscientes de ello. A cada actividad se le puede encontrar el tipo de luz resultante m\u00e1s apropiado para llevarla a cabo. La luz cambia y puede ser alterada. La luz del cielo varia a trav\u00e9s de los ciclos de la noche y el d\u00eda, y tambi\u00e9n a lo largo de las diferentes estaciones del a\u00f1o; a veces, llega matiza o difusa por la presencia de nubes. Las variaciones de luz pueden ser estimulantes. La luz natural puede ser explotada para definir lugares. Sus cualidades pueden ser alteradas deliberadamente por el dise\u00f1o, variando la forma de penetraci\u00f3n de los rayos solares en el edificio. Algunas casas abiertas al cielo, permiten la entrada de una d\u00e9bil luz, casi religiosa que ilumina el hogar.<\/p>\n\n\n\n<figure class=\"wp-block-image\"><img decoding=\"async\" src=\"https:\/\/magazine.monapart.com\/sites\/default\/files\/mediabrowser\/piscina-atico-venta-gabriel_roca-paseo_maritimo-palma.jpg\" alt=\"El efecto de la luz | Monapart \"\/><\/figure>\n\n\n\n<p>Le Corbusier busco un efecto similar en las tres peque\u00f1as capillas laterales, envolvi\u00e9ndolas en una suave luz reflejada sobre el tosco encalado blanco de los muros Son sus famosas Capillas de Ronchamp. Tambi\u00e9n en esta casa que ven la luz se emplea de forma sabia, relajante o estimulante. En la primera planta del \u00e1tico se distribuye una amplia sala de estar, conectada con el comedor y la cocina, y con acceso a la terraza principal y al aseo de servicio. El comedor, con luz constante de norte, tiene vistas sobre el parque posterior. La cocina, grande y de alta gama, es muy funcional y su ubicaci\u00f3n permite que sirva a diferentes puntos de la casa. Las dos habitaciones de la planta son en suite, una de ellas con un gran vestidor independiente. Los ba\u00f1os son amplios y acabados con materiales nobles y elegantes.<\/p>\n\n\n\n<figure class=\"wp-block-image\"><img decoding=\"async\" src=\"https:\/\/magazine.monapart.com\/sites\/default\/files\/mediabrowser\/dormitorio-atico-venta-gabriel_roca-paseo_maritimo-palma_1.jpg\" alt=\"El efecto de la luz | Monapart \"\/><\/figure>\n\n\n\n<p>En la segunda planta del d\u00faplex se sit\u00faa la tercera habitaci\u00f3n, que es un espacio polivalente que tambi\u00e9n puede usarse como segunda sala. Este espacio se conecta con la fant\u00e1stica y enorme terraza con vistas \u00fanicas al mar, al Paseo Mar\u00edtimo y a la Bah\u00eda de Palma. La terraza est\u00e1 muy bien ideada para el disfrute, de la luz y de las sombras de la noche. Con tarima de madera, jardineras perimetrales y toldos solares plegables es gran protagonista de la vivienda situada en un edificio aislado en manzana abierta, construido en 1991, de seis alturas con ascensor y cuatro vecinos por planta que da, que regala libertad.<\/p>\n\n\n\n<figure class=\"wp-block-image\"><img decoding=\"async\" src=\"https:\/\/magazine.monapart.com\/sites\/default\/files\/mediabrowser\/terraza-atico-venta-gabriel_roca-paseo_maritimo-palma_2.jpg\" alt=\"El efecto de la luz | Monapart \"\/><\/figure>\n\n\n\n<p><\/p>\n\n\n\n<p><\/p>\n","protected":false},"excerpt":{"rendered":"<p>[PALMA | El pasado 23 de marzo La Almudaina, suplemento del Diario de Mallorca, publicaba la cr\u00f3nica \u00abEl efecto de la luz\u00bb sobre este fant\u00e1stico \u00e1tico en venta en Monapart Palma, situado en El Terreno, con vistas \u00fanicas al mar, al Paseo Mar\u00edtimo y a la Bah\u00eda de Palma.]<\/p>\n","protected":false},"author":3,"featured_media":425,"comment_status":"closed","ping_status":"closed","sticky":false,"template":"","format":"standard","meta":{"_acf_changed":false,"footnotes":""},"categories":[2852,2853],"tags":[3246,2905],"class_list":["post-424","post","type-post","status-publish","format-standard","has-post-thumbnail","hentry","category-noticias","category-hablan-de-nosotros","tag-palma-de-mallorca","tag-prensa"],"acf":[],"_links":{"self":[{"href":"https:\/\/www.monapart.com\/magazine\/wp-json\/wp\/v2\/posts\/424","targetHints":{"allow":["GET"]}}],"collection":[{"href":"https:\/\/www.monapart.com\/magazine\/wp-json\/wp\/v2\/posts"}],"about":[{"href":"https:\/\/www.monapart.com\/magazine\/wp-json\/wp\/v2\/types\/post"}],"author":[{"embeddable":true,"href":"https:\/\/www.monapart.com\/magazine\/wp-json\/wp\/v2\/users\/3"}],"replies":[{"embeddable":true,"href":"https:\/\/www.monapart.com\/magazine\/wp-json\/wp\/v2\/comments?post=424"}],"version-history":[{"count":3,"href":"https:\/\/www.monapart.com\/magazine\/wp-json\/wp\/v2\/posts\/424\/revisions"}],"predecessor-version":[{"id":18383,"href":"https:\/\/www.monapart.com\/magazine\/wp-json\/wp\/v2\/posts\/424\/revisions\/18383"}],"wp:featuredmedia":[{"embeddable":true,"href":"https:\/\/www.monapart.com\/magazine\/wp-json\/wp\/v2\/media\/425"}],"wp:attachment":[{"href":"https:\/\/www.monapart.com\/magazine\/wp-json\/wp\/v2\/media?parent=424"}],"wp:term":[{"taxonomy":"category","embeddable":true,"href":"https:\/\/www.monapart.com\/magazine\/wp-json\/wp\/v2\/categories?post=424"},{"taxonomy":"post_tag","embeddable":true,"href":"https:\/\/www.monapart.com\/magazine\/wp-json\/wp\/v2\/tags?post=424"}],"curies":[{"name":"wp","href":"https:\/\/api.w.org\/{rel}","templated":true}]}}