{"id":342,"date":"2012-01-23T00:00:00","date_gmt":"2012-01-22T23:00:00","guid":{"rendered":"https:\/\/www.monapart.com\/magazine\/?p=342"},"modified":"2025-08-04T14:33:03","modified_gmt":"2025-08-04T12:33:03","slug":"lounge-chair-eames-1956","status":"publish","type":"post","link":"https:\/\/www.monapart.com\/magazine\/hogar\/lounge-chair-eames-1956","title":{"rendered":"Lounge chair \u00b7 Eames (1956)"},"content":{"rendered":"\n<h1 class=\"wp-block-heading\">Lounge chair \u00b7 Eames (1956)<\/h1>\n\n\n\n<h2 class=\"wp-block-heading\">La <strong>Lounge Chair<\/strong> es uno de los dise\u00f1os m\u00e1s conocidos de <strong>Charles y Ray Eames<\/strong>. Creada en 1956, pero concebida varios a\u00f1os antes, es todo un cl\u00e1sico de la historia del mobiliario moderno, presente en museos como el MOMA de Nueva York o el Art Institute of Chicago, y en casas muy finolis de todas partes del mundo.<\/h2>\n\n\n<div class='post-info'>23 de enero de 2012 por <a href='https:\/\/www.monapart.com\/magazine\/autor\/monapart'>Monapart<\/a><\/div>\n\n\n\n<figure class=\"wp-block-image\"><img decoding=\"async\" src=\"https:\/\/www.monapart.com\/sites\/default\/files\/styles\/scale_960x960_\/public\/mediabrowser\/vitra-eames-lounge-chair.jpg?itok=5WUyf0EB\" alt=\"Lounge chair \u00b7 Eames (1956) | Monapart \"\/><\/figure>\n\n\n\n<p>Se ha vertido mucha tinta elogiando esta butaca maravillosa, y quiz\u00e1s poco podemos contarte que ya no sepas, aunque lo importante no es el qu\u00e9 (que tambi\u00e9n), sino el c\u00f3mo\u2026<\/p>\n\n\n\n<figure class=\"wp-block-image\"><img decoding=\"async\" src=\"https:\/\/www.monapart.com\/sites\/default\/files\/styles\/scale_960x960_\/public\/mediabrowser\/eames-lounge-chair.jpg?itok=luAn9ZsU\" alt=\"Lounge chair \u00b7 Eames (1956) | Monapart \"\/><\/figure>\n\n\n\n<p>Billy Wilder, amigo de la pareja, se pegaba unos siestones de \u00f3rdago cuando le invitaban a comer, y la butaca que usaba sufr\u00eda y se encorvaba por el peso del afamado director. Los Eames pensaron que su amigo necesitaba una butaca que fuera c\u00f3moda, muy c\u00f3moda, as\u00ed que, movidos por esta situaci\u00f3n e inspirados en el tradicional sill\u00f3n de club ingl\u00e9s y en un viejo guante de baseball, concibieron la Lounge Chair.<\/p>\n\n\n\n<figure class=\"wp-block-image\"><img decoding=\"async\" src=\"https:\/\/www.monapart.com\/sites\/default\/files\/styles\/scale_960x960_\/public\/mediabrowser\/billy-wilder-eames.jpg?itok=L9k8BICW\" alt=\"Lounge chair \u00b7 Eames (1956) | Monapart \"\/><\/figure>\n\n\n\n<p>Pero el embarazo dur\u00f3 algo m\u00e1s de nueve meses, pues pasaron varios a\u00f1os de reflexi\u00f3n y trabajo hasta que dieron forma definitiva a la butaca en 1956 para la empresa de mobiliario <strong>Herman Miller<\/strong>.<\/p>\n\n\n\n<figure class=\"wp-block-image\"><img decoding=\"async\" src=\"https:\/\/www.monapart.com\/sites\/default\/files\/styles\/scale_960x960_\/public\/mediabrowser\/anuncio-lounge-chair-eames-herman-miller-1956.jpg?itok=q7BOgs-d\" alt=\"Lounge chair \u00b7 Eames (1956) | Monapart \"\/><\/figure>\n\n\n\n<p>Fue su primer dise\u00f1o expresamente creado para un consumidor de alto poder adquisitivo. En este v\u00eddeo vemos su campa\u00f1ana de presentaci\u00f3n.<\/p>\n\n\n\n<p>\/\/www.youtube.com\/embed\/9SWL4gTQfTA<\/p>\n\n\n\n<p>El dise\u00f1o actual es ligeramente mayor que el original dado que los seres humanos no paramos de aumentar de tama\u00f1o (man\u00eda nuestra), y su producci\u00f3n es totalmente artesanal y respetuosa con el medio ambiente, pues todo el contrachapado de madera procede de bosques gestionados de manera sostenible y el resto de materiales son reciclados o reciclables\u2026 Aunque la mejor manera de reciclar esta maravilla, es pasarla de una generaci\u00f3n a otra. &nbsp;&nbsp;&nbsp;&nbsp;<\/p>\n\n\n\n<figure class=\"wp-block-image\"><img decoding=\"async\" src=\"https:\/\/www.monapart.com\/sites\/default\/files\/styles\/scale_960x960_\/public\/mediabrowser\/eames-lounge-chair_2.jpg?itok=0tz56WIY\" alt=\"Lounge chair \u00b7 Eames (1956) | Monapart \"\/><\/figure>\n\n\n\n<p>Hay un mont\u00f3n de copias por ah\u00ed, pero no te dejes enga\u00f1ar, s\u00f3lo <a href=\"http:\/\/www.hermanmiller.com\/Products\/Eames-Lounge-Chair-and-Ottoman\" target=\"_blank\" rel=\"noreferrer noopener\">Herman Miller<\/a> y <a href=\"http:\/\/www.vitra.com\/es-es\/home\/products\/lounge-chair-ottoman\/overview\/\" target=\"_blank\" rel=\"noreferrer noopener\">Vitra<\/a> producen la original, para el mercado americano y europeo, respectivamente.<\/p>\n\n\n\n<figure class=\"wp-block-image\"><img decoding=\"async\" src=\"https:\/\/www.monapart.com\/sites\/default\/files\/styles\/scale_960x960_\/public\/mediabrowser\/lounge-chair-atelier-vitra.jpg?itok=oqj2QBKA\" alt=\"Lounge chair \u00b7 Eames (1956) | Monapart \"\/><\/figure>\n\n\n\n<p>Por cierto, no te pierdas la primera pel\u00edcula sobre Charles &amp; Ray Eames, <strong><em>Eames: The Architect and the Painter<\/em><\/strong>, una producci\u00f3n ingente de material, gran parte in\u00e9dito, que ha servido para dar cuerpo a un documental dirigido por Jason Cohn y Bill Jersey y narrado por James Franco.&nbsp;<\/p>\n\n\n\n<figure class=\"wp-block-embed is-type-video is-provider-youtube wp-block-embed-youtube wp-embed-aspect-16-9 wp-has-aspect-ratio\"><div class=\"wp-block-embed__wrapper\">\n<iframe loading=\"lazy\" title=\"EAMES: The Architect and The Painter -  Trailer\" width=\"500\" height=\"281\" src=\"https:\/\/www.youtube.com\/embed\/_YMzmuBBBzo?feature=oembed\" frameborder=\"0\" allow=\"accelerometer; autoplay; clipboard-write; encrypted-media; gyroscope; picture-in-picture; web-share\" referrerpolicy=\"strict-origin-when-cross-origin\" allowfullscreen><\/iframe>\n<\/div><\/figure>\n","protected":false},"excerpt":{"rendered":"<p>La Lounge Chair es uno de los dise\u00f1os m\u00e1s conocidos de Charles y Ray Eames. Creada en 1956, pero concebida varios a\u00f1os antes, es todo un cl\u00e1sico de la historia del mobiliario moderno, presente en museos como el MOMA de Nueva York o el Art Institute of Chicago, y en casas muy finolis de todas partes del mundo.<\/p>\n","protected":false},"author":3,"featured_media":343,"comment_status":"closed","ping_status":"closed","sticky":false,"template":"","format":"standard","meta":{"_acf_changed":false,"footnotes":""},"categories":[2844,2846],"tags":[2881],"class_list":["post-342","post","type-post","status-publish","format-standard","has-post-thumbnail","hentry","category-hogar","category-espacios-y-vida","tag-mobiliario"],"acf":[],"_links":{"self":[{"href":"https:\/\/www.monapart.com\/magazine\/wp-json\/wp\/v2\/posts\/342","targetHints":{"allow":["GET"]}}],"collection":[{"href":"https:\/\/www.monapart.com\/magazine\/wp-json\/wp\/v2\/posts"}],"about":[{"href":"https:\/\/www.monapart.com\/magazine\/wp-json\/wp\/v2\/types\/post"}],"author":[{"embeddable":true,"href":"https:\/\/www.monapart.com\/magazine\/wp-json\/wp\/v2\/users\/3"}],"replies":[{"embeddable":true,"href":"https:\/\/www.monapart.com\/magazine\/wp-json\/wp\/v2\/comments?post=342"}],"version-history":[{"count":3,"href":"https:\/\/www.monapart.com\/magazine\/wp-json\/wp\/v2\/posts\/342\/revisions"}],"predecessor-version":[{"id":18625,"href":"https:\/\/www.monapart.com\/magazine\/wp-json\/wp\/v2\/posts\/342\/revisions\/18625"}],"wp:featuredmedia":[{"embeddable":true,"href":"https:\/\/www.monapart.com\/magazine\/wp-json\/wp\/v2\/media\/343"}],"wp:attachment":[{"href":"https:\/\/www.monapart.com\/magazine\/wp-json\/wp\/v2\/media?parent=342"}],"wp:term":[{"taxonomy":"category","embeddable":true,"href":"https:\/\/www.monapart.com\/magazine\/wp-json\/wp\/v2\/categories?post=342"},{"taxonomy":"post_tag","embeddable":true,"href":"https:\/\/www.monapart.com\/magazine\/wp-json\/wp\/v2\/tags?post=342"}],"curies":[{"name":"wp","href":"https:\/\/api.w.org\/{rel}","templated":true}]}}