{"id":294,"date":"2012-12-19T00:00:00","date_gmt":"2012-12-18T23:00:00","guid":{"rendered":"https:\/\/www.monapart.com\/magazine\/?p=294"},"modified":"2025-07-31T11:32:10","modified_gmt":"2025-07-31T09:32:10","slug":"antoni-yranzo","status":"publish","type":"post","link":"https:\/\/www.monapart.com\/magazine\/hogar\/antoni-yranzo","title":{"rendered":"Antoni Yranzo"},"content":{"rendered":"\n<h1 class=\"wp-block-heading\">Antoni Yranzo<\/h1>\n\n\n\n<h2 class=\"wp-block-heading\">L\u2019<a href=\"http:\/\/www.antoniyranzo.com\/\" target=\"_blank\" rel=\"noreferrer noopener\">Antoni Yranzo<\/a> \u00e9s un artista forjat al Poblenou. Nascut i criat en un dels districtes m\u00e9s industrials de Barcelona, aquest mestre escultor ha estat vinculat amb el barri des de sempre.<\/h2>\n\n\n<div class='post-info'>19 de diciembre de 2012 por <a href=\"https:\/\/www.monapart.com\/magazine\/autor\/monapart\">Monapart<\/a><\/div>\n\n\n\n<figure class=\"wp-block-embed is-type-video is-provider-youtube wp-block-embed-youtube wp-embed-aspect-16-9 wp-has-aspect-ratio\"><div class=\"wp-block-embed__wrapper\">\n<iframe loading=\"lazy\" title=\"ANTONIO YRANZO\" width=\"500\" height=\"281\" src=\"https:\/\/www.youtube.com\/embed\/4uISD2D7E0w?feature=oembed\" frameborder=\"0\" allow=\"accelerometer; autoplay; clipboard-write; encrypted-media; gyroscope; picture-in-picture; web-share\" referrerpolicy=\"strict-origin-when-cross-origin\" allowfullscreen><\/iframe>\n<\/div><\/figure>\n\n\n\n<p>Fill d\u2019una fam\u00edlia d\u2019ebenistes ubicats al cor del Poblenou, ara ja fa un temps l\u2019Antoni va heretar el taller del seu pare, un espai que ha marcat personal i professionalment la seva vida.<\/p>\n\n\n<div class=\"wp-block-image\">\n<figure class=\"aligncenter is-resized\"><img decoding=\"async\" src=\"https:\/\/magazine.monapart.com\/sites\/default\/files\/mediabrowser\/antoni-yranzo_1.jpg\" alt=\"Antoni Yranzo | Monapart \" style=\"width:586px;height:auto\"\/><\/figure>\n<\/div>\n\n\n<p>Ens explica que de ben petit passava els estius a l\u2019ebenisteria aprenent l\u2019ofici mentre els seus amics jugaven a La Rambla. El seu, per\u00f2, no \u00e9s un to de ressentiment sin\u00f3 m\u00e9s aviat de gratitud envers el llegat art\u00edstic transm\u00e8s pel seu pare.<\/p>\n\n\n<div class=\"wp-block-image\">\n<figure class=\"aligncenter is-resized\"><img decoding=\"async\" src=\"https:\/\/magazine.monapart.com\/sites\/default\/files\/mediabrowser\/antoni-yranzo-taller-casa-mitjana-15.jpg\" alt=\"Antoni Yranzo | Monapart \" style=\"width:589px;height:auto\"\/><\/figure>\n<\/div>\n\n\n<p>En certa manera, podr\u00edem dir que l\u2019Antoni ha crescut de la m\u00e0 del barri. L\u2019artista va passar del disseny de mobiliari exclusiu i d\u2019il\u00b7luminaci\u00f3 a centrar-se en la creaci\u00f3 d\u2019escultures org\u00e0niques que evoquen siluetes naturals. Una lesi\u00f3 a l\u2019esquena el va obligar a reinventar-se i despr\u00e9s de passar una etapa de convalesc\u00e8ncia, va haver de replantejar-se la seva l\u00ednia de treball. Fruit d\u2019aquesta reflexi\u00f3 van sorgir els <a href=\"http:\/\/www.antoniyranzo.com\/otokos\" target=\"_blank\" rel=\"noreferrer noopener\"><strong>Otokos<\/strong><\/a>, figures de metall i fusta que representen la consci\u00e8ncia social dels individus.<\/p>\n\n\n\n<figure class=\"wp-block-image\"><img decoding=\"async\" src=\"https:\/\/magazine.monapart.com\/sites\/default\/files\/mediabrowser\/antoni-yranzo-escultura.jpg\" alt=\"Antoni Yranzo | Monapart \"\/><\/figure>\n\n\n\n<p>La passi\u00f3 de l\u2019Antoni pel Poblenou \u00e9s tan gran que l\u2019ha portat a fer confluir fragments del barri en aquestes petites peces. Trobem, per exemple, Otokos esculpits entorn a llambordes del carrer Pere IV, peces que transmeten testimonis d\u2019una realitat hist\u00f2rica i social molt convulsa pel barri. La uni\u00f3 d\u2019art i d\u2019hist\u00f2ria en aquest cas, l\u2019ha perm\u00e8s plasmar moments d\u2019exaltaci\u00f3 viscuts durant la Guerra Civil Espanyola en una mateixa pe\u00e7a escult\u00f2rica.<\/p>\n\n\n\n<figure class=\"wp-block-image\"><img decoding=\"async\" src=\"https:\/\/magazine.monapart.com\/sites\/default\/files\/mediabrowser\/antoni-yranzo-creacion-piezas-pequenas_2.jpg\" alt=\"Antoni Yranzo | Monapart \"\/><\/figure>\n\n\n\n<figure class=\"wp-block-image\"><img decoding=\"async\" src=\"https:\/\/magazine.monapart.com\/sites\/default\/files\/mediabrowser\/antoni-yranzo-creacion-piezas-pequenas_3.jpg\" alt=\"Antoni Yranzo | Monapart \"\/><\/figure>\n\n\n\n<p>A banda d\u2019explorar diverses l\u00ednies creatives, l\u2019Antoni tamb\u00e9 s\u2019ha bolcat en la recuperaci\u00f3 del taller Yranzo, un espai de producci\u00f3 tradicionalment artesana. Amb l\u2019ajuda de la seva filla Elsa, ha transformat l\u2019ebenisteria en<strong> <a href=\"http:\/\/antoniyranzo.blogspot.com.es\/p\/espai-casamitjana-15.html\" target=\"_blank\" rel=\"noopener\">l\u2019Espai Casamitjana 15<\/a><\/strong>, un reducte que invita a la reflexi\u00f3 entorn a l\u2019art i una porta per a tota mena d\u2019esdeveniments.<\/p>\n\n\n\n<figure class=\"wp-block-image\"><img decoding=\"async\" src=\"https:\/\/magazine.monapart.com\/sites\/default\/files\/mediabrowser\/antoni-yranzo-estudi-taller_2.jpg\" alt=\"Antoni Yranzo | Monapart \"\/><\/figure>\n\n\n\n<p>Paral\u00b7lelament, tamb\u00e9 s\u2019ha adherit a la Taula de Creaci\u00f3, un \u00f2rgan que reivindica el Poblenou com a zona creativa i que fomenta les sinergies entre els tallers de tota la vida i els nouvinguts.<\/p>\n\n\n\n<figure class=\"wp-block-image\"><img decoding=\"async\" src=\"https:\/\/magazine.monapart.com\/sites\/default\/files\/mediabrowser\/poblenou-urban-district_0.jpg\" alt=\"Antoni Yranzo | Monapart \"\/><\/figure>\n\n\n\n<p>Per l\u2019Antoni l\u2019evoluci\u00f3 \u00e9s un fet inherent. Aquest tarann\u00e0 vitalista emana d\u2019ell i connecta amb als seus interlocutors. Estar despert, inquiet i obert a nous reptes de futur \u00e9s un c\u00e0non digne d\u2019admirar. En prenem nota, mestre.<\/p>\n\n\n\n<figure class=\"wp-block-image\"><img decoding=\"async\" src=\"https:\/\/magazine.monapart.com\/sites\/default\/files\/mediabrowser\/antoni-yranzo_2.jpg\" alt=\"Antoni Yranzo | Monapart \"\/><\/figure>\n\n\n\n<p><\/p>\n","protected":false},"excerpt":{"rendered":"<p>L\u2019Antoni Yranzo \u00e9s un artista forjat al Poblenou. Nascut i criat en un dels districtes m\u00e9s industrials de Barcelona, aquest mestre escultor ha estat vinculat amb el barri des de sempre.<\/p>\n","protected":false},"author":3,"featured_media":295,"comment_status":"closed","ping_status":"closed","sticky":false,"template":"","format":"standard","meta":{"_acf_changed":false,"footnotes":""},"categories":[2844,2845],"tags":[3233],"class_list":["post-294","post","type-post","status-publish","format-standard","has-post-thumbnail","hentry","category-hogar","category-mi-monapart","tag-carpinteria"],"acf":[],"_links":{"self":[{"href":"https:\/\/www.monapart.com\/magazine\/wp-json\/wp\/v2\/posts\/294","targetHints":{"allow":["GET"]}}],"collection":[{"href":"https:\/\/www.monapart.com\/magazine\/wp-json\/wp\/v2\/posts"}],"about":[{"href":"https:\/\/www.monapart.com\/magazine\/wp-json\/wp\/v2\/types\/post"}],"author":[{"embeddable":true,"href":"https:\/\/www.monapart.com\/magazine\/wp-json\/wp\/v2\/users\/3"}],"replies":[{"embeddable":true,"href":"https:\/\/www.monapart.com\/magazine\/wp-json\/wp\/v2\/comments?post=294"}],"version-history":[{"count":4,"href":"https:\/\/www.monapart.com\/magazine\/wp-json\/wp\/v2\/posts\/294\/revisions"}],"predecessor-version":[{"id":18514,"href":"https:\/\/www.monapart.com\/magazine\/wp-json\/wp\/v2\/posts\/294\/revisions\/18514"}],"wp:featuredmedia":[{"embeddable":true,"href":"https:\/\/www.monapart.com\/magazine\/wp-json\/wp\/v2\/media\/295"}],"wp:attachment":[{"href":"https:\/\/www.monapart.com\/magazine\/wp-json\/wp\/v2\/media?parent=294"}],"wp:term":[{"taxonomy":"category","embeddable":true,"href":"https:\/\/www.monapart.com\/magazine\/wp-json\/wp\/v2\/categories?post=294"},{"taxonomy":"post_tag","embeddable":true,"href":"https:\/\/www.monapart.com\/magazine\/wp-json\/wp\/v2\/tags?post=294"}],"curies":[{"name":"wp","href":"https:\/\/api.w.org\/{rel}","templated":true}]}}