{"id":272,"date":"2011-08-04T00:00:00","date_gmt":"2011-08-03T22:00:00","guid":{"rendered":"https:\/\/www.monapart.com\/magazine\/?p=272"},"modified":"2025-03-25T11:16:00","modified_gmt":"2025-03-25T10:16:00","slug":"en-familia-con-lluis-trillo","status":"publish","type":"post","link":"https:\/\/www.monapart.com\/magazine\/hogar\/en-familia-con-lluis-trillo","title":{"rendered":"En familia con Llu\u00eds Trillo"},"content":{"rendered":"\n<h1 class=\"wp-block-heading\">En familia con Llu\u00eds Trillo<\/h1>\n\n\n\n<h2 class=\"wp-block-heading\">Creatividad, familia y compromiso social.<\/h2>\n\n\n<div class='post-info'>4 de agosto de 2011 por <a href='https:\/\/www.monapart.com\/magazine\/autor\/monapart'>Monapart<\/a><\/div>\n\n\n\n<figure class=\"wp-block-image\"><img decoding=\"async\" src=\"https:\/\/magazine.monapart.com\/sites\/default\/files\/mediabrowser\/the-love-comes.png\" alt=\"The Love Comes | Monapart\"\/><\/figure>\n\n\n\n<h3 class=\"wp-block-heading\">El amor llega. Toda una declaraci\u00f3n de intenciones. As\u00ed define Llu\u00eds Trillo, uno de los tres fundadores de The Love Comes, la entidad sin \u00e1nimo de lucro que tres publicistas decidieron crear cuando se dieron cuenta que si pod\u00edan engrosar las arcas de las empresas tambi\u00e9n lo pod\u00edan hacer con un fin social.<\/h3>\n\n\n\n<p>Utilizando toda la creatividad y la experiencia adquirida en grandes agencias de publicidad, redefinieron la solidaridad como ellos mismos cuentan como \u00abalgo cool, inspirador y rentable. Lo hacemos usando la creatividad y los anhelos del siglo XXI estimulando as\u00ed un compromiso social compartido entre empresas y sociedad civil.\u00bb Pero sobre todo creen en el amor, y cuando Lluis nos explica sus \u00faltimos proyectos o c\u00f3mo su hija Lola le ha servido de inspiraci\u00f3n, su discurso se vuelve emocionante, atropellado y arrollador. Buena se\u00f1al.<\/p>\n\n\n<div class=\"wp-block-image\">\n<figure class=\"alignright is-resized\"><img decoding=\"async\" src=\"https:\/\/www.monapart.com\/sites\/default\/files\/styles\/scale_960x960_\/public\/mediabrowser\/en-familia-con-lluis-trillo_1.jpg?itok=FXpx7W8g\" alt=\"En familia con Llu\u00eds Trillo | Monapart\" style=\"width:281px;height:auto\"\/><\/figure>\n<\/div>\n\n\n<p>Contrasta la serenidad de Lola que desde bien peque\u00f1a se ha involucrado en los proyectos de su padre, ayudando en el <a href=\"http:\/\/www.primaverasound.com\/\" target=\"_blank\" rel=\"noreferrer noopener\">Primavera Sound<\/a> o inculcando buenos h\u00e1bitos en casa que servir\u00e1n como concepto base de su pr\u00f3ximo proyecto \u00abP\u00f3rtate bien, de mayor quiero ser como t\u00fa\u00bb.<\/p>\n\n\n\n<p>Merche se uni\u00f3 a este d\u00fao hace ya tiempo y asiente cuando Llu\u00eds nos explica que uno de los primeros proyectos que pusieron en marcha fue <strong><a href=\"https:\/\/www.facebook.com\/SuperNanas.org\" target=\"_blank\" rel=\"noreferrer noopener\">Supernanas<\/a><\/strong>, una idea que les surgi\u00f3 cuando vieron en un documental que las actuales madres inglesas cantaban temas de Britney Spears a sus bebes. Entre escandalizados y horrorizados decidieron ponerle freno al asunto antes de que traspasara el canal. Para su primer volumen contaron con la desinteresada colaboraci\u00f3n de grupos como <strong>Delaf\u00e9 y Las Flores Azules<\/strong>, <strong>Sidonie<\/strong>, <strong>Miqui Puig<\/strong>,<strong> Standstill<\/strong>, <strong>Vetusta Morla<\/strong>, <strong>Amaral<\/strong>, <strong>Love of Lesbian<\/strong> o <strong>Mar\u00eda Villal\u00f3n<\/strong>, entre otros.<br><\/p>\n\n\n\n<figure class=\"wp-block-embed is-type-video is-provider-youtube wp-block-embed-youtube wp-embed-aspect-4-3 wp-has-aspect-ratio\"><div class=\"wp-block-embed__wrapper\">\n<iframe loading=\"lazy\" title=\"SUPERNANAS Making off\" width=\"500\" height=\"375\" src=\"https:\/\/www.youtube.com\/embed\/GeKCmKUBv6A?feature=oembed\" frameborder=\"0\" allow=\"accelerometer; autoplay; clipboard-write; encrypted-media; gyroscope; picture-in-picture; web-share\" referrerpolicy=\"strict-origin-when-cross-origin\" allowfullscreen><\/iframe>\n<\/div><\/figure>\n\n\n\n<p>Llu\u00eds s\u00f3lo tiene palabras de agradecimiento y admiraci\u00f3n para todos ellos, y cuenta que pocos son los que tienen hijos, pero todos tienen sobrinos o ni\u00f1os peque\u00f1os alrededor, como Miqui Puig, al que sus sobrinos le piden que les ponga m\u00fasica \u00abde la que rueda\u00bb, y de ah\u00ed su supernana. Pero todos recuerdan las nanas de su infancia y han compartido ese momento de m\u00e1xima protecci\u00f3n que dan los padres a sus hijos cuando les acompa\u00f1an mientras llega el sue\u00f1o. Si la m\u00fasica es el eje central de sus proyectos, no es casual. Llu\u00eds se define como m\u00fasico frustrado y por ello, dice que le puso nombre de banda a su fundaci\u00f3n.<\/p>\n\n\n\n<figure class=\"wp-block-image\"><img decoding=\"async\" src=\"https:\/\/magazine.monapart.com\/sites\/default\/files\/mediabrowser\/supernanas.jpg\" alt=\"Supernanas | Monapart\"\/><\/figure>\n\n\n\n<p>Pero m\u00e1s all\u00e1 de coincidencias en deseos sublimados, la m\u00fasica es utilizada como punto de encuentro para los m\u00e1s peque\u00f1os para crearles valores que en un futuro puedan utilizar como herramientas para crear una sociedad mejor. Con nervios pero muy orgullosos, Llu\u00eds y sus socios celebraron el estreno del segundo disco de Supernanas el pasado 13 de diciembre con un concierto en el Liceu donde la mayor\u00eda de grupos interpretaron las nanas compuestas especialmente para este proyecto \u00fanico.<\/p>\n\n\n\n<figure class=\"wp-block-image\"><img decoding=\"async\" src=\"https:\/\/magazine.monapart.com\/sites\/default\/files\/mediabrowser\/supernanas-concierto-liceu.jpg\" alt=\"Supernanas | Monapart\"\/><\/figure>\n\n\n\n<h5 class=\"wp-block-heading has-medium-font-size\"><strong>\u00bfUn t\u00edpico domingo por la ma\u00f1ana?<\/strong> <\/h5>\n\n\n\n<p>Buscar alguna oferta cultural por la ciudad e ir con amigos a desayunar a alguna terraza. Muy urbanita.<\/p>\n\n\n\n<h5 class=\"wp-block-heading has-medium-font-size\"><strong>\u00bfLugar preferido para pasear?<\/strong> <\/h5>\n\n\n\n<p>Por el barrio de Gracia.<\/p>\n\n\n\n<h5 class=\"wp-block-heading has-medium-font-size\"><strong>Lectura favorita? <\/strong><\/h5>\n\n\n\n<p>Princesas olvidadas o desconocidas y Ger\u00f3nimo Stilton.<\/p>\n\n\n\n<h5 class=\"wp-block-heading has-medium-font-size\"><strong>\u00bfM\u00fasica favorita?<\/strong><\/h5>\n\n\n\n<p>Katy Perry, Lady Gaga, Delaf\u00e9, Blur, Love of Lesbian.<\/p>\n\n\n\n<h5 class=\"wp-block-heading has-medium-font-size\"><strong>\u00bfRestaurante preferido?<\/strong><\/h5>\n\n\n\n<p>La Flor de Gr\u00e0cia.<\/p>\n\n\n\n<h5 class=\"wp-block-heading has-medium-font-size\"><strong>\u00bfEl mejor consejo que os han dado sobre ni\u00f1os?<\/strong><\/h5>\n\n\n\n<p>Que no me pierda ning\u00fan momento.<\/p>\n\n\n\n<h5 class=\"wp-block-heading has-medium-font-size\"><strong>\u00bfMomento que record\u00e1is especialmente?<\/strong><\/h5>\n\n\n\n<p>Cuando Merche y yo nos casamos, Lola fue muy protagonista durante la ceremonia, y es un recuerdo muy especial.<\/p>\n\n\n\n<h3 class=\"wp-block-heading\">En cada proyecto, Llu\u00eds demuestra c\u00f3mo el amor, la familia y el compromiso social pueden fusionarse para crear un futuro mejor, inspirando tanto a empresas como a individuos a unirse por causas que realmente importan.<\/h3>\n\n\n\n<p><\/p>\n","protected":false},"excerpt":{"rendered":"<p>El amor llega. Toda una declaraci\u00f3n de intenciones. As\u00ed define Llu\u00eds Trillo, uno de los tres fundadores de The Love Comes, la entidad sin \u00e1nimo de lucro que tres publicistas decidieron crear cuando se dieron cuenta que si pod\u00edan engrosar las arcas de las empresas tambi\u00e9n lo pod\u00edan hacer con un fin social.<\/p>\n","protected":false},"author":3,"featured_media":273,"comment_status":"closed","ping_status":"closed","sticky":false,"template":"","format":"standard","meta":{"_acf_changed":false,"footnotes":""},"categories":[2844,2845],"tags":[2868],"class_list":["post-272","post","type-post","status-publish","format-standard","has-post-thumbnail","hentry","category-hogar","category-mi-monapart","tag-arte"],"acf":[],"_links":{"self":[{"href":"https:\/\/www.monapart.com\/magazine\/wp-json\/wp\/v2\/posts\/272","targetHints":{"allow":["GET"]}}],"collection":[{"href":"https:\/\/www.monapart.com\/magazine\/wp-json\/wp\/v2\/posts"}],"about":[{"href":"https:\/\/www.monapart.com\/magazine\/wp-json\/wp\/v2\/types\/post"}],"author":[{"embeddable":true,"href":"https:\/\/www.monapart.com\/magazine\/wp-json\/wp\/v2\/users\/3"}],"replies":[{"embeddable":true,"href":"https:\/\/www.monapart.com\/magazine\/wp-json\/wp\/v2\/comments?post=272"}],"version-history":[{"count":0,"href":"https:\/\/www.monapart.com\/magazine\/wp-json\/wp\/v2\/posts\/272\/revisions"}],"wp:featuredmedia":[{"embeddable":true,"href":"https:\/\/www.monapart.com\/magazine\/wp-json\/wp\/v2\/media\/273"}],"wp:attachment":[{"href":"https:\/\/www.monapart.com\/magazine\/wp-json\/wp\/v2\/media?parent=272"}],"wp:term":[{"taxonomy":"category","embeddable":true,"href":"https:\/\/www.monapart.com\/magazine\/wp-json\/wp\/v2\/categories?post=272"},{"taxonomy":"post_tag","embeddable":true,"href":"https:\/\/www.monapart.com\/magazine\/wp-json\/wp\/v2\/tags?post=272"}],"curies":[{"name":"wp","href":"https:\/\/api.w.org\/{rel}","templated":true}]}}