{"id":268,"date":"2011-05-12T00:00:00","date_gmt":"2011-05-11T22:00:00","guid":{"rendered":"https:\/\/www.monapart.com\/magazine\/?p=268"},"modified":"2025-08-05T13:19:09","modified_gmt":"2025-08-05T11:19:09","slug":"en-familia-con-josep-abril","status":"publish","type":"post","link":"https:\/\/www.monapart.com\/magazine\/hogar\/en-familia-con-josep-abril","title":{"rendered":"En familia con Josep Abril"},"content":{"rendered":"\n<h1 class=\"wp-block-heading\">En familia con Josep Abril<\/h1>\n\n\n\n<h2 class=\"wp-block-heading\">El dise\u00f1ador de moda Josep Abril y su mujer Alessia Zoppis nos reciben junto a sus hijas Allegra y Camilla en su patio mediterr\u00e1neo del barrio de Gr\u00e0cia.<\/h2>\n\n\n<div class='post-info'>12 de mayo de 2011 por <a href='https:\/\/www.monapart.com\/magazine\/autor\/monapart'>Monapart<\/a><\/div>\n\n\n\n<h5 class=\"wp-block-heading\"><strong>CAOS MAGAZINE<\/strong> | 12.05.2011<\/h5>\n\n\n\n<p>Despu\u00e9s de un fin de semana trepidante en el SonarKids, el dise\u00f1ador de moda <strong><a href=\"http:\/\/www.josepabril.com\/\" target=\"_blank\" rel=\"noopener\">Josep Abril<\/a><\/strong> y su mujer <strong>Alessia Zoppis<\/strong> nos reciben junto a sus hijas Allegra y Camilla en su patio mediterr\u00e1neo del barrio de Gr\u00e0cia.<\/p>\n\n\n\n<figure class=\"wp-block-image\"><img decoding=\"async\" src=\"https:\/\/www.monapart.com\/sites\/default\/files\/styles\/scale_960x960_\/public\/mediabrowser\/en-familia-con-josep-abril_1.jpg?itok=wbZOWrn9\" alt=\"En familia con Josep Abril | Monapart \"\/><\/figure>\n\n\n\n<p>Josep y Alessia pueden decir que han compartido muchos momentos profesionales satisfactorios como crear su propia marca, desfilar en Paris con su l\u00ednea para <strong>Armand Basi<\/strong> o el reciente lanzamiento de su l\u00ednea de uniformidad de lujo \u201c<strong>Uniformed By<\/strong>\u201d y la sastrer\u00eda a medida \u201c<strong>Bespoke<\/strong>\u201d.<\/p>\n\n\n\n<figure class=\"wp-block-image\"><img decoding=\"async\" src=\"https:\/\/magazine.monapart.com\/sites\/default\/files\/mediabrowser\/josep-font-armand-basi.jpg\" alt=\"En familia con Josep Abril | Monapart \"\/><\/figure>\n\n\n\n<p>Pero la experiencia vivida en el pasado festival de m\u00fasica y experiencias creativas <a href=\"http:\/\/www.sonarkids.com\" target=\"_blank\" rel=\"noreferrer noopener\">SonarKids<\/a> les ha permitido ver sus creaciones desde otro punto de vista y compartir el d\u00eda a d\u00eda con sus hijas.<\/p>\n\n\n\n<p>Ambos coinciden en valorar la experiencia de \u201c<strong>Vestits Vermells<\/strong>\u201d como positiva por varias razones. La principal es que los ni\u00f1os puedan ver que de una prenda pueda salir otra y que se pueden hacer muchas cosas diferentes. Adem\u00e1s del evidente entusiasmo con que las ni\u00f1as afrontaban el taller, tambi\u00e9n ha habido mucho ni\u00f1o interesado en participar y como resultado se puede ver a ni\u00f1os conociendo mejor un mundo de \u201cni\u00f1as\u201d y a la vez eliminando barreras impuestas por la sociedad.<\/p>\n\n\n<div class=\"wp-block-image\">\n<figure class=\"aligncenter\"><img decoding=\"async\" src=\"https:\/\/magazine.monapart.com\/sites\/default\/files\/mediabrowser\/sonarkids-josep-abril.jpg\" alt=\"En familia con Josep Abril | Monapart \"\/><\/figure>\n<\/div>\n\n\n<p>Allegra adem\u00e1s de ser la modelo de todos los vestidos que se pod\u00edan hacer en el taller, no lo duda un momento cuando le pedimos que pose con el famoso vestido A, que gracias a dos espont\u00e1neas que lo lucieron orgullosas en el escenario, se convirti\u00f3 en el m\u00e1s demandado de todo el evento.<\/p>\n\n\n\n<figure class=\"wp-block-image\"><img decoding=\"async\" src=\"https:\/\/magazine.monapart.com\/sites\/default\/files\/mediabrowser\/en-familia-con-josep-abril_3.jpg\" alt=\"En familia con Josep Abril | Monapart \"\/><\/figure>\n\n\n\n<p>Allegra coincide plenamente con la descripci\u00f3n que su nombre hace de ella: es alegre, espont\u00e1nea, divertida, juguetona&#8230; La mayor de las hijas de Josep y Alessia habla su lengua materna, el italiano, con fluidez y acento de pel\u00edcula de Scorsese, a la vez que hace piruetas acrob\u00e1ticas reci\u00e9n aprendidas de su clase de circo.<\/p>\n\n\n<div class=\"wp-block-image\">\n<figure class=\"aligncenter\"><img decoding=\"async\" src=\"https:\/\/www.monapart.com\/sites\/default\/files\/styles\/scale_960x960_\/public\/mediabrowser\/en-familia-con-josep-abril_2.jpg?itok=Ke4ZLpWC\" alt=\"En familia con Josep Abril | Monapart \"\/><\/figure>\n<\/div>\n\n\n<p>A su lado, su hermana Camilla colecciona tesoros en una caja y observa a su alrededor con su mirada dulce y tranquila, aunque su madre niega esta \u00faltima cualidad mientras ense\u00f1a alg\u00fan que otro morado.<\/p>\n\n\n\n<figure class=\"wp-block-image\"><img decoding=\"async\" src=\"https:\/\/magazine.monapart.com\/sites\/default\/files\/mediabrowser\/en-familia-con-josep-abril_8.jpg\" alt=\"En familia con Josep Abril | Monapart \"\/><\/figure>\n\n\n\n<p>Sus padres destacan de ellas la facilidad que tienen para desarrollar proyectos pl\u00e1sticos, sin duda una clara influencia de vivir en una familia dedicada por completo al dise\u00f1o de moda.<\/p>\n\n\n<div class=\"wp-block-image\">\n<figure class=\"aligncenter\"><img decoding=\"async\" src=\"https:\/\/magazine.monapart.com\/sites\/default\/files\/mediabrowser\/en-familia-con-josep-abril_5.jpg\" alt=\"En familia con Josep Abril | Monapart \"\/><\/figure>\n<\/div>\n\n<div class=\"wp-block-image\">\n<figure class=\"aligncenter\"><img decoding=\"async\" src=\"https:\/\/magazine.monapart.com\/sites\/default\/files\/mediabrowser\/en-familia-con-josep-abril_6.jpg\" alt=\"En familia con Josep Abril | Monapart \"\/><\/figure>\n<\/div>\n\n\n<p>Pero no es que las ni\u00f1as sientan especial predilecci\u00f3n por la moda si no, como dicen en su escuela, una de las pioneras de Barcelona en una educaci\u00f3n respetuosa con las elecciones de los ni\u00f1os, que se expresan a trav\u00e9s de materiales, texturas y colores de forma natural.<\/p>\n\n\n<div class=\"wp-block-image\">\n<figure class=\"aligncenter\"><img decoding=\"async\" src=\"https:\/\/www.monapart.com\/sites\/default\/files\/styles\/scale_960x960_\/public\/mediabrowser\/en-familia-con-josep-abril_7.jpg?itok=PLRTZDJW\" alt=\"En familia con Josep Abril | Monapart \"\/><\/figure>\n<\/div>\n\n\n<p><strong>&#8230; \u00bfUn t\u00edpico domingo por la ma\u00f1ana?<\/strong> Muy relajante; las ni\u00f1as vienen a nuestra cama hacemos un desayuno largo y jugamos en el patio.<br><strong>&#8230; \u00bfLugar preferido para pasear?<\/strong> Montju\u00efc y sus parques.<br><strong>&#8230; \u00bfLectura favorita? <\/strong>A Allegra le gustan los libros de manualidades y ahora mismo el Diccionario de palabras con im\u00e1genes. Camilla prefiere <em>El xumet de la Nina<\/em>.<br><strong>\u2026 \u00bfM\u00fasica favorita?<\/strong> A Allegra le gusta el grup Manel o Ant\u00f2nia Font y a Camilla le gusta cantar canciones.<br><strong>&#8230; \u00bfRestaurante preferido?<\/strong> El Santa.<br><strong>&#8230; \u00bfEl mejor consejo que os han dado sobre ni\u00f1os?<\/strong> Josep: ha habido familias desde hace 30.000 a\u00f1os y que sea como sea lo acabas consiguiendo (hacerlo bien). Alessia: que te dejes guiar por el instinto, hay que escuchar el coraz\u00f3n y no la cabeza.<br><strong>&#8230; \u00bfMomento que record\u00e1is especialmente? <\/strong>Josep: el nacimiento de Allegra. Alessia: para m\u00ed todo ha sido muy natural. No destacar\u00eda ninguno.<\/p>\n\n\n\n<p>Fotos :: \u00a9Antonella Delussu<\/p>\n\n\n\n<p><\/p>\n","protected":false},"excerpt":{"rendered":"<p>El dise\u00f1ador de moda Josep Abril y su mujer Alessia Zoppis nos reciben junto a sus hijas Allegra y Camilla en su patio mediterr\u00e1neo del barrio de Gr\u00e0cia.<\/p>\n","protected":false},"author":3,"featured_media":269,"comment_status":"closed","ping_status":"closed","sticky":false,"template":"","format":"standard","meta":{"_acf_changed":false,"footnotes":""},"categories":[2844,2845],"tags":[2868],"class_list":["post-268","post","type-post","status-publish","format-standard","has-post-thumbnail","hentry","category-hogar","category-mi-monapart","tag-arte"],"acf":[],"_links":{"self":[{"href":"https:\/\/www.monapart.com\/magazine\/wp-json\/wp\/v2\/posts\/268","targetHints":{"allow":["GET"]}}],"collection":[{"href":"https:\/\/www.monapart.com\/magazine\/wp-json\/wp\/v2\/posts"}],"about":[{"href":"https:\/\/www.monapart.com\/magazine\/wp-json\/wp\/v2\/types\/post"}],"author":[{"embeddable":true,"href":"https:\/\/www.monapart.com\/magazine\/wp-json\/wp\/v2\/users\/3"}],"replies":[{"embeddable":true,"href":"https:\/\/www.monapart.com\/magazine\/wp-json\/wp\/v2\/comments?post=268"}],"version-history":[{"count":4,"href":"https:\/\/www.monapart.com\/magazine\/wp-json\/wp\/v2\/posts\/268\/revisions"}],"predecessor-version":[{"id":18717,"href":"https:\/\/www.monapart.com\/magazine\/wp-json\/wp\/v2\/posts\/268\/revisions\/18717"}],"wp:featuredmedia":[{"embeddable":true,"href":"https:\/\/www.monapart.com\/magazine\/wp-json\/wp\/v2\/media\/269"}],"wp:attachment":[{"href":"https:\/\/www.monapart.com\/magazine\/wp-json\/wp\/v2\/media?parent=268"}],"wp:term":[{"taxonomy":"category","embeddable":true,"href":"https:\/\/www.monapart.com\/magazine\/wp-json\/wp\/v2\/categories?post=268"},{"taxonomy":"post_tag","embeddable":true,"href":"https:\/\/www.monapart.com\/magazine\/wp-json\/wp\/v2\/tags?post=268"}],"curies":[{"name":"wp","href":"https:\/\/api.w.org\/{rel}","templated":true}]}}