{"id":266,"date":"2011-08-04T00:00:00","date_gmt":"2011-08-03T22:00:00","guid":{"rendered":"https:\/\/www.monapart.com\/magazine\/?p=266"},"modified":"2025-03-25T11:21:19","modified_gmt":"2025-03-25T10:21:19","slug":"en-familia-con-gabriela-wiener","status":"publish","type":"post","link":"https:\/\/www.monapart.com\/magazine\/hogar\/en-familia-con-gabriela-wiener","title":{"rendered":"En familia con Gabriela Wiener"},"content":{"rendered":"\n<h1 class=\"wp-block-heading\">En familia con Gabriela Wiener<\/h1>\n\n\n\n<h2 class=\"wp-block-heading\">Cr\u00f3nica \u00edntima de una maternidad sin filtro. <\/h2>\n\n\n<div class='post-info'>4 de agosto de 2011 por <a href='https:\/\/www.monapart.com\/magazine\/autor\/monapart'>Monapart<\/a><\/div>\n\n\n\n<figure class=\"wp-block-image\"><img decoding=\"async\" src=\"https:\/\/magazine.monapart.com\/sites\/default\/files\/mediabrowser\/en-familia-con-gabriela-wiener.jpg\" alt=\"Familia Gabriela Wiener | Monapart \"\/><\/figure>\n\n\n\n<h3 class=\"wp-block-heading\">Hace un tiempo se publicaba en la revista Marie Claire un reportaje sobre la lactancia materna que inauguraba un repentino inter\u00e9s sobre el tema en los medios de comunicaci\u00f3n, algunos con un enfoque m\u00e1s afortunado que otros. La autora de este reportaje franco y directo fue <strong><a href=\"http:\/\/es.wikipedia.org\/wiki\/Gabriela_Wiener\" target=\"_blank\" rel=\"noreferrer noopener\">Gabriela Wiener<\/a><\/strong>, que hoy nos presenta a su familia.<\/h3>\n\n\n\n<p>Lleg\u00f3 a Barcelona desde su Per\u00fa natal en el a\u00f1o 2003 y aqu\u00ed tuvo, junto a su marido <a href=\"http:\/\/es.wikipedia.org\/wiki\/Jaime_Rodr%C3%ADguez_Z.\" target=\"_blank\" rel=\"noreferrer noopener\">Jaime Rodr\u00edguez Z.<\/a>, tambi\u00e9n escritor, a su hija Lena. En 2008 publicaba <a href=\"http:\/\/www.amazon.es\/Sexografias-UHF-Gabriela-Wiener\/dp\/8496614530\/ref=sr_1_1?s=books&amp;ie=UTF8&amp;qid=1426241088&amp;sr=1-1&amp;keywords=sexografias+gabriela+wiener\" target=\"_blank\" rel=\"noreferrer noopener\"><em>Sexograf\u00edas<\/em><\/a>, y en 2009 <a href=\"https:\/\/www.amazon.es\/Nueve-lunas-Literatura-Random-House\/dp\/8439722036\/ref=sr_1_1?__mk_es_ES=%C3%85M%C3%85%C5%BD%C3%95%C3%91&amp;dchild=1&amp;keywords=wiener+nueve+lunas&amp;qid=1601540749&amp;sr=8-1\" target=\"_blank\" rel=\"noreferrer noopener\"><em>Nueve Lunas<\/em><\/a>. Considerada una periodista gonzo, t\u00e9rmino que describe a aquel cronista que es a la vez protagonista de su cr\u00f3nica y que hizo famoso Hunter S. Thompson, sus novelas tienen ese estilo directo y crudo que caracteriza este g\u00e9nero period\u00edstico.<\/p>\n\n\n<div class=\"wp-block-image\">\n<figure class=\"alignleft is-resized\"><img decoding=\"async\" src=\"https:\/\/magazine.monapart.com\/sites\/default\/files\/mediabrowser\/gabriela-wiener-sexografias.png\" alt=\"Sexograf\u00edas Gabriela Wiener | Monapart \" style=\"width:450px;height:auto\"\/><\/figure>\n<\/div>\n\n\n<p>En su caso los temas de las novelas han sido el sexo y el embarazo respectivamente. En Nueve Lunas, Gabriela est\u00e1 en un hospital, recuper\u00e1ndose de una intervenci\u00f3n quir\u00fargica, cuando se entera de que a su padre le han detectado un c\u00e1ncer de colon, que una de sus amigas acaba de suicidarse y que la revista para la que trabaja ha cerrado definitivamente. Abatida y sumida en la incertidumbre, el futuro se le presentar\u00e1 en forma de dos inoportunas l\u00edneas rojas en el Predictor, reveladoras de que esa n\u00e1usea vital que la embarga es en realidad un embarazo inesperado. Esos nueve meses de espera le servir\u00e1n para disertar sobre la necesidad neur\u00f3tica de perpetuar la especie mientras imagina partos sin anestesia y tiene delirios biotecnol\u00f3gicos.<\/p>\n\n\n\n<p><\/p>\n\n\n\n<p><\/p>\n\n\n\n<p><\/p>\n\n\n\n<p><\/p>\n\n\n\n<figure class=\"wp-block-embed is-type-video is-provider-youtube wp-block-embed-youtube wp-embed-aspect-4-3 wp-has-aspect-ratio\"><div class=\"wp-block-embed__wrapper\">\n<iframe loading=\"lazy\" title=\"Nueve Lunas de Gabriela Wiener\" width=\"500\" height=\"375\" src=\"https:\/\/www.youtube.com\/embed\/qzk3U1CKH1c?feature=oembed\" frameborder=\"0\" allow=\"accelerometer; autoplay; clipboard-write; encrypted-media; gyroscope; picture-in-picture; web-share\" referrerpolicy=\"strict-origin-when-cross-origin\" allowfullscreen><\/iframe>\n<\/div><\/figure>\n\n\n\n<p>Se podr\u00eda a\u00f1adir un ep\u00edlogo a este libro y se llamar\u00eda Lena. Vivaracha y feliz, su madre dice de ella \u00abLa amo. Y ella me ama. Amo que sea un amor correspondido con precisi\u00f3n. Hay pocos en la vida. Amo volver del mundo y que ella est\u00e9 ah\u00ed donde la dej\u00e9, esper\u00e1ndome, seduci\u00e9ndome, sorprendi\u00e9ndome, manipul\u00e1ndome, me gusta ser su mu\u00f1eca gigante y su hero\u00edna. Que me huela y me siga como un perrito, que se meta en mi cama y que imite mi horrible forma de verter, segura de que soy el colmo de lo <em>cool<\/em>. Amo hacerla feliz y que no sea un amor f\u00e1cil, sino extremo, contradictorio, como todos los amores de mi vida que valen la pena y que me hacen vivir y escribir. Amo ser madre porque aunque las resacas se sufran m\u00e1s f\u00edsicamente, desde que ella existe ya no he vuelto a sentirme ni demasiado est\u00fapida, ni demasiado in\u00fatil, ni demasiado triste. Mi hija es brillante, hermosa y feliz.\u00bb<\/p>\n\n\n<div class=\"wp-block-image\">\n<figure class=\"alignright is-resized\"><img decoding=\"async\" src=\"https:\/\/magazine.monapart.com\/sites\/default\/files\/mediabrowser\/gabriela-wiener-nueve-lunas.jpg\" alt=\"Nueve lunas Gabriela Wiener | Monapart \" style=\"width:243px;height:auto\"\/><\/figure>\n<\/div>\n\n\n<p>En cuanto a su obra, \u00abTendr\u00e9 que ser coherente y dejarme sorprender por mi hija, como yo he sorprendido a mi madre. Sospecho que mi hija ser\u00e1 tan inteligente como mi mam\u00e1 en este tipo de cosas. Me gustar\u00eda que me preguntara para cu\u00e1ndo la segunda parte y que me hiciera comentarios sesudos, cr\u00edticos y humor\u00edsticos sobre mi estilo literario. Ah, y que por supuesto, no le preocupe si la dejo bien o mal.\u00bb<\/p>\n\n\n\n<p>Dice que la realidad en su embarazo \u00abera objetivamente dura pero no era todo culpa de los cambios hormonales, m\u00e1s bien ten\u00eda que ver con cosas que me estaban pasando: el desempleo, la soledad, la enfermedad de mi padre, las p\u00e9rdidas. Un embarazo dura nueve meses, nueve largos meses en los que uno pasa por diferentes estados de \u00e1nimo, tambi\u00e9n por el rechazo y por el miedo. Por eso en mi libro hay im\u00e1genes tiernas pero tambi\u00e9n muy oscuras e incluso gores; se habla mucho de la vida pero tambi\u00e9n de la muerte, del sexo durante el embarazo, pero tambi\u00e9n del porno con embarazadas, del deseo de ser madre y del odio a las madres, del parricidio y el horror de los hospitales.\u00bb<\/p>\n\n\n\n<h5 class=\"wp-block-heading has-medium-font-size\"><strong>\u00bfUn t\u00edpico domingo por la ma\u00f1ana?<\/strong> <\/h5>\n\n\n\n<p>Estar en pijama, comer un desayuno guarro, ver pel\u00edculas con Lena.&nbsp;<\/p>\n\n\n\n<h5 class=\"wp-block-heading has-medium-font-size\"><strong>\u00bfLugar preferido para pasear?<\/strong><\/h5>\n\n\n\n<p> Nuestro barrio, el Raval.<\/p>\n\n\n\n<h5 class=\"wp-block-heading has-medium-font-size\"><strong>\u00bfLectura favorita? <\/strong><\/h5>\n\n\n\n<p><em>Donde viven los monstruos<\/em>.<\/p>\n\n\n\n<h5 class=\"wp-block-heading has-medium-font-size\"><strong> \u00bfM\u00fasica favorita?<\/strong> <\/h5>\n\n\n\n<p>La flor de la canela, de Chabuca Granda.<\/p>\n\n\n\n<h5 class=\"wp-block-heading has-medium-font-size\"><strong>\u00bfRestaurante preferido?<\/strong> <\/h5>\n\n\n\n<p>El Carmelitas.<\/p>\n\n\n\n<h5 class=\"wp-block-heading has-medium-font-size\"><strong>\u00bfEl mejor consejo que os han dado sobre ni\u00f1os?<\/strong> <\/h5>\n\n\n\n<p>Que la cuna no me iba a servir para nada.<\/p>\n\n\n\n<figure class=\"wp-block-image\"><img decoding=\"async\" src=\"https:\/\/magazine.monapart.com\/sites\/default\/files\/mediabrowser\/en-familia-con-gabriela-wiener_4.jpg\" alt=\"Gabriela Wiener | Monapart \"\/><\/figure>\n\n\n\n<h5 class=\"wp-block-heading has-medium-font-size\"><strong>\u00bfMomento que record\u00e1is especialmente? <\/strong><\/h5>\n\n\n\n<p>Hay tantos. Hace poco, el d\u00eda que ley\u00f3 su primera palabra. &nbsp;<\/p>\n\n\n\n<h3 class=\"wp-block-heading\">Entre el amor incondicional y la crudeza de la vida, Gabriela Wiener nos ha mostrado que la maternidad, como la escritura, es un viaje lleno de contradicciones, sorpresas y verdades sin adornos.<\/h3>\n\n\n\n<p><\/p>\n","protected":false},"excerpt":{"rendered":"<p>Hace un tiempo se publicaba en la revista Marie Claire un reportaje sobre la lactancia materna que inauguraba un repentino inter\u00e9s sobre el tema en los medios de comunicaci\u00f3n, algunos con un enfoque m\u00e1s afortunado que otros. La autora de este reportaje franco y directo fue Gabriela Wiener, que hoy nos presenta a su familia.<\/p>\n","protected":false},"author":3,"featured_media":267,"comment_status":"closed","ping_status":"closed","sticky":false,"template":"","format":"standard","meta":{"_acf_changed":false,"footnotes":""},"categories":[2844,2845],"tags":[2868],"class_list":["post-266","post","type-post","status-publish","format-standard","has-post-thumbnail","hentry","category-hogar","category-mi-monapart","tag-arte"],"acf":[],"_links":{"self":[{"href":"https:\/\/www.monapart.com\/magazine\/wp-json\/wp\/v2\/posts\/266","targetHints":{"allow":["GET"]}}],"collection":[{"href":"https:\/\/www.monapart.com\/magazine\/wp-json\/wp\/v2\/posts"}],"about":[{"href":"https:\/\/www.monapart.com\/magazine\/wp-json\/wp\/v2\/types\/post"}],"author":[{"embeddable":true,"href":"https:\/\/www.monapart.com\/magazine\/wp-json\/wp\/v2\/users\/3"}],"replies":[{"embeddable":true,"href":"https:\/\/www.monapart.com\/magazine\/wp-json\/wp\/v2\/comments?post=266"}],"version-history":[{"count":0,"href":"https:\/\/www.monapart.com\/magazine\/wp-json\/wp\/v2\/posts\/266\/revisions"}],"wp:featuredmedia":[{"embeddable":true,"href":"https:\/\/www.monapart.com\/magazine\/wp-json\/wp\/v2\/media\/267"}],"wp:attachment":[{"href":"https:\/\/www.monapart.com\/magazine\/wp-json\/wp\/v2\/media?parent=266"}],"wp:term":[{"taxonomy":"category","embeddable":true,"href":"https:\/\/www.monapart.com\/magazine\/wp-json\/wp\/v2\/categories?post=266"},{"taxonomy":"post_tag","embeddable":true,"href":"https:\/\/www.monapart.com\/magazine\/wp-json\/wp\/v2\/tags?post=266"}],"curies":[{"name":"wp","href":"https:\/\/api.w.org\/{rel}","templated":true}]}}