{"id":22115,"date":"2025-11-03T10:10:00","date_gmt":"2025-11-03T09:10:00","guid":{"rendered":"https:\/\/www.monapart.com\/magazine\/?p=22115"},"modified":"2026-09-03T13:18:32","modified_gmt":"2026-09-03T11:18:32","slug":"miqui-puig","status":"publish","type":"post","link":"https:\/\/www.monapart.com\/magazine\/hogar\/miqui-puig","title":{"rendered":"La letra M de Miqui Puig: un hogar hecho de vinilos, ne\u00f3n y confort"},"content":{"rendered":"\n<h1 class=\"wp-block-heading\"><strong>La letra M de Miqui Puig: un hogar hecho de vinilos, ne\u00f3n y confort<\/strong><\/h1>\n\n\n\n<h2 class=\"wp-block-heading\"><strong>El cantante, DJ y locutor nos abre la puerta de su casa y nos explica por qu\u00e9 la belleza, a veces, cabe en un panecillo reci\u00e9n hecho<\/strong><\/h2>\n\n\n<div class='post-info'>3 de noviembre de 2025 por <a href='https:\/\/www.monapart.com\/magazine\/autor\/claudia-romero'>Claudia Romero<\/a><\/div>\n\n\n\n<p class=\"wp-block-paragraph\"><span class=\"class-h3\">Miqui Puig (L&#8217;Ametlla del Vall\u00e8s, 1968) fue el l\u00edder de Los Sencillos, la banda que marc\u00f3 el pop espa\u00f1ol de los noventa con temas como <em>Bonito es<\/em> y <em>Mala mujer<\/em>. Desde entonces ha sido cantante en solitario, DJ en festivales como el S\u00f3nar o el Primavera Sound, jurado televisivo y, desde hace ocho a\u00f1os, la voz diaria de <em>Pista de Fusta<\/em>, su programa de m\u00fasica de baile en Catalunya R\u00e0dio. Un dandy del pop, elegante y showman, que en 2025 public\u00f3 su primer libro.<\/span><\/p>\n\n\n\n<p class=\"wp-block-paragraph\"><span class=\"class-h3\">Le hemos pedido que nos abra la puerta de su casa en La Porter\u00eda, la secci\u00f3n m\u00e1s \u00abcotilla\u00bb de nuestro <a href=\"https:\/\/www.monapart.com\/magazine\/noticias\/gente-real-podcast-monapart\" target=\"_blank\" rel=\"noreferrer noopener\">podcast Gente Real<\/a>: de lo que suena, de lo que no negocia y de lo que comprar\u00eda ma\u00f1ana mismo si pudiera.<\/span><\/p>\n\n\n\n<figure class=\"wp-block-image size-large\"><img loading=\"lazy\" decoding=\"async\" width=\"1024\" height=\"683\" src=\"https:\/\/www.monapart.com\/magazine\/wp-content\/uploads\/2025\/11\/17485132045397-1024x683.jpg\" alt=\"La letra M de Miqui Puig | Monapart \" class=\"wp-image-22124\" srcset=\"https:\/\/www.monapart.com\/magazine\/wp-content\/uploads\/2025\/11\/17485132045397-1024x683.jpg 1024w, https:\/\/www.monapart.com\/magazine\/wp-content\/uploads\/2025\/11\/17485132045397-300x200.jpg 300w, https:\/\/www.monapart.com\/magazine\/wp-content\/uploads\/2025\/11\/17485132045397-768x512.jpg 768w, https:\/\/www.monapart.com\/magazine\/wp-content\/uploads\/2025\/11\/17485132045397-1536x1024.jpg 1536w, https:\/\/www.monapart.com\/magazine\/wp-content\/uploads\/2025\/11\/17485132045397-2048x1365.jpg 2048w, https:\/\/www.monapart.com\/magazine\/wp-content\/uploads\/2025\/11\/17485132045397-18x12.jpg 18w, https:\/\/www.monapart.com\/magazine\/wp-content\/uploads\/2025\/11\/17485132045397-1200x800.jpg 1200w\" sizes=\"auto, (max-width: 1024px) 100vw, 1024px\" \/><figcaption class=\"wp-element-caption\">\u00a9Sergio Gonz\u00e1lez<\/figcaption><\/figure>\n\n\n\n<h2 class=\"wp-block-heading\"><strong>H\u00e1blanos de ti y de tu trabajo. \u00bfD\u00f3nde naci\u00f3 tu vocaci\u00f3n? <\/strong><\/h2>\n\n\n\n<p class=\"wp-block-paragraph\">Siempre digo que soy cantante y que vivo de la canci\u00f3n y sus alrededores. Al no poder dedicarme al cien por cien solo a hacer canciones, venderlas y cantarlas, he tenido la suerte de hacer radio, de pinchar, de escribir. No s\u00e9 muy bien d\u00f3nde nace la vocaci\u00f3n: dicen que mi abuelo me vio de peque\u00f1o cantando en el pomo de la escalera de casa de mis padres y ya dijo que \u00e9l pasar\u00eda el plato para recoger el dinero. No se equivoc\u00f3 del todo.<\/p>\n\n\n\n<h2 class=\"wp-block-heading\"><strong>\u00bfLa primera palabra que te viene cuando piensas en casa?<\/strong> <\/h2>\n\n\n\n<p class=\"wp-block-paragraph\">Pancho. Es nuestra perra, nuestra border collie, una belleza de cinco a\u00f1os que se pasea por aqu\u00ed y que cuando llego de vuelo aparece con las orejas y la cola para darme besos.<\/p>\n\n\n\n<h2 class=\"wp-block-heading\"><strong>\u00bfQu\u00e9 olor o sonido te hace sentir en casa al instante?<\/strong> <\/h2>\n\n\n\n<p class=\"wp-block-paragraph\">Para m\u00ed son m\u00e1s sonidos que olores, aunque me gustan mucho los olores tambi\u00e9n. Pero lo importante son los ladridos de Pancho y mi equipo de sonido, uno abajo y uno arriba: uno para el despacho y uno para el ocio. Poder poner un vinilo cuando quiera, eso para m\u00ed es casa.<\/p>\n\n\n<div class=\"wp-block-image\">\n<figure class=\"aligncenter size-large is-resized\"><img loading=\"lazy\" decoding=\"async\" width=\"1024\" height=\"819\" src=\"https:\/\/www.monapart.com\/magazine\/wp-content\/uploads\/2026\/09\/3-1024x819.png\" alt=\"Casa de Miqui Puig | Monapart \" class=\"wp-image-22119\" style=\"aspect-ratio:1.25;width:684px;height:auto\" srcset=\"https:\/\/www.monapart.com\/magazine\/wp-content\/uploads\/2026\/09\/3-1024x819.png 1024w, https:\/\/www.monapart.com\/magazine\/wp-content\/uploads\/2026\/09\/3-300x240.png 300w, https:\/\/www.monapart.com\/magazine\/wp-content\/uploads\/2026\/09\/3-768x614.png 768w, https:\/\/www.monapart.com\/magazine\/wp-content\/uploads\/2026\/09\/3-15x12.png 15w, https:\/\/www.monapart.com\/magazine\/wp-content\/uploads\/2026\/09\/3.png 1350w\" sizes=\"auto, (max-width: 1024px) 100vw, 1024px\" \/><\/figure>\n<\/div>\n\n\n<h2 class=\"wp-block-heading\"><strong>\u00bfCu\u00e1l es el factor no negociable para ti al elegir un lugar para vivir?<\/strong> <\/h2>\n\n\n\n<p class=\"wp-block-paragraph\">Por desgracia, el factor no negociable ahora mismo es pod\u00e9rmelo pagar. Soy aut\u00f3nomo del espect\u00e1culo: me pago todos mis shows, todas mis producciones, y pagar el alquiler con regularidad es no negociable y muy pr\u00e1ctico.<\/p>\n\n\n\n<h2 class=\"wp-block-heading\"><strong>\u00bfQu\u00e9 tal tu experiencia con los agentes inmobiliarios?<\/strong> <\/h2>\n\n\n\n<p class=\"wp-block-paragraph\">Siempre muy emp\u00e1tica. Un artista necesita un espacio donde trabajar y crear, y adem\u00e1s necesita flexibilidad en muchos aspectos legales. Con los agentes, siempre hemos tenido muy buena relaci\u00f3n.<\/p>\n\n\n\n<h2 class=\"wp-block-heading\"><strong>Un planazo en casa siempre incluye\u2026<\/strong> <\/h2>\n\n\n\n<p class=\"wp-block-paragraph\">Vino, amigos, discos, mantas, series: todo lo que es confort y es hogar. Paso tantas horas viajando y trabajando para otros, entre esperas en hoteles y aeropuertos, que en casa busco cosas muy sencillas.<\/p>\n\n\n\n<h2 class=\"wp-block-heading\"><strong>\u00bfQu\u00e9 canci\u00f3n escuchas en bucle \u00faltimamente en casa?<\/strong> <\/h2>\n\n\n\n<p class=\"wp-block-paragraph\">Hago el programa <em>Pista de Fusta<\/em> desde hace ocho a\u00f1os, as\u00ed que hay canciones que se me pegan al c\u00f3rtex de una manera inexplicable. Ahora mismo es <em>Passion Fruit<\/em>, de una banda de Nueva York que se llama Gilligan Moss: la canci\u00f3n del a\u00f1o en casa.<\/p>\n\n\n\n<h2 class=\"wp-block-heading\"><strong>\u00bfQu\u00e9 objeto de tu casa dir\u00edas que es muy t\u00fa? <\/strong><\/h2>\n\n\n\n<p class=\"wp-block-paragraph\">Tenemos una letra M enorme, de jard\u00edn, que perteneci\u00f3 a Com R\u00e0dio, la emisora donde trabaj\u00e9 muchos a\u00f1os. Cuando la desmantelaron y cambiaron el nombre me qued\u00e9 todo el letrero luminoso: los amigos se repartieron el resto de letras y yo me qued\u00e9 la M. Por Miqui, por mi pareja y por muchas cosas m\u00e1s.<\/p>\n\n\n<div class=\"wp-block-image\">\n<figure class=\"aligncenter size-large is-resized\"><img loading=\"lazy\" decoding=\"async\" width=\"1024\" height=\"819\" src=\"https:\/\/www.monapart.com\/magazine\/wp-content\/uploads\/2026\/09\/1-1024x819.png\" alt=\"M de Miqui Puig | Monapart  \" class=\"wp-image-22117\" style=\"aspect-ratio:1.2503197897527734;width:735px;height:auto\" srcset=\"https:\/\/www.monapart.com\/magazine\/wp-content\/uploads\/2026\/09\/1-1024x819.png 1024w, https:\/\/www.monapart.com\/magazine\/wp-content\/uploads\/2026\/09\/1-300x240.png 300w, https:\/\/www.monapart.com\/magazine\/wp-content\/uploads\/2026\/09\/1-768x614.png 768w, https:\/\/www.monapart.com\/magazine\/wp-content\/uploads\/2026\/09\/1-15x12.png 15w, https:\/\/www.monapart.com\/magazine\/wp-content\/uploads\/2026\/09\/1.png 1350w\" sizes=\"auto, (max-width: 1024px) 100vw, 1024px\" \/><\/figure>\n<\/div>\n\n\n<p class=\"wp-block-paragraph\"><\/p>\n\n\n\n<h2 class=\"wp-block-heading\"><strong>Si pudieras comprarte cualquier cosa ahora mismo para tu casa, \u00bfqu\u00e9 ser\u00eda?<\/strong> <\/h2>\n\n\n\n<p class=\"wp-block-paragraph\">\u00a1Cualquier cosa vale! Me encantar\u00eda comprar montones y montones de toallas nuevas, montones de mantas nuevas, cosas pr\u00e1cticas para el d\u00eda a d\u00eda. La palabra confort me flipa para una casa.<\/p>\n\n\n\n<h2 class=\"wp-block-heading\"><strong>\u00bfC\u00f3mo te imaginas la casa del futuro?<\/strong> <\/h2>\n\n\n\n<p class=\"wp-block-paragraph\">Por desgracia, dedic\u00e1ndome a lo que me dedico, creo que el futuro va a ser en comuna: compartir casas bonitas entre amigos con las mismas afinidades. Todo nos aboca a precios exorbitados y a una cierta locura inmobiliaria, pero ojal\u00e1 poder vivirlo as\u00ed, con buen car\u00e1cter.<\/p>\n\n\n<div class=\"wp-block-image\">\n<figure class=\"aligncenter size-large is-resized\"><img loading=\"lazy\" decoding=\"async\" width=\"1024\" height=\"819\" src=\"https:\/\/www.monapart.com\/magazine\/wp-content\/uploads\/2026\/09\/4-1024x819.png\" alt=\"Casa de Miqui Puig 2 | Monapart \" class=\"wp-image-22120\" style=\"width:717px;height:auto\" srcset=\"https:\/\/www.monapart.com\/magazine\/wp-content\/uploads\/2026\/09\/4-1024x819.png 1024w, https:\/\/www.monapart.com\/magazine\/wp-content\/uploads\/2026\/09\/4-300x240.png 300w, https:\/\/www.monapart.com\/magazine\/wp-content\/uploads\/2026\/09\/4-768x614.png 768w, https:\/\/www.monapart.com\/magazine\/wp-content\/uploads\/2026\/09\/4-15x12.png 15w, https:\/\/www.monapart.com\/magazine\/wp-content\/uploads\/2026\/09\/4.png 1350w\" sizes=\"auto, (max-width: 1024px) 100vw, 1024px\" \/><\/figure>\n<\/div>\n\n\n<h2 class=\"wp-block-heading\"><strong>\u00bfQu\u00e9 es lo que m\u00e1s te satisface de tu trabajo?<\/strong> <\/h2>\n\n\n\n<p class=\"wp-block-paragraph\">Ver que le importa a otra gente, en mayor o menor medida. Ver la cara de satisfacci\u00f3n de la gente cuando est\u00e1 debajo del escenario, cantando o pinchando, o que me paren en una gasolinera para decirme que son fans del programa de radio: eso vale la pena. Vale la pena hasta los momentos de duda y de miedo que me han acompa\u00f1ado durante a\u00f1os.<\/p>\n\n\n\n<h2 class=\"wp-block-heading\"><strong>\u00bfQu\u00e9 te inspira?<\/strong> <\/h2>\n\n\n\n<p class=\"wp-block-paragraph\">Siempre digo que me inspira la belleza. Y la belleza para m\u00ed es un \u00e1rbol, una buena arquitectura, el pelo de Pancho, la rueda de una moto, el pespunte en un abrigo viejo.<\/p>\n\n\n\n<blockquote class=\"wp-block-quote is-layout-flow wp-block-quote-is-layout-flow\">\n<p class=\"wp-block-paragraph\"> \u00abLas cosas bonitas y bien hechas, sobre todo las hechas por artesanos: hasta un buen panecillo antes de cortarlo, con su forma. Ah\u00ed tambi\u00e9n hay inspiraci\u00f3n\u00bb.<\/p>\n<\/blockquote>\n\n\n\n<h2 class=\"wp-block-heading\"><strong>Color, libro y pel\u00edcula favoritos, \u00a1por este orden!<\/strong> <\/h2>\n\n\n<div class=\"wp-block-image\">\n<figure class=\"aligncenter size-large is-resized\"><img loading=\"lazy\" decoding=\"async\" width=\"1024\" height=\"819\" src=\"https:\/\/www.monapart.com\/magazine\/wp-content\/uploads\/2026\/09\/Plantilla-entrevista-Magazine-1-1024x819.png\" alt=\"Miqui Puig | Monapart \" class=\"wp-image-22121\" style=\"aspect-ratio:1.2503197897527734;width:595px;height:auto\" srcset=\"https:\/\/www.monapart.com\/magazine\/wp-content\/uploads\/2026\/09\/Plantilla-entrevista-Magazine-1-1024x819.png 1024w, https:\/\/www.monapart.com\/magazine\/wp-content\/uploads\/2026\/09\/Plantilla-entrevista-Magazine-1-300x240.png 300w, https:\/\/www.monapart.com\/magazine\/wp-content\/uploads\/2026\/09\/Plantilla-entrevista-Magazine-1-768x614.png 768w, https:\/\/www.monapart.com\/magazine\/wp-content\/uploads\/2026\/09\/Plantilla-entrevista-Magazine-1-15x12.png 15w, https:\/\/www.monapart.com\/magazine\/wp-content\/uploads\/2026\/09\/Plantilla-entrevista-Magazine-1.png 1350w\" sizes=\"auto, (max-width: 1024px) 100vw, 1024px\" \/><\/figure>\n<\/div>\n\n\n<p class=\"wp-block-paragraph\"><span class=\"class-h3\">Entre ladridos de Pancho, vinilos y una letra M que lleva su nombre encendida sobre el jard\u00edn, <a href=\"https:\/\/miquipuig.com\/\" target=\"_blank\" rel=\"noreferrer noopener nofollow\">Miqui Puig<\/a> defiende una idea de hogar sin artificios: la que se construye a base de confort, de amigos alrededor y de la belleza que se esconde, dice \u00e9l, hasta en un panecillo reci\u00e9n hecho.<\/span><\/p>\n\n\n\n<p class=\"wp-block-paragraph\"><\/p>\n","protected":false},"excerpt":{"rendered":"<p>Miqui Puig es cantante, DJ y locutor y nos abre la puerta de su casa y para explicarnos por qu\u00e9 la belleza, a veces, cabe en un panecillo reci\u00e9n hecho.<\/p>\n","protected":false},"author":11,"featured_media":22124,"comment_status":"closed","ping_status":"closed","sticky":false,"template":"","format":"standard","meta":{"_acf_changed":false,"footnotes":""},"categories":[2844,2845],"tags":[3253],"class_list":["post-22115","post","type-post","status-publish","format-standard","has-post-thumbnail","hentry","category-hogar","category-mi-monapart","tag-musica"],"acf":[],"_links":{"self":[{"href":"https:\/\/www.monapart.com\/magazine\/wp-json\/wp\/v2\/posts\/22115","targetHints":{"allow":["GET"]}}],"collection":[{"href":"https:\/\/www.monapart.com\/magazine\/wp-json\/wp\/v2\/posts"}],"about":[{"href":"https:\/\/www.monapart.com\/magazine\/wp-json\/wp\/v2\/types\/post"}],"author":[{"embeddable":true,"href":"https:\/\/www.monapart.com\/magazine\/wp-json\/wp\/v2\/users\/11"}],"replies":[{"embeddable":true,"href":"https:\/\/www.monapart.com\/magazine\/wp-json\/wp\/v2\/comments?post=22115"}],"version-history":[{"count":14,"href":"https:\/\/www.monapart.com\/magazine\/wp-json\/wp\/v2\/posts\/22115\/revisions"}],"predecessor-version":[{"id":22143,"href":"https:\/\/www.monapart.com\/magazine\/wp-json\/wp\/v2\/posts\/22115\/revisions\/22143"}],"wp:featuredmedia":[{"embeddable":true,"href":"https:\/\/www.monapart.com\/magazine\/wp-json\/wp\/v2\/media\/22124"}],"wp:attachment":[{"href":"https:\/\/www.monapart.com\/magazine\/wp-json\/wp\/v2\/media?parent=22115"}],"wp:term":[{"taxonomy":"category","embeddable":true,"href":"https:\/\/www.monapart.com\/magazine\/wp-json\/wp\/v2\/categories?post=22115"},{"taxonomy":"post_tag","embeddable":true,"href":"https:\/\/www.monapart.com\/magazine\/wp-json\/wp\/v2\/tags?post=22115"}],"curies":[{"name":"wp","href":"https:\/\/api.w.org\/{rel}","templated":true}]}}