{"id":17999,"date":"2025-02-17T16:43:00","date_gmt":"2025-02-17T15:43:00","guid":{"rendered":"https:\/\/www.monapart.com\/magazine\/?p=17999"},"modified":"2026-02-28T17:43:27","modified_gmt":"2026-02-28T16:43:27","slug":"monapart-fotocasa-pro-academy-day","status":"publish","type":"post","link":"https:\/\/www.monapart.com\/magazine\/noticias\/monapart-fotocasa-pro-academy-day","title":{"rendered":"Monapart de gira con Fotocasa Pro Academy Day\u00a0"},"content":{"rendered":"\n<h1 class=\"wp-block-heading\">Monapart de gira con Fotocasa Pro Academy Day\u00a0<\/h1>\n\n\n\n<h2 class=\"wp-block-heading\">Jos\u00e9 Luis Echeverr\u00eda, Director de Monapart, ha participado en tres de las ediciones del Fotocasa Pro Academy Day en M\u00e1laga, Madrid y Barcelona sucesivamente, desvelando las oportunidades y desaf\u00edos de un mercado inmobiliario en plena transformaci\u00f3n.<\/h2>\n\n\n<div class='post-info'>17 de febrero de 2025 por <a href='https:\/\/www.monapart.com\/magazine\/autor\/monapart'>Monapart<\/a><\/div>\n\n\n\n<p><\/p>\n\n\n<div class=\"wp-block-image\">\n<figure class=\"aligncenter size-large is-resized\"><img loading=\"lazy\" decoding=\"async\" width=\"1024\" height=\"768\" src=\"https:\/\/www.monapart.com\/magazine\/wp-content\/uploads\/2025\/07\/academy25_anteriores_pic1-1024x768.jpg\" alt=\"La gira de Monapart en el Fotocasa Pro Academy Day\u00a0| Monapart \" class=\"wp-image-18001\" style=\"width:671px;height:auto\" srcset=\"https:\/\/www.monapart.com\/magazine\/wp-content\/uploads\/2025\/07\/academy25_anteriores_pic1-1024x768.jpg 1024w, https:\/\/www.monapart.com\/magazine\/wp-content\/uploads\/2025\/07\/academy25_anteriores_pic1-300x225.jpg 300w, https:\/\/www.monapart.com\/magazine\/wp-content\/uploads\/2025\/07\/academy25_anteriores_pic1-768x576.jpg 768w, https:\/\/www.monapart.com\/magazine\/wp-content\/uploads\/2025\/07\/academy25_anteriores_pic1-16x12.jpg 16w, https:\/\/www.monapart.com\/magazine\/wp-content\/uploads\/2025\/07\/academy25_anteriores_pic1.jpg 1200w\" sizes=\"auto, (max-width: 1024px) 100vw, 1024px\" \/><figcaption class=\"wp-element-caption\">Fotocasa<\/figcaption><\/figure>\n<\/div>\n\n\n<p>Si trabajas en el sector inmobiliario, estar\u00e1s acostumbrado a los cambios constantes y sabr\u00e1s bien c\u00f3mo los clientes est\u00e1n cada vez m\u00e1s informados, son m\u00e1s exigentes, aumenta la competencia y la tecnolog\u00eda nos obliga a actualizarnos d\u00eda s\u00ed y d\u00eda tambi\u00e9n. En este contexto, la formaci\u00f3n profesional es fundamental para hacer frente a todos estos retos, y por eso, la cita con el <strong>Fotocasa Pro Academy Day<\/strong> es clave para el profesional inmobiliario que no quiere quedarse atr\u00e1s. [Y si entre edici\u00f3n y edici\u00f3n no quieres dejar de formarte, no dejes de leer nuestra secci\u00f3n espec\u00edfica para agentes inmobiliarios en el <a href=\"https:\/\/www.monapart.com\/magazine\/gente-real\/formacion-inmobiliaria\" data-type=\"link\" data-id=\"https:\/\/www.monapart.com\/magazine\/gente-real\/formacion-inmobiliaria\">magazine Gente Real<\/a>].<\/p>\n\n\n\n<p>Nuestro director Jos\u00e9 Luis Echeverr\u00eda se ha ido de gira con Fotocasa y ha participado en tres de las ediciones viajando a M\u00e1laga, Madrid y Barcelona. Aqu\u00ed te contamos todos los detalles.<\/p>\n\n\n\n<blockquote class=\"wp-block-quote is-layout-flow wp-block-quote-is-layout-flow\">\n<p>\u00abLa calidad del servicio y la satisfacci\u00f3n del cliente deben ser las prioridades.\u00bb<\/p>\n<\/blockquote>\n\n\n\n<h5 class=\"wp-block-heading\"><strong>Qu\u00e9 es (y por qu\u00e9 importa) el Fotocasa Pro Academy Day<\/strong><\/h5>\n\n\n\n<p>El <a href=\"https:\/\/pro.fotocasa.es\/academy-day\/\" target=\"_blank\" data-type=\"link\" data-id=\"https:\/\/pro.fotocasa.es\/academy-day\/\" rel=\"noreferrer noopener nofollow\">Fotocasa Pro Academy Day<\/a> no es \u201cotro evento\u201d. Es una jornada presencial, muy curada (y currada), donde se combinan ponencias, talleres y networking para acelerar tu curva de aprendizaje \u2014de marketing a tecnolog\u00eda\u2014 con foco en los resultados. La edici\u00f3n 2024 desembarc\u00f3 en <strong>M\u00e1laga<\/strong> y el calendario 2025 ha continuado ampliando ciudades: se\u00f1al de que el sector demanda formaci\u00f3n \u00fatil y aplicable.<a href=\"https:\/\/blogprofesional.fotocasa.es\/fotocasa-pro-academy-day-llega-malaga-3-de-octubre\/?utm_source=chatgpt.com\" target=\"_blank\" rel=\"noopener\"><\/a><\/p>\n\n\n\n<h5 class=\"wp-block-heading\"><strong>Palancas que mueven la aguja (y que Echeverr\u00eda remarc\u00f3)<\/strong><\/h5>\n\n\n\n<ul class=\"wp-block-list\">\n<li><strong><a href=\"https:\/\/www.monapart.com\/magazine\/gente-real\/el-poder-de-la-experiencia-del-cliente-en-el-sector-inmobiliario\" target=\"_blank\" data-type=\"post\" data-id=\"15472\" rel=\"noreferrer noopener\">Experiencia de cliente<\/a><\/strong> bien dise\u00f1ada, antes, durante y despu\u00e9s de la operaci\u00f3n.<a href=\"https:\/\/blogprofesional.fotocasa.es\/disena-paso-a-paso-estrategia-mejora-experiencia-cliente-inmobiliaria\/?utm_source=chatgpt.com\" target=\"_blank\" rel=\"noopener\"><br><\/a><\/li>\n\n\n\n<li><strong>Estrategia y constancia<\/strong>: pipeline, seguimiento y marca personal.<br><\/li>\n\n\n\n<li><strong><a href=\"https:\/\/www.monapart.com\/magazine\/gente-real\/4-maneras-en-que-la-inteligencia-artificial-puede-mejorar-tu-trabajo\" target=\"_blank\" data-type=\"post\" data-id=\"1433\" rel=\"noreferrer noopener\">Inteligencia artificial inmobiliaria<\/a><\/strong> como ventaja competitiva real (automatizaci\u00f3n, an\u00e1lisis y personalizaci\u00f3n).<\/li>\n<\/ul>\n\n\n<div class=\"wp-block-image\">\n<figure class=\"aligncenter size-large is-resized\"><img loading=\"lazy\" decoding=\"async\" width=\"1024\" height=\"683\" src=\"https:\/\/www.monapart.com\/magazine\/wp-content\/uploads\/2025\/07\/Fotocasa-Pro-Academy-Day3-1024x683.png\" alt=\"La gira de Monapart en el Fotocasa Pro Academy Day\u00a0| Monapart \" class=\"wp-image-18002\" style=\"width:660px;height:auto\" srcset=\"https:\/\/www.monapart.com\/magazine\/wp-content\/uploads\/2025\/07\/Fotocasa-Pro-Academy-Day3-1024x683.png 1024w, https:\/\/www.monapart.com\/magazine\/wp-content\/uploads\/2025\/07\/Fotocasa-Pro-Academy-Day3-300x200.png 300w, https:\/\/www.monapart.com\/magazine\/wp-content\/uploads\/2025\/07\/Fotocasa-Pro-Academy-Day3-768x512.png 768w, https:\/\/www.monapart.com\/magazine\/wp-content\/uploads\/2025\/07\/Fotocasa-Pro-Academy-Day3-18x12.png 18w, https:\/\/www.monapart.com\/magazine\/wp-content\/uploads\/2025\/07\/Fotocasa-Pro-Academy-Day3.png 1200w\" sizes=\"auto, (max-width: 1024px) 100vw, 1024px\" \/><figcaption class=\"wp-element-caption\">Fotocasa<\/figcaption><\/figure>\n<\/div>\n\n\n<p><\/p>\n\n\n\n<h5 class=\"wp-block-heading\">Fotocasa Pro Academy Day &#8211; <strong>M\u00e1laga: atenci\u00f3n al cliente que fideliza (octubre 2024)<\/strong><\/h5>\n\n\n\n<figure class=\"wp-block-embed alignleft is-type-video is-provider-youtube wp-block-embed-youtube wp-embed-aspect-16-9 wp-has-aspect-ratio\"><div class=\"wp-block-embed__wrapper\">\n<iframe loading=\"lazy\" title=\"\u00a1As\u00ed vivimos el Fotocasa Pro Academy Day en M\u00e1laga!\" width=\"500\" height=\"281\" src=\"https:\/\/www.youtube.com\/embed\/1YHISa7I1J4?start=13&#038;feature=oembed\" frameborder=\"0\" allow=\"accelerometer; autoplay; clipboard-write; encrypted-media; gyroscope; picture-in-picture; web-share\" referrerpolicy=\"strict-origin-when-cross-origin\" allowfullscreen><\/iframe>\n<\/div><\/figure>\n\n\n\n<p>Primera parada y primera evidencia: m\u00e1s de 200 agentes reunidos con una pregunta de fondo \u2014\u00bfc\u00f3mo diferenciarse en un mercado con compra para inversi\u00f3n y cliente internacional?\u2014. La respuesta no fue \u201cm\u00e1s anuncios\u201d, sino mejor <strong>postventa<\/strong>. La relaci\u00f3n no termina en la firma, empieza ah\u00ed. <strong>Dise\u00f1ar un protocolo de seguimiento que cuide a comprador y vendedor es tu defensa ante la rotaci\u00f3n y tu motor de recomendaciones.<\/strong><\/p>\n\n\n\n<h5 class=\"wp-block-heading\"><strong>Para aplicar ma\u00f1ana<\/strong><\/h5>\n\n\n\n<ul class=\"wp-block-list\">\n<li>Crea un checklist de postventa de 30, 60 y 180 d\u00edas.<\/li>\n\n\n\n<li>Pide feedback con 3 preguntas simples (claridad, confianza, recomendaci\u00f3n).<\/li>\n\n\n\n<li>Mide tu <a href=\"https:\/\/es.wikipedia.org\/wiki\/Net_Promoter_Score\" target=\"_blank\" data-type=\"link\" data-id=\"https:\/\/es.wikipedia.org\/wiki\/Net_Promoter_Score\" rel=\"noreferrer noopener nofollow\">NPS (Net Promoter Score)<\/a> y convierte a promotores en casos de \u00e9xito reutilizables en tus redes y web.<\/li>\n<\/ul>\n\n\n\n<h5 class=\"wp-block-heading\">Fotocasa Pro Academy Day &#8211; <strong>Madrid: estrategia + trabajo constante (noviembre 2024)<\/strong><\/h5>\n\n\n\n<figure class=\"wp-block-embed alignleft is-type-video is-provider-youtube wp-block-embed-youtube wp-embed-aspect-16-9 wp-has-aspect-ratio\"><div class=\"wp-block-embed__wrapper\">\n<iframe loading=\"lazy\" title=\"Academy Day Madrid de Fotocasa Pro\" width=\"500\" height=\"281\" src=\"https:\/\/www.youtube.com\/embed\/-rHepGJPalY?start=1&#038;feature=oembed\" frameborder=\"0\" allow=\"accelerometer; autoplay; clipboard-write; encrypted-media; gyroscope; picture-in-picture; web-share\" referrerpolicy=\"strict-origin-when-cross-origin\" allowfullscreen><\/iframe>\n<\/div><\/figure>\n\n\n\n<p>En Madrid, ante m\u00e1s de 350 profesionales inmobiliarios, el mensaje fue directo: sin m\u00e9todo, no hay milagros. Como agente necesitas una hoja de ruta (a qui\u00e9n sirves, con qu\u00e9 propuesta, c\u00f3mo te encuentran), un CRM bien usado y rutinas de contacto y reconexi\u00f3n. En un mercado grande y competitivo, la suerte suele confundir, la disciplina no. Para alinear equipo y resultados, Echeverr\u00eda introdujo la idea de <strong>arquitectura de incentivos<\/strong>: sistemas de retribuci\u00f3n que premian no solo el cierre puntual, sino la colaboraci\u00f3n, la calidad del servicio y los objetivos compartidos. La literatura de negocio coincide: <strong>incentivos mal dise\u00f1ados derivan en comportamientos cortoplacistas; los buenos, elevan el rendimiento sostenible.<\/strong><\/p>\n\n\n\n<h5 class=\"wp-block-heading\"><strong>Mini planificaci\u00f3n para tu semana tipo<\/strong><\/h5>\n\n\n\n<ul class=\"wp-block-list\">\n<li><strong>Lunes<\/strong>: flujo de trabajo y priorizaci\u00f3n (qu\u00e9 oportunidades merecen foco).<\/li>\n\n\n\n<li><strong>Martes-Mi\u00e9rcoles<\/strong>: captaci\u00f3n y visitas con objetivos definidos.<\/li>\n\n\n\n<li><strong>Jueves<\/strong>: seguimiento de leads y postventa.<\/li>\n\n\n\n<li><strong>Viernes<\/strong>: contenidos de <strong>marca personal<\/strong> y networking con prop\u00f3sito.<\/li>\n<\/ul>\n\n\n\n<h5 class=\"wp-block-heading\">Fotocasa Pro Academy Day &#8211; <strong>Barcelona: tecnolog\u00eda con nombre y apellidos (febrero 2025)<\/strong><\/h5>\n\n\n\n<figure class=\"wp-block-embed alignleft is-type-video is-provider-youtube wp-block-embed-youtube wp-embed-aspect-16-9 wp-has-aspect-ratio\"><div class=\"wp-block-embed__wrapper\">\n<iframe loading=\"lazy\" title=\"Fotocasa pro - Academy Day Barcelona | El gran d\u00eda de la formaci\u00f3n inmobiliaria.\" width=\"500\" height=\"281\" src=\"https:\/\/www.youtube.com\/embed\/6kKJfzriHKk?feature=oembed\" frameborder=\"0\" allow=\"accelerometer; autoplay; clipboard-write; encrypted-media; gyroscope; picture-in-picture; web-share\" referrerpolicy=\"strict-origin-when-cross-origin\" allowfullscreen><\/iframe>\n<\/div><\/figure>\n\n\n\n<p>Cierre de gira en Barcelona, con m\u00e1s de 500 personas y un tema central: Inteligencia Artificial s\u00ed, pero centrada en la persona. \u00bfQu\u00e9 te aporta hoy la IA? Automatiza tareas (documentaci\u00f3n, respuestas iniciales), mejora la cualificaci\u00f3n de leads, personaliza mensajes y te libera horas para lo que no se puede delegar: la confianza.<\/p>\n\n\n\n<p>El ecosistema PropTech ya muestra casos de uso en ventas y atenci\u00f3n; los portales inmobiliarios y las promotoras est\u00e1n experimentando con agentes virtuales y anal\u00edtica avanzada que optimiza el viaje del cliente.<\/p>\n\n\n\n<h5 class=\"wp-block-heading has-text-align-left\"><strong>Inteligencia Artificial, s\u00ed. Pero con las reglas de la casa<\/strong><\/h5>\n\n\n\n<ul class=\"wp-block-list\">\n<li>Define \u201cpara qu\u00e9\u201d: productividad (tiempo) y calidad de experiencia (mejor respuesta).<\/li>\n\n\n\n<li>Establece un \u201ckit de prompts\u201d para tu agencia y documenta buenas pr\u00e1cticas.<\/li>\n\n\n\n<li>Verifica datos sensibles y protege la privacidad del cliente.<\/li>\n\n\n\n<li>Lee este <a href=\"https:\/\/www.monapart.com\/magazine\/gente-real\/4-maneras-en-que-la-inteligencia-artificial-puede-mejorar-tu-trabajo\" data-type=\"post\" data-id=\"1433\" target=\"_blank\" rel=\"noreferrer noopener\">art\u00edculo<\/a> de Eduard Sol\u00e9 y mejora tu d\u00eda a d\u00eda con la inteligencia artificial espec\u00edfica para agentes inmobiliarios, la #iaparaai. <\/li>\n<\/ul>\n\n\n<div class=\"wp-block-image\">\n<figure class=\"aligncenter size-full is-resized\"><img loading=\"lazy\" decoding=\"async\" width=\"800\" height=\"451\" src=\"https:\/\/www.monapart.com\/magazine\/wp-content\/uploads\/2025\/07\/Captura-de-pantalla-2025-02-18-a-les-13.10.34-1.png\" alt=\"La gira de Monapart en el Fotocasa Pro Academy Day\u00a0| Monapart \" class=\"wp-image-18003\" style=\"width:621px;height:auto\" srcset=\"https:\/\/www.monapart.com\/magazine\/wp-content\/uploads\/2025\/07\/Captura-de-pantalla-2025-02-18-a-les-13.10.34-1.png 800w, https:\/\/www.monapart.com\/magazine\/wp-content\/uploads\/2025\/07\/Captura-de-pantalla-2025-02-18-a-les-13.10.34-1-300x169.png 300w, https:\/\/www.monapart.com\/magazine\/wp-content\/uploads\/2025\/07\/Captura-de-pantalla-2025-02-18-a-les-13.10.34-1-768x433.png 768w, https:\/\/www.monapart.com\/magazine\/wp-content\/uploads\/2025\/07\/Captura-de-pantalla-2025-02-18-a-les-13.10.34-1-18x10.png 18w\" sizes=\"auto, (max-width: 800px) 100vw, 800px\" \/><\/figure>\n<\/div>\n\n\n<h5 class=\"wp-block-heading\"><\/h5>\n\n\n\n<h5 class=\"wp-block-heading\"><strong>Monapart, la tesis detr\u00e1s de la gira: menos humo, m\u00e1s m\u00e9todo<\/strong><\/h5>\n\n\n\n<p>Para profundizar, te dejamos lecturas \u00fatiles de nuestro magazine: <a href=\"https:\/\/www.monapart.com\/magazine\/gente-real\/marketing-inmobiliario-inteligente\" data-type=\"post\" data-id=\"16758\" target=\"_blank\" rel=\"noreferrer noopener\">marketing que crea calor (no ruido)<\/a> y una <a href=\"https:\/\/www.monapart.com\/magazine\/gente-real\/el-poder-de-la-experiencia-del-cliente-en-el-sector-inmobiliario\" data-type=\"post\" data-id=\"15472\" target=\"_blank\" rel=\"noreferrer noopener\">experiencia de cliente<\/a> que estira la relaci\u00f3n en el tiempo. <\/p>\n\n\n\n<h5 class=\"wp-block-heading\"><strong>Lo que puedes hacer t\u00fa desde hoy<\/strong><\/h5>\n\n\n\n<ol class=\"wp-block-list\">\n<li><strong>Define tu especializaci\u00f3n<\/strong> y actualiza tu bio\/portales en consecuencia.<\/li>\n\n\n\n<li><strong>Dibuja tu embudo<\/strong> real (fuentes, ratios, tiempos) y fija objetivos diarios\/semana.<\/li>\n\n\n\n<li><strong>Estandariza la visita<\/strong>: guion, materiales, objeciones y seguimiento en 24 h.<\/li>\n\n\n\n<li><strong>Automatiza lo repetitivo<\/strong> y reserva tu tiempo para negociaci\u00f3n y servicio.<\/li>\n\n\n\n<li>Crea un calendario de <strong>contenidos \u00fatiles<\/strong> que refuercen tu marca: reputaci\u00f3n y autoridad se trabajan, no se improvisan. <\/li>\n<\/ol>\n\n\n\n<h5 class=\"wp-block-heading\"><strong>M\u00e1s all\u00e1 de la t\u00e9cnica: personas, \u00e9tica y prop\u00f3sito<\/strong><\/h5>\n\n\n\n<p>La idea fuerza que dej\u00f3 Echeverr\u00eda es sencilla y exigente: <em>poner a las personas en el centro<\/em>. <strong>Tratar a cada cliente como \u00fanico, valorar cada propiedad como algo especial y medir el \u00e9xito no solo por ingresos, sino por recomendaciones y relaciones de largo plazo.<\/strong> Ese enfoque humanista no compite con la tecnolog\u00eda: la potencia. Porque el mejor CRM del mundo no sustituye a una conversaci\u00f3n honesta, pero s\u00ed la hace posible a escala.<\/p>\n\n\n\n<p><\/p>\n","protected":false},"excerpt":{"rendered":"<p>Jos\u00e9 Luis Echeverr\u00eda, Director de Monapart, ha participado en tres de las ediciones del Fotocasa Pro Academy Day en M\u00e1laga, Madrid y Barcelona, aportando su visi\u00f3n humanista de un sector inmobiliario en plena transformaci\u00f3n.<\/p>\n","protected":false},"author":3,"featured_media":18002,"comment_status":"closed","ping_status":"closed","sticky":false,"template":"","format":"standard","meta":{"_acf_changed":false,"footnotes":""},"categories":[2852,2854],"tags":[3248,3230],"class_list":["post-17999","post","type-post","status-publish","format-standard","has-post-thumbnail","hentry","category-noticias","category-actualidad","tag-formacion","tag-sector-inmobiliario-2"],"acf":[],"_links":{"self":[{"href":"https:\/\/www.monapart.com\/magazine\/wp-json\/wp\/v2\/posts\/17999","targetHints":{"allow":["GET"]}}],"collection":[{"href":"https:\/\/www.monapart.com\/magazine\/wp-json\/wp\/v2\/posts"}],"about":[{"href":"https:\/\/www.monapart.com\/magazine\/wp-json\/wp\/v2\/types\/post"}],"author":[{"embeddable":true,"href":"https:\/\/www.monapart.com\/magazine\/wp-json\/wp\/v2\/users\/3"}],"replies":[{"embeddable":true,"href":"https:\/\/www.monapart.com\/magazine\/wp-json\/wp\/v2\/comments?post=17999"}],"version-history":[{"count":31,"href":"https:\/\/www.monapart.com\/magazine\/wp-json\/wp\/v2\/posts\/17999\/revisions"}],"predecessor-version":[{"id":19103,"href":"https:\/\/www.monapart.com\/magazine\/wp-json\/wp\/v2\/posts\/17999\/revisions\/19103"}],"wp:featuredmedia":[{"embeddable":true,"href":"https:\/\/www.monapart.com\/magazine\/wp-json\/wp\/v2\/media\/18002"}],"wp:attachment":[{"href":"https:\/\/www.monapart.com\/magazine\/wp-json\/wp\/v2\/media?parent=17999"}],"wp:term":[{"taxonomy":"category","embeddable":true,"href":"https:\/\/www.monapart.com\/magazine\/wp-json\/wp\/v2\/categories?post=17999"},{"taxonomy":"post_tag","embeddable":true,"href":"https:\/\/www.monapart.com\/magazine\/wp-json\/wp\/v2\/tags?post=17999"}],"curies":[{"name":"wp","href":"https:\/\/api.w.org\/{rel}","templated":true}]}}