{"id":1392,"date":"2023-06-08T13:57:45","date_gmt":"2023-06-08T11:57:45","guid":{"rendered":"https:\/\/www.monapart.com\/magazine\/?p=1392"},"modified":"2025-06-06T13:33:10","modified_gmt":"2025-06-06T11:33:10","slug":"jatafarta-artesania-como-posibilidad-de-cambio","status":"publish","type":"post","link":"https:\/\/www.monapart.com\/magazine\/hogar\/jatafarta-artesania-como-posibilidad-de-cambio","title":{"rendered":"Jatafarta: Artesan\u00eda como posibilidad de cambio"},"content":{"rendered":"\n<h1 class=\"wp-block-heading\">JATAFARTA: ARTESAN\u00cdA COMO POSIBILIDAD DE CAMBIO<\/h1>\n\n\n\n<h2 class=\"wp-block-heading\">Edita R. Oca es la responsable del proyecto JATAFARTA. Lleva la direcci\u00f3n y gesti\u00f3n tanto del dise\u00f1o como de la producci\u00f3n en el taller.<\/h2>\n\n\n<div class='post-info'>8 de junio de 2023 por <a href='https:\/\/www.monapart.com\/magazine\/autor\/olgasala'>Olga Sala<\/a><\/div>\n\n\n\n<figure class=\"wp-block-image\"><img loading=\"lazy\" decoding=\"async\" width=\"600\" height=\"400\" src=\"https:\/\/www.monapart.com\/magazine\/wp-content\/uploads\/2023\/06\/jatafarta-monapart.png\" alt=\"JATAFARTA: ARTESAN\u00cdA COMO POSIBILIDAD DE CAMBIO | Monapart \" class=\"wp-image-1393\" title=\"jatafarta-monapart\" srcset=\"https:\/\/www.monapart.com\/magazine\/wp-content\/uploads\/2023\/06\/jatafarta-monapart.png 600w, https:\/\/www.monapart.com\/magazine\/wp-content\/uploads\/2023\/06\/jatafarta-monapart-300x200.png 300w\" sizes=\"auto, (max-width: 600px) 100vw, 600px\" \/><\/figure>\n\n\n\n<h3 class=\"wp-block-heading\">Su filosof\u00eda de trabajo es clara: la artesan\u00eda se presenta como una posibilidad de cambio. \u00abcada vez encuentro m\u00e1s esperanza en los modos de hacer artesanales ya que arraigadas a una larga tradici\u00f3n tambi\u00e9n protegen valores como la calidad, la peque\u00f1a escala, la exclusividad, lo local, el trabajo cuidado, la creatividad y las formas de uso responsables\u201d.<\/h3>\n\n\n\n<p>Foto: David Silva&nbsp;<\/p>\n\n\n\n<h5 class=\"wp-block-heading has-medium-font-size\"><strong>1. H\u00e1blanos de ti y de tu trabajo. \u00bfD\u00f3nde naci\u00f3 tu vocaci\u00f3n? \u00bfAlg\u00fan primer recuerdo?<\/strong><\/h5>\n\n\n\n<p>Crec\u00ed rodeada de materiales, herramientas y m\u00e1quinas que se encontraban en el taller de mis padres. Luego aprend\u00ed t\u00e9cnicas de volumen en la escuela de Artes Aplicadas y a\u00f1os mas tarde estudi\u00e9 Bellas Artes. Este fue mi entorno, as\u00ed que en realidad lo de convertirme en artesana no fue una decisi\u00f3n espec\u00edfica, sino que tuve la suerte de estar inmersa en este ambiente desde muy peque\u00f1a.<\/p>\n\n\n\n<p>Inici\u00e9 el proyecto de <a href=\"https:\/\/jatafarta.com\/\" target=\"_blank\" rel=\"noreferrer noopener\">JATAFARTA<\/a> hace unos doce a\u00f1os con dos lineas de producci\u00f3n bien definidas, por un lado la de complementos y joyer\u00eda y por otro objetos de decoraci\u00f3n. Sin embargo, no solo la funcionalidad o la decoraci\u00f3n organiza esas l\u00edneas de productos, sino que el<br>propio estado del material determina est\u00e9ticamente las colecciones: por un lado, creo piezas elaboradas con la materia prima en su estado m\u00e1s natural, en crudo, por lo que es posible dejar que trasluzcan sus veteados y por el contrario, en otras piezas empleo el material en su versi\u00f3n<br>m\u00e1s sofisticada, esto es, negro o rojo intensos, resaltando as\u00ed las propiedades m\u00e1s refinadas y seductoras del cuero.<\/p>\n\n\n\n<figure class=\"wp-block-image\"><img loading=\"lazy\" decoding=\"async\" width=\"600\" height=\"400\" src=\"https:\/\/www.monapart.com\/magazine\/wp-content\/uploads\/2023\/06\/jatafarta-monapart2.png\" alt=\"JATAFARTA: ARTESAN\u00cdA COMO POSIBILIDAD DE CAMBIO | Monapart \" class=\"wp-image-1394\" title=\"jatafarta-monapart2\" srcset=\"https:\/\/www.monapart.com\/magazine\/wp-content\/uploads\/2023\/06\/jatafarta-monapart2.png 600w, https:\/\/www.monapart.com\/magazine\/wp-content\/uploads\/2023\/06\/jatafarta-monapart2-300x200.png 300w\" sizes=\"auto, (max-width: 600px) 100vw, 600px\" \/><\/figure>\n\n\n\n<p>Fotos:&nbsp;David Silva<\/p>\n\n\n\n<h5 class=\"wp-block-heading has-medium-font-size\"><strong>2. \u00bfQu\u00e9 es lo que m\u00e1s te satisface de tu trabajo? \u00bfAlguno del que te sientas especialmente orgullosa?<\/strong><\/h5>\n\n\n\n<p>Lo que m\u00e1s me gusta son los procesos de trabajo, el camino que hay entre la idea y la pieza acabada, todo lo que hay en medio es lo que m\u00e1s placer me da. Participar en todas las etapas desde la realizaci\u00f3n de la pieza hasta que est\u00e1 lista para el cliente es un trabajo lleno de retos, sorpresas y aprendizajes donde es posible cualquier cosa menos aburrirse. De los trabajos que hago, destacar\u00eda el portalibros y los espantamoscas, son de las piezas m\u00e1s sencillas del cat\u00e1logo, pero responden a la idea de recuperar objetos olvidados y reinterpretarlos, que es una de mis propuestas creativas alrededor del objeto y son curiosamente las que m\u00e1s \u00e9xito comercial tienen.<\/p>\n\n\n\n<h5 class=\"wp-block-heading has-medium-font-size\"><strong>3. \u00bfC\u00f3mo es tu proceso creativo? \u00bfCu\u00e1les son tus fuentes de inspiraci\u00f3n? \u00bfAlguna m\u00fasica en especial mientras trabajas?<\/strong><\/h5>\n\n\n\n<p>El proceso creativo es un proceso organizado y metodol\u00f3gico que en mi caso se inicia normalmente con el dibujo y la recopilaci\u00f3n de im\u00e1genes, pasando luego a la realizaci\u00f3n de maquetas, a veces de cart\u00f3n, para ir definiendo as\u00ed las plantillas y patrones finales. Cada proyecto es distinto, los hay que se trabajan casi hasta el final sobre el patr\u00f3n de una manera muy anal\u00edtica y calculada, pero otros son m\u00e1s experimentales y requieren actuar m\u00e1s directamente sobre el material.<\/p>\n\n\n\n<p>En cuanto a la inspiraci\u00f3n, cualquier cosa puede hacer prender la mecha: un libro, la obra de un artista, las vivencias&#8230; cualquier experiencia puede ser un punto de partida. Tambi\u00e9n ese inicio puede estar en una casualidad, en un \u201caccidente\u201d en el espacio de trabajo o en un encuentro<br>fortuito entre materiales, t\u00e9cnicas, o soluciones que se est\u00e9n experimentando para algo concreto y que desemboca en otra idea o planteamiento. En otras ocasiones la inspiraci\u00f3n sale de observar el mundo y reflexionar sobre \u00e9l.<\/p>\n\n\n\n<h5 class=\"wp-block-heading has-medium-font-size\"><strong>4. Color, libro, peli y disco favoritos. \u00a1Por este orden! ;D<\/strong><\/h5>\n\n\n\n<p>\u2022 El magenta.<br>\u2022 <em>Moda y otras neurosis<\/em> de Katja Eichinger. Me lo acabo de leer.<br>\u2022 <em>Jeanne Dielman, 23, quai du Commerce, 1080 Bruxelles<\/em> (1975) de Chantal Akerman, que ahora est\u00e1n las copias restauradas en Filmin.<br>\u2022 En la m\u00fasica me cuesta quedarme con algo en concreto. He tenido absoluta devoci\u00f3n por el flamenco en general y por Camar\u00f3n en particular, el disco de Camar\u00f3n <em>Nuestro<\/em> es una maravilla, pero \u00faltimamente apenas lo escucho. Estoy muy a tope con la electr\u00f3nica y cada d\u00eda descubro alguna cosa nueva.<\/p>\n\n\n\n<figure class=\"wp-block-embed is-type-rich is-provider-spotify wp-block-embed-spotify wp-embed-aspect-21-9 wp-has-aspect-ratio\"><div class=\"wp-block-embed__wrapper\">\n<iframe title=\"Spotify Embed: Camaron De La Isla\" style=\"border-radius: 12px\" width=\"100%\" height=\"352\" frameborder=\"0\" allowfullscreen allow=\"autoplay; clipboard-write; encrypted-media; fullscreen; picture-in-picture\" loading=\"lazy\" src=\"https:\/\/open.spotify.com\/embed\/artist\/5MnhtFXEfqi637k6NfKuZI?si=3fJ9Ag3GQTWcLaaj_8tPLw&#038;utm_source=oembed\"><\/iframe>\n<\/div><\/figure>\n\n\n\n<h5 class=\"wp-block-heading has-medium-font-size\"><strong>5. \u00bfEs tu casa reflejo de qui\u00e9n eres? Cu\u00e9ntanos a qu\u00e9 huele, tu rinc\u00f3n favorito, tu objeto decorativo o mueble fetiche, si atesoras alguna colecci\u00f3n&#8230; Y si tienes mascota, \u00a1pres\u00e9ntanosla!<\/strong><\/h5>\n\n\n\n<p>Tengo una amiga que conoci\u00f3 varias de mis casas y un d\u00eda me dijo que mis cosas siempre est\u00e1n colocadas como si en cualquier momento me fuera a marchar corriendo. Cuadros sin colgar, cajas sin deshacer, pocos elementos decorativos, libros por todas partes, l\u00e1mparas que se cambian de sitio&#8230; Supongo que tendr\u00e1 que ver con mi permanente situaci\u00f3n de inquilina o por mi dificultad para organizarme con el espacio, no lo s\u00e9&#8230; Ahora vivo en un piso en el casco viejo de Santiago, con una estupenda galer\u00eda, que es mi sitio favorito, donde tengo un sof\u00e1 y una mesita y mucha luz; all\u00ed voy a tomarme el t\u00e9, a despejar la vista, a leer y a jugar con Manchis, mi gatita carey que \u00faltimamente est\u00e1 muy parlanchina.<\/p>\n\n\n\n<figure class=\"wp-block-image\"><img loading=\"lazy\" decoding=\"async\" width=\"600\" height=\"400\" src=\"https:\/\/www.monapart.com\/magazine\/wp-content\/uploads\/2023\/06\/jatafarta-monapart3.png\" alt=\"JATAFARTA: ARTESAN\u00cdA COMO POSIBILIDAD DE CAMBIO | Monapart \" class=\"wp-image-1395\" title=\"jatafarta-monapart3\" srcset=\"https:\/\/www.monapart.com\/magazine\/wp-content\/uploads\/2023\/06\/jatafarta-monapart3.png 600w, https:\/\/www.monapart.com\/magazine\/wp-content\/uploads\/2023\/06\/jatafarta-monapart3-300x200.png 300w\" sizes=\"auto, (max-width: 600px) 100vw, 600px\" \/><\/figure>\n\n\n\n<h5 class=\"wp-block-heading has-medium-font-size\"><strong>6. Si pudieras comprarte cualquier cosa ahora mismo y llev\u00e1rtela a casa, \u00bfcu\u00e1l ser\u00eda? \u00a1Cualquier cosa!<\/strong><\/h5>\n\n\n\n<p>Una Eames Lounge Chair dise\u00f1ada por Charles y Ray Eames en 1956 en cuero blanco, por ejemplo \ud83d\ude00<\/p>\n\n\n\n<h5 class=\"wp-block-heading has-medium-font-size\"><strong>7. Un planazo en casa siempre incluye&#8230;<\/strong><\/h5>\n\n\n\n<p>Amigues, buena conversaci\u00f3n y un vino tinto.<\/p>\n\n\n\n<h5 class=\"wp-block-heading has-medium-font-size\"><strong>8. \u00bfTienes alg\u00fan plato estrella?<\/strong><\/h5>\n\n\n\n<p>No, me encanta la comida, pero no tanto cocinar. En casa siempre opto por platos poco elaborados e intento consumir productos de temporada. Tengo la suerte de vivir al lado de la plaza de abastos donde hay toda clase de pescados, carnes y verduras frescas y me permite improvisar cada d\u00eda.<\/p>\n\n\n\n<h5 class=\"wp-block-heading has-medium-font-size\"><strong>9. \u00bfCu\u00e1l es tu lugar favorito en tu ciudad? \u00bfY en el extranjero?<\/strong><\/h5>\n\n\n\n<p>Santiago tiene lugares muy lindos, muchos parques y zonas verdes a un minuto del centro que te permite desconectar del foll\u00f3n tur\u00edstico. A m\u00ed me encanta hacer grandes paseos y cuando los hago no pienso mucho hacia donde ir, me dejo llevar, da igual la direcci\u00f3n que escojas porque en quince minutos, como mucho, est\u00e1s fuera de la ciudad en zonas totalmente rurales, sin demasiados coches y con mucha naturaleza.<\/p>\n\n\n\n<p>Del extranjero me enamor\u00f3 Nueva York, me gustar\u00eda pasar una temporada all\u00ed.<\/p>\n\n\n\n<h3 class=\"wp-block-heading\">JATAFARTA es m\u00e1s que un proyecto de artesan\u00eda; es una forma de reivindicar la tradici\u00f3n, la creatividad y la sostenibilidad en cada pieza. Edita R. Oca demuestra que los procesos artesanales pueden ser motores de cambio y de conexi\u00f3n con nuestro entorno. Su trabajo es un recordatorio de que los objetos no solo cumplen una funci\u00f3n, sino que tambi\u00e9n cuentan historias y transmiten valores.<\/h3>\n","protected":false},"excerpt":{"rendered":"<p>Edita R. Oca es la responsable del proyecto JATAFARTA. Lleva la direcci\u00f3n y gesti\u00f3n tanto del dise\u00f1o como de la producci\u00f3n en el taller.<\/p>\n","protected":false},"author":4,"featured_media":1393,"comment_status":"closed","ping_status":"closed","sticky":false,"template":"","format":"standard","meta":{"_acf_changed":false,"footnotes":""},"categories":[2844,2845],"tags":[2868,2870],"class_list":["post-1392","post","type-post","status-publish","format-standard","has-post-thumbnail","hentry","category-hogar","category-mi-monapart","tag-arte","tag-diseno"],"acf":[],"_links":{"self":[{"href":"https:\/\/www.monapart.com\/magazine\/wp-json\/wp\/v2\/posts\/1392","targetHints":{"allow":["GET"]}}],"collection":[{"href":"https:\/\/www.monapart.com\/magazine\/wp-json\/wp\/v2\/posts"}],"about":[{"href":"https:\/\/www.monapart.com\/magazine\/wp-json\/wp\/v2\/types\/post"}],"author":[{"embeddable":true,"href":"https:\/\/www.monapart.com\/magazine\/wp-json\/wp\/v2\/users\/4"}],"replies":[{"embeddable":true,"href":"https:\/\/www.monapart.com\/magazine\/wp-json\/wp\/v2\/comments?post=1392"}],"version-history":[{"count":2,"href":"https:\/\/www.monapart.com\/magazine\/wp-json\/wp\/v2\/posts\/1392\/revisions"}],"predecessor-version":[{"id":16853,"href":"https:\/\/www.monapart.com\/magazine\/wp-json\/wp\/v2\/posts\/1392\/revisions\/16853"}],"wp:featuredmedia":[{"embeddable":true,"href":"https:\/\/www.monapart.com\/magazine\/wp-json\/wp\/v2\/media\/1393"}],"wp:attachment":[{"href":"https:\/\/www.monapart.com\/magazine\/wp-json\/wp\/v2\/media?parent=1392"}],"wp:term":[{"taxonomy":"category","embeddable":true,"href":"https:\/\/www.monapart.com\/magazine\/wp-json\/wp\/v2\/categories?post=1392"},{"taxonomy":"post_tag","embeddable":true,"href":"https:\/\/www.monapart.com\/magazine\/wp-json\/wp\/v2\/tags?post=1392"}],"curies":[{"name":"wp","href":"https:\/\/api.w.org\/{rel}","templated":true}]}}