{"id":1390,"date":"2023-05-31T12:05:45","date_gmt":"2023-05-31T10:05:45","guid":{"rendered":"https:\/\/www.monapart.com\/magazine\/?p=1390"},"modified":"2025-03-21T11:04:17","modified_gmt":"2025-03-21T10:04:17","slug":"charla-con-ma-jose-corrales-una-lider-del-sector-inmobiliario","status":"publish","type":"post","link":"https:\/\/www.monapart.com\/magazine\/gente-real\/charla-con-ma-jose-corrales-una-lider-del-sector-inmobiliario","title":{"rendered":"Charla con M\u00aa Jos\u00e9 Corrales: Una l\u00edder del sector inmobiliario"},"content":{"rendered":"\n<h1 class=\"wp-block-heading\">Charla con M\u00aa Jos\u00e9 Corrales: Una l\u00edder del sector inmobiliario<\/h1>\n\n\n\n<h2 class=\"wp-block-heading\"><strong>Una de las mujeres m\u00e1s influyentes en el sector inmobiliario en Espa\u00f1a. <\/strong><\/h2>\n\n\n<div class='post-info'>31 de mayo de 2023 por <a href='https:\/\/www.monapart.com\/magazine\/autor\/monapart'>Monapart<\/a><\/div>\n\n\n\n<h3 class=\"wp-block-heading\"><a href=\"https:\/\/www.linkedin.com\/in\/maria-jos%C3%A9-corrales-b5b1a950\/\" target=\"_blank\" rel=\"noreferrer noopener\">Mar\u00eda Jos\u00e9 Corrales<\/a>\u00a0es una l\u00edder empresarial, con m\u00e1s de 30 a\u00f1os de experiencia y ha sido reconocida en varias ocasiones por su dedicaci\u00f3n y compromiso con el sector, recibiendo diversos premios y reconocimientos a lo largo de los a\u00f1os.<\/h3>\n\n\n\n<ul class=\"wp-block-list\">\n<li>En 2014 recibi\u00f3 el&nbsp;<strong>premio a la Excelencia profesional&nbsp;AMPSI<\/strong>&nbsp;(la mayor Asociaci\u00f3n de Mujeres Profesionales del Sector Inmobiliario en Europa y que os presentamos ma\u00f1ana de la mano de su presidenta, Ana Luengo).<\/li>\n\n\n\n<li>En 2015 recibi\u00f3 el&nbsp;<strong>premio MUM por su compromiso con la Asociaci\u00f3n de Mujeres Unidas contra el Maltrato.<\/strong><\/li>\n\n\n\n<li>En 2016 recibi\u00f3 el&nbsp;<strong>premio Empresaria del A\u00f1o por la Comunidad de Madrid otorgado por la Asociaci\u00f3n de Mujeres Empresarias de Madrid<\/strong>&nbsp;(ASEME).<\/li>\n\n\n\n<li>En 2017, fue elegida como una de las&nbsp;<strong>TOP 100 mujeres l\u00edderes de Espa\u00f1a en la categor\u00eda de empresarias.&nbsp;<\/strong><\/li>\n\n\n\n<li>En 2018, fue incluida en la lista de las&nbsp;<strong>100 mujeres l\u00edderes en Espa\u00f1a por el diario El Pa\u00eds y la consultora Mujeres y C\u00eda.<\/strong><\/li>\n\n\n\n<li>En 2019, recibi\u00f3 el&nbsp;<strong>Premio Trainera en Santander.<\/strong><\/li>\n<\/ul>\n\n\n\n<p>Recientemente, en 2022, ha recibido el&nbsp;<strong>Premio Fernando Garc\u00eda Erviti&nbsp;en la IV edici\u00f3n del Congreso Nacional de Agencias Inmobiliarias FAI<\/strong>, en reconocimiento a su compromiso con el sector inmobiliario y su generosidad.<\/p>\n\n\n\n<p><strong>Preside <a href=\"https:\/\/www.linkedin.com\/company\/vivienda2\/\" target=\"_blank\" rel=\"noreferrer noopener\">Vivienda 2<\/a> desde su fundaci\u00f3n, en 1984, hoy d\u00eda cuenta con&nbsp;m\u00e1s de 60 profesionales repartidos en 6 oficinas<\/strong>, y es la \u00fanica empresa con la marca de calidad Madrid Excelente y el certificado Aenor.&nbsp;<\/p>\n\n\n\n<p>Mar\u00eda Jos\u00e9 Corrales est\u00e1 comprometida con la profesionalizaci\u00f3n del sector inmobiliario. Fue una de las fundadoras de AEGI en 1998, la primera patronal del sector de la intermediaci\u00f3n inmobiliaria en Espa\u00f1a, que ha presidido de 2014 a 2016 y de FADEI (Federaci\u00f3n de Asociaciones de Empresas Inmobiliarias ) con m\u00e1s de 5.000 empresas asociadas.&nbsp;<\/p>\n\n\n\n<p>Ha impartido numerosos cursos de gesti\u00f3n y evaluaci\u00f3n de equipos comerciales y ha sido ponente en numerosas actividades formativas y charlas relacionadas con el mundo de la mediaci\u00f3n inmobiliaria.<\/p>\n\n\n\n<p>Sus actividades en defensa de la igualdad de g\u00e9nero y la diversidad en el mundo empresarial, especialmente en el sector inmobiliario, tradicionalmente bajo el liderazgo masculino, la sit\u00faan como una voz destacada y todo un referente para nuevas generaciones de empresarias en Espa\u00f1a.<\/p>\n\n\n\n<figure class=\"wp-block-embed is-type-video is-provider-youtube wp-block-embed-youtube wp-embed-aspect-16-9 wp-has-aspect-ratio\"><div class=\"wp-block-embed__wrapper\">\n<iframe loading=\"lazy\" title=\"Charla con M\u00aa Jos\u00e9 Corrales: Una l\u00edder del sector inmobiliario #gentereal\" width=\"500\" height=\"281\" src=\"https:\/\/www.youtube.com\/embed\/Adatkl5sjsk?feature=oembed\" frameborder=\"0\" allow=\"accelerometer; autoplay; clipboard-write; encrypted-media; gyroscope; picture-in-picture; web-share\" referrerpolicy=\"strict-origin-when-cross-origin\" allowfullscreen><\/iframe>\n<\/div><\/figure>\n\n\n\n<h3 class=\"wp-block-heading\">En el marco del D\u00eda de la Mujer, fue un placer y un honor tener a Mar\u00eda Jos\u00e9 junto con&nbsp;<a href=\"https:\/\/www.linkedin.com\/in\/olga-sala-villagrasa\/\" target=\"_blank\" rel=\"noreferrer noopener\">Olga Sala<\/a>, directora de marketing de Monapart, y poder compartir con ella un rato apasionante. Adem\u00e1s, es la primera persona del sector en estrenar las charlas de #gentereal, donde cada cierto tiempo tendremos como invitado a una punta de pir\u00e1mide del sector para que nos d\u00e9 su visi\u00f3n y opini\u00f3n sobre el mismo. Le damos mil gracias por su generosidad.<\/h3>\n","protected":false},"excerpt":{"rendered":"<p>Charla con M\u00aa Jos\u00e9 Corrales: Una l\u00edder del sector inmobiliario Una de las mujeres m\u00e1s influyentes en el sector inmobiliario en Espa\u00f1a. Mar\u00eda Jos\u00e9 Corrales\u00a0es una l\u00edder empresarial, con m\u00e1s de 30 a\u00f1os de experiencia y ha sido reconocida en varias ocasiones por su dedicaci\u00f3n y compromiso con el sector, recibiendo diversos premios y reconocimientos [&hellip;]<\/p>\n","protected":false},"author":3,"featured_media":1391,"comment_status":"closed","ping_status":"closed","sticky":false,"template":"","format":"standard","meta":{"_acf_changed":false,"footnotes":""},"categories":[2849,2851],"tags":[],"class_list":["post-1390","post","type-post","status-publish","format-standard","has-post-thumbnail","hentry","category-gente-real","category-perfiles"],"acf":[],"_links":{"self":[{"href":"https:\/\/www.monapart.com\/magazine\/wp-json\/wp\/v2\/posts\/1390","targetHints":{"allow":["GET"]}}],"collection":[{"href":"https:\/\/www.monapart.com\/magazine\/wp-json\/wp\/v2\/posts"}],"about":[{"href":"https:\/\/www.monapart.com\/magazine\/wp-json\/wp\/v2\/types\/post"}],"author":[{"embeddable":true,"href":"https:\/\/www.monapart.com\/magazine\/wp-json\/wp\/v2\/users\/3"}],"replies":[{"embeddable":true,"href":"https:\/\/www.monapart.com\/magazine\/wp-json\/wp\/v2\/comments?post=1390"}],"version-history":[{"count":0,"href":"https:\/\/www.monapart.com\/magazine\/wp-json\/wp\/v2\/posts\/1390\/revisions"}],"wp:featuredmedia":[{"embeddable":true,"href":"https:\/\/www.monapart.com\/magazine\/wp-json\/wp\/v2\/media\/1391"}],"wp:attachment":[{"href":"https:\/\/www.monapart.com\/magazine\/wp-json\/wp\/v2\/media?parent=1390"}],"wp:term":[{"taxonomy":"category","embeddable":true,"href":"https:\/\/www.monapart.com\/magazine\/wp-json\/wp\/v2\/categories?post=1390"},{"taxonomy":"post_tag","embeddable":true,"href":"https:\/\/www.monapart.com\/magazine\/wp-json\/wp\/v2\/tags?post=1390"}],"curies":[{"name":"wp","href":"https:\/\/api.w.org\/{rel}","templated":true}]}}