{"id":1346,"date":"2023-04-17T13:51:47","date_gmt":"2023-04-17T11:51:47","guid":{"rendered":"https:\/\/www.monapart.com\/magazine\/?p=1346"},"modified":"2025-06-06T13:34:00","modified_gmt":"2025-06-06T11:34:00","slug":"balbina-arte-slow-y-minimalista","status":"publish","type":"post","link":"https:\/\/www.monapart.com\/magazine\/hogar\/balbina-arte-slow-y-minimalista","title":{"rendered":"Balbina: arte slow y minimalista"},"content":{"rendered":"\n<h1 class=\"wp-block-heading\">BALBINA: arte slow y minimalista<\/h1>\n\n\n\n<h2 class=\"wp-block-heading\">Es la creadora de\u00a0BAL\u00a0LAB, un laboratorio creativo en el que trabaja con sus propias manos conjugando sus 3 grandes pasiones: el arte, el dise\u00f1o y la fotograf\u00eda. <\/h2>\n\n\n<div class='post-info'>17 de abril de 2023 por <a href='https:\/\/www.monapart.com\/magazine\/autor\/monapart'>Monapart<\/a><\/div>\n\n\n\n<figure class=\"wp-block-image\"><img loading=\"lazy\" decoding=\"async\" width=\"600\" height=\"400\" src=\"https:\/\/www.monapart.com\/magazine\/wp-content\/uploads\/2023\/04\/entrevista_balbina_monapart.png\" alt=\"BALBINA: arte slow y minimalista | Monapart \" class=\"wp-image-1347\" title=\"entrevista_balbina_monapart\"\/><\/figure>\n\n\n\n<h3 class=\"wp-block-heading\">Naci\u00f3 en Mallorca durante los 80, escuchando U2 y Red Hot Chili Peppers mientras iba a sus clases de dibujo semanales con Teresa Matas. La influencia de sus padres -su padre trabajaba en la carpinter\u00eda familiar y su madre hac\u00eda piezas de cer\u00e1mica y objetos reciclados en casa- la ayudaron a apreciar y valorar el trabajo manual desde bien peque\u00f1a.<\/h3>\n\n\n\n<h5 class=\"wp-block-heading has-medium-font-size\"><strong>H\u00e1blanos de ti y de tu trabajo. \u00bfD\u00f3nde naci\u00f3 tu vocaci\u00f3n? \u00bfAlg\u00fan primer recuerdo?<\/strong><\/h5>\n\n\n\n<p>Desde muy peque\u00f1a me interes\u00f3 expresarme con las manos. Al principio, en primaria, me chiflaba moldear con plastilina y tambi\u00e9n me encantaba dibujar en cualquier rinc\u00f3n. M\u00e1s adelante, en la adolescencia, mi creciente inter\u00e9s por el arte hizo que mis padres me apuntasen a clases de pintura y muy pronto supe que lo que quer\u00eda era estudiar Bellas Artes en Barcelona, sin ning\u00fan tipo de duda.&nbsp;<\/p>\n\n\n\n<p>Despu\u00e9s de licenciarme y seguir especializ\u00e1ndome en audiovisuales, estuve muchos a\u00f1os dedic\u00e1ndome a la fotograf\u00eda y el dise\u00f1o gr\u00e1fico. Como aprend\u00ed a dise\u00f1ar webs y me encanta el interiorismo, tambi\u00e9n co-fund\u00e9 una empresa de venta de muebles online, introduci\u00e9ndome m\u00e1s en el terreno del marketing digital. Pero poco a poco fui d\u00e1ndome cuenta que todo mi trabajo circulaba alrededor de un ordenador y hab\u00eda dejado de ser creativo. Viajaba y escog\u00eda muebles y dise\u00f1os para la tienda, pero no los creaba yo. Adem\u00e1s, ya no utilizaba las manos para hacer nada art\u00edstico y ten\u00eda muchas ganas de hacerlo despu\u00e9s de tanto tiempo, as\u00ed que decid\u00ed cerrar la empresa de muebles y un d\u00eda, sin buscarlo, observ\u00e9 en casa de mi madre el viejo torno que ten\u00eda en su taller (y que de hecho, es el mismo que sigo utilizando a d\u00eda de hoy) y me acerqu\u00e9 para probarlo por primera vez y sent\u00ed algo por dentro que me dijo que a eso era a lo que me quer\u00eda dedicar a partir de ese instante. En ese momento me puse a investigar en libros, v\u00eddeos de internet, ceramistas que empec\u00e9 a conocer en la isla o a trav\u00e9s de Instagram, etc&#8230; y as\u00ed empec\u00e9 mi camino hacia el auto-aprendizaje de la cer\u00e1mica.<\/p>\n\n\n\n<h5 class=\"wp-block-heading has-medium-font-size\"><strong>\u00bfQu\u00e9 es lo que m\u00e1s te satisface de tu trabajo? \u00bfAlguno del que te sientas especialmente orgulloso?<\/strong><\/h5>\n\n\n\n<p>Me gusta mucho la plasticidad del material. Lo que quiero decir es que crear con barro para m\u00ed es algo m\u00e1s que una hoja en blanco, puedes sentirlo entre tus manos y, si quieres, dejarte llevar por su textura para moldear algo. Adem\u00e1s, los procesos que suceden cuando empiezas a subir una pieza al torno me ayudan de un modo que dir\u00eda es casi meditativo.&nbsp;<\/p>\n\n\n\n<p>Las piezas que he hecho combinando llata tejida (hojas de palmito) y cer\u00e1mica son las que m\u00e1s me gustan, ya que me fascinan las combinaciones de materiales distintos y creo que mi trabajo de cara al futuro va a tener m\u00e1s ejemplos de este tipo.<\/p>\n\n\n\n<figure class=\"wp-block-image\"><img loading=\"lazy\" decoding=\"async\" width=\"600\" height=\"400\" src=\"https:\/\/www.monapart.com\/magazine\/wp-content\/uploads\/2023\/04\/entrevista_balbina_monapart5.png\" alt=\"BALBINA: arte slow y minimalista | Monapart \" class=\"wp-image-1348\" title=\"entrevista_balbina_monapart5\" srcset=\"https:\/\/www.monapart.com\/magazine\/wp-content\/uploads\/2023\/04\/entrevista_balbina_monapart5.png 600w, https:\/\/www.monapart.com\/magazine\/wp-content\/uploads\/2023\/04\/entrevista_balbina_monapart5-300x200.png 300w\" sizes=\"auto, (max-width: 600px) 100vw, 600px\" \/><\/figure>\n\n\n\n<h5 class=\"wp-block-heading has-medium-font-size\"><strong>\u00bfC\u00f3mo es tu proceso creativo? \u00bfCu\u00e1les son tus fuentes de inspiraci\u00f3n? \u00bfAlguna m\u00fasica en especial mientras trabajas?<\/strong><\/h5>\n\n\n\n<p>Las ideas me vienen a cualquier hora del d\u00eda, aunque por la noche antes de dormir me vienen m\u00e1s. Tengo unas cuantas libretas en diferentes zonas de la casa y hago all\u00ed dibujos de lo que se me ocurre, pero si me pilla sin libreta tengo un bloc de notas en el mobil y all\u00ed tambi\u00e9n dibujo y describo la idea que tenga en ese momento.<\/p>\n\n\n\n<p>Ahora mismo me siento muy inspirada por la naturaleza, antes estaba m\u00e1s desconectada y por desgracia viv\u00eda m\u00e1s de espaldas a ella, pero estos \u00faltimos a\u00f1os me he mudado a una zona fuera de la ciudad y he reconectado en muchos aspectos.&nbsp;<\/p>\n\n\n\n<p>Mientras trabajo puedo ponerme m\u00fasica de casi cualquier tipo, pero acostumbra a ser animada, no me va ponerme musica demasiado calmada porque me aburre en esos momentos y lo que quiero es estar activa. Pero tambi\u00e9n tengo que confesar que soy bastante adicta a los podcast y gran parte del tiempo que trabajo escucho programas, ya sean culturales, feministas o de puro entretenimiento.<\/p>\n\n\n\n<h5 class=\"wp-block-heading has-medium-font-size\"><strong>Color, libro, peli y disco favoritos. \u00a1Por este orden! ;D<\/strong><\/h5>\n\n\n\n<p>Azul.<\/p>\n\n\n\n<p><em>El principito.<\/em><\/p>\n\n\n\n<p>Luc\u00eda y el sexo.<\/p>\n\n\n\n<p>Neon Bible de Arcade Fire<\/p>\n\n\n\n<figure class=\"wp-block-embed is-type-rich is-provider-spotify wp-block-embed-spotify wp-embed-aspect-21-9 wp-has-aspect-ratio\"><div class=\"wp-block-embed__wrapper\">\n<iframe title=\"Spotify Embed: Neon Bible\" style=\"border-radius: 12px\" width=\"100%\" height=\"152\" frameborder=\"0\" allowfullscreen allow=\"autoplay; clipboard-write; encrypted-media; fullscreen; picture-in-picture\" loading=\"lazy\" src=\"https:\/\/open.spotify.com\/embed\/track\/4FqnaZALqOYyWediiaAToi?si=rRej7SqhQqGaGvCqM4fjHA&#038;utm_source=oembed\"><\/iframe>\n<\/div><\/figure>\n\n\n\n<h5 class=\"wp-block-heading has-medium-font-size\"><strong>\u00bfEs tu casa reflejo de qui\u00e9n eres? Cu\u00e9ntanos a qu\u00e9 huele, tu rinc\u00f3n favorito, tu objeto decorativo o mueble fetiche, si atesoras alguna colecci\u00f3n&#8230; Y si tienes mascota, \u00a1pres\u00e9ntanosla!<\/strong><\/h5>\n\n\n\n<p>Cuando entras a mi casa, de entrada te envuelve un olor suave y agradable a heno, y no porque tenga heno para decorar, sino porque en el sal\u00f3n vive Josh, un conejo belier (de orejas ca\u00eddas) que adora comer brotes de heno y hierbas arom\u00e1ticas. Es un comil\u00f3n bastante gandul pero a la vez adorable que hace ya m\u00e1s de 5 a\u00f1os que est\u00e1 conmigo. Se desvive por un buen trozo de manzana y viene a que le acaricien la cabeza cuando requiere mimitos. Lo tengo desde al poco de empezar con la cer\u00e1mica, y es protagonista de alg\u00fan que otro v\u00eddeo en mi cuenta de instagram.<\/p>\n\n\n\n<figure class=\"wp-block-image\"><img loading=\"lazy\" decoding=\"async\" width=\"600\" height=\"400\" src=\"https:\/\/www.monapart.com\/magazine\/wp-content\/uploads\/2023\/04\/entrevista_balbina_monapart_2.png\" alt=\"BALBINA: arte slow y minimalista | Monapart \" class=\"wp-image-1349\" title=\"entrevista_balbina_monapart_2\" srcset=\"https:\/\/www.monapart.com\/magazine\/wp-content\/uploads\/2023\/04\/entrevista_balbina_monapart_2.png 600w, https:\/\/www.monapart.com\/magazine\/wp-content\/uploads\/2023\/04\/entrevista_balbina_monapart_2-300x200.png 300w\" sizes=\"auto, (max-width: 600px) 100vw, 600px\" \/><\/figure>\n\n\n\n<p>Por otro lado, soy muy fan del buen dise\u00f1o, en especial del dise\u00f1o n\u00f3rdico. Me agradan los muebles y objetos de colores naturales y mates. Al haber sido vendedora de mobiliario, no pod\u00edan faltar varios muebles de la firma HAY (una de mis marcas de muebles preferidas), Muuto, Menu&#8230; y algunas firmas espa\u00f1olas tambi\u00e9n como Dvelas o Vondom. No me gusta recargar, pero s\u00ed tener algunas piezas que me recuerden a viajes o experiencias. Tengo una colecci\u00f3n de c\u00e1maras vintage desde hace tiempo y recientemente he empezado otra de piezas de cer\u00e1mica que compro estando de viaje y de artistas a los que admiro.<\/p>\n\n\n\n<figure class=\"wp-block-image\"><img loading=\"lazy\" decoding=\"async\" width=\"600\" height=\"400\" src=\"https:\/\/www.monapart.com\/magazine\/wp-content\/uploads\/2023\/04\/entrevista-balbina-monapart-7.png\" alt=\"BALBINA: arte slow y minimalista | Monapart \" class=\"wp-image-1350\" title=\"entrevista-balbina-monapart-7\" srcset=\"https:\/\/www.monapart.com\/magazine\/wp-content\/uploads\/2023\/04\/entrevista-balbina-monapart-7.png 600w, https:\/\/www.monapart.com\/magazine\/wp-content\/uploads\/2023\/04\/entrevista-balbina-monapart-7-300x200.png 300w\" sizes=\"auto, (max-width: 600px) 100vw, 600px\" \/><\/figure>\n\n\n\n<h5 class=\"wp-block-heading has-medium-font-size\"><strong>Si pudieras comprarte cualquier cosa ahora mismo y llev\u00e1rtela a casa, \u00bfcu\u00e1l ser\u00eda? \u00a1Cualquier cosa!<\/strong><\/h5>\n\n\n\n<p>Un horno de cer\u00e1mica nuevo. No ser\u00eda para la casa, obvio, m\u00e1s bien para el taller, jeje. El m\u00edo de momento lo quiero mucho y funciona de maravilla, pero tiene m\u00e1s de veinte a\u00f1os y el rendimiento de los hornos cer\u00e1micos ha mejorado bastante en estas \u00faltimas d\u00e9cadas.<\/p>\n\n\n\n<h5 class=\"wp-block-heading has-medium-font-size\"><strong>Un planazo en casa siempre incluye&#8230;<\/strong><\/h5>\n\n\n\n<p>Una buena taza de t\u00e9 caliente junto a la chimenea (o smoothie fr\u00edo en verano), una lectura interesante o una buena pel\u00edcula o serie en el proyector.<\/p>\n\n\n\n<h5 class=\"wp-block-heading has-medium-font-size\"><strong>\u00bfTienes alg\u00fan plato estrella?<\/strong><\/h5>\n\n\n\n<p>Pollo vegano al curry.<\/p>\n\n\n\n<h5 class=\"wp-block-heading has-medium-font-size\"><strong>\u00bfCu\u00e1l es tu lugar favorito en tu ciudad? \u00bfY en el extranjero?<\/strong><\/h5>\n\n\n\n<p>Como estoy redescubriendo la naturaleza, \u00faltimamente disfruto mucho de pasear por zonas rurales de Mallorca. Entre los pueblos de Lloseta, Binissalem y Biniamar hay varios caminos que se han convertido en mis lugares predilectos para ir a reconectar conmigo misma y tambi\u00e9n de paso \u00abrecolectar\u00bb tierra para crear mis \u00faltimos trabajos en cer\u00e1mica. En uno de los paseos, en Biniamar, hay una iglesia que qued\u00f3 a medio construir y que est\u00e1 a cielo abierto, creo que es muy curiosa de ver.&nbsp;<\/p>\n\n\n\n<figure class=\"wp-block-image\"><img loading=\"lazy\" decoding=\"async\" width=\"600\" height=\"400\" src=\"https:\/\/www.monapart.com\/magazine\/wp-content\/uploads\/2023\/04\/diseno_sin_titulo.png\" alt=\"BALBINA: arte slow y minimalista | Monapart \" class=\"wp-image-1351\" title=\"entrevista-balbina-monapart-6\" srcset=\"https:\/\/www.monapart.com\/magazine\/wp-content\/uploads\/2023\/04\/diseno_sin_titulo.png 600w, https:\/\/www.monapart.com\/magazine\/wp-content\/uploads\/2023\/04\/diseno_sin_titulo-300x200.png 300w\" sizes=\"auto, (max-width: 600px) 100vw, 600px\" \/><\/figure>\n\n\n\n<p>Dif\u00edcil respuesta, pues me vienen muchos a la cabeza, pero probablemente mi lugar favorito en el extranjero sea en alguno de los sublimes paisajes islandeses. Y si tuviera que elegir alg\u00fan lugar m\u00e1s concreto en una ciudad, me teletransportar\u00eda a cualquier cafeter\u00eda acogedora con genuino estilo n\u00f3rdico de ciudades como Copenhague, Berl\u00edn o Amsterdam.<\/p>\n\n\n\n<figure class=\"wp-block-image\"><img loading=\"lazy\" decoding=\"async\" width=\"600\" height=\"400\" src=\"https:\/\/www.monapart.com\/magazine\/wp-content\/uploads\/2023\/04\/entrevista_balbina_monapart_3.png\" alt=\"BALBINA: arte slow y minimalista | Monapart \" class=\"wp-image-1352\" title=\"entrevista_balbina_monapart_3\" srcset=\"https:\/\/www.monapart.com\/magazine\/wp-content\/uploads\/2023\/04\/entrevista_balbina_monapart_3.png 600w, https:\/\/www.monapart.com\/magazine\/wp-content\/uploads\/2023\/04\/entrevista_balbina_monapart_3-300x200.png 300w\" sizes=\"auto, (max-width: 600px) 100vw, 600px\" \/><\/figure>\n\n\n\n<h3 class=\"wp-block-heading\">As\u00ed que, si buscas piezas \u00fanicas, hechas a mano con alma y dedicaci\u00f3n, en <strong>BAL LAB<\/strong> encontrar\u00e1s ese arte slow y minimalista que transforma lo cotidiano en algo especial. Cada creaci\u00f3n de Balbina es el reflejo de su amor por los materiales, la naturaleza y la belleza de lo simple.<\/h3>\n","protected":false},"excerpt":{"rendered":"<p>BALBINA: arte slow y minimalista Es la creadora de\u00a0BAL\u00a0LAB, un laboratorio creativo en el que trabaja con sus propias manos conjugando sus 3 grandes pasiones: el arte, el dise\u00f1o y la fotograf\u00eda. Naci\u00f3 en Mallorca durante los 80, escuchando U2 y Red Hot Chili Peppers mientras iba a sus clases de dibujo semanales con Teresa [&hellip;]<\/p>\n","protected":false},"author":3,"featured_media":1347,"comment_status":"closed","ping_status":"closed","sticky":false,"template":"","format":"standard","meta":{"_acf_changed":false,"footnotes":""},"categories":[2844,2845],"tags":[2868,2869],"class_list":["post-1346","post","type-post","status-publish","format-standard","has-post-thumbnail","hentry","category-hogar","category-mi-monapart","tag-arte","tag-ceramica"],"acf":[],"_links":{"self":[{"href":"https:\/\/www.monapart.com\/magazine\/wp-json\/wp\/v2\/posts\/1346","targetHints":{"allow":["GET"]}}],"collection":[{"href":"https:\/\/www.monapart.com\/magazine\/wp-json\/wp\/v2\/posts"}],"about":[{"href":"https:\/\/www.monapart.com\/magazine\/wp-json\/wp\/v2\/types\/post"}],"author":[{"embeddable":true,"href":"https:\/\/www.monapart.com\/magazine\/wp-json\/wp\/v2\/users\/3"}],"replies":[{"embeddable":true,"href":"https:\/\/www.monapart.com\/magazine\/wp-json\/wp\/v2\/comments?post=1346"}],"version-history":[{"count":1,"href":"https:\/\/www.monapart.com\/magazine\/wp-json\/wp\/v2\/posts\/1346\/revisions"}],"predecessor-version":[{"id":16857,"href":"https:\/\/www.monapart.com\/magazine\/wp-json\/wp\/v2\/posts\/1346\/revisions\/16857"}],"wp:featuredmedia":[{"embeddable":true,"href":"https:\/\/www.monapart.com\/magazine\/wp-json\/wp\/v2\/media\/1347"}],"wp:attachment":[{"href":"https:\/\/www.monapart.com\/magazine\/wp-json\/wp\/v2\/media?parent=1346"}],"wp:term":[{"taxonomy":"category","embeddable":true,"href":"https:\/\/www.monapart.com\/magazine\/wp-json\/wp\/v2\/categories?post=1346"},{"taxonomy":"post_tag","embeddable":true,"href":"https:\/\/www.monapart.com\/magazine\/wp-json\/wp\/v2\/tags?post=1346"}],"curies":[{"name":"wp","href":"https:\/\/api.w.org\/{rel}","templated":true}]}}