{"id":1343,"date":"2023-03-21T12:51:42","date_gmt":"2023-03-21T11:51:42","guid":{"rendered":"https:\/\/www.monapart.com\/magazine\/?p=1343"},"modified":"2025-06-23T09:56:40","modified_gmt":"2025-06-23T07:56:40","slug":"factores-clave-para-fijar-el-precio-de-venta-de-tu-casa","status":"publish","type":"post","link":"https:\/\/www.monapart.com\/magazine\/consejo-inmobiliario\/factores-clave-para-fijar-el-precio-de-venta-de-tu-casa","title":{"rendered":"Factores clave para fijar el precio de venta de tu casa"},"content":{"rendered":"\n<h1 class=\"wp-block-heading\">Factores clave para fijar el precio de venta de tu casa<\/h1>\n\n\n\n<h2 class=\"wp-block-heading\">\u00bfCu\u00e1nto vale tu casa? \u00bfConoces su valor real de mercado? Te mostramos los factores m\u00e1s importantes que debes tener en cuenta para evitar sustos.<\/h2>\n\n\n<div class='post-info'>21 de marzo de 2023 por <a href='https:\/\/www.monapart.com\/magazine\/autor\/monapart'>Monapart<\/a><\/div>\n\n\n\n<figure class=\"wp-block-image\"><img loading=\"lazy\" decoding=\"async\" width=\"600\" height=\"400\" src=\"https:\/\/www.monapart.com\/magazine\/wp-content\/uploads\/2023\/03\/como_se_fija_el_precio_de_venta_de_una_vivienda_monapart_1.png\" alt=\"Factores clave para fijar el precio de venta de tu casa | Monapart \" class=\"wp-image-1344\" title=\"como_se_fija_el_precio_de_venta_de_una_vivienda_monapart_1\" srcset=\"https:\/\/www.monapart.com\/magazine\/wp-content\/uploads\/2023\/03\/como_se_fija_el_precio_de_venta_de_una_vivienda_monapart_1.png 600w, https:\/\/www.monapart.com\/magazine\/wp-content\/uploads\/2023\/03\/como_se_fija_el_precio_de_venta_de_una_vivienda_monapart_1-300x200.png 300w\" sizes=\"auto, (max-width: 600px) 100vw, 600px\" \/><\/figure>\n\n\n\n<h5 class=\"wp-block-heading has-medium-font-size\"><a><\/a>Qu\u00e9 debes hacer para fijar un precio de venta adecuado<\/h5>\n\n\n\n<p><a href=\"\/node\/2357\">La tasaci\u00f3n de la propiedad<\/a> es un paso clave dentro del proceso de venta. Uno de los primeros y m\u00e1s cr\u00edticos, ya que exige un gran conocimiento t\u00e9cnico. Por esto, nuestro consejo es siempre solicitar asesoramiento con -al menos- un experto.&nbsp;<\/p>\n\n\n\n<p>Elegir un buen agente inmobiliario es muy relevante, puesto que siendo bien asesorado podr\u00e1s fijar un precio realista que ayudar\u00e1 a vender antes y mejor. <a href=\"\/node\/3176\">Eduard Sol\u00e9, COO de Monapart<\/a>, lo explica en una sencilla frase, \u201clo importante de verdad, en los datos, es saber interpretarlos y eso no se aprende en un d\u00eda\u201d.<\/p>\n\n\n\n<p>El agente inmobiliario, adem\u00e1s de la tasaci\u00f3n, se encargar\u00e1 de dos procesos imprescindibles para dar con un precio de venta adecuado:<\/p>\n\n\n\n<ol class=\"wp-block-list\">\n<li>Realizar\u00e1 un an\u00e1lisis objetivo y profesional del mercado.<\/li>\n\n\n\n<li>Estudiar\u00e1 el estado de la oferta y la demanda existente en la zona al momento de vender.&nbsp;<\/li>\n<\/ol>\n\n\n\n<p>Estos dos procesos, junto a la tasaci\u00f3n, completan los factores m\u00ednimos que necesitas para evitar desajustes e imprecisiones al decidir el valor de venta del inmueble.<\/p>\n\n\n\n<blockquote class=\"wp-block-quote alignright is-layout-flow wp-block-quote-is-layout-flow\">\n<p>Contar con el asesoramiento experto de un agente inmobiliario es la opci\u00f3n m\u00e1s inteligente.<\/p>\n<\/blockquote>\n\n\n\n<h5 class=\"wp-block-heading has-medium-font-size\"><a id=\"debes bajar el precio de venta\"><\/a>\u00bfEs recomendable salir \u00aba la baja\u00bb?<\/h5>\n\n\n\n<p>Seg\u00fan este art\u00edculo de primeros de a\u00f1o en <a href=\"http:\/\/www.idealista.com\/news\/inmobiliario\/vivienda\/2023\/01\/13\/803064-como-negociar-el-precio-de-la-compra-de-una-vivienda-en-2023\" target=\"_blank\" rel=\"noopener\">Idealista News<\/a>, parece que va a producirse un equilibrio entre la oferta y la demanda, que junto con el incremento de los tipos de inter\u00e9s, har\u00e1 que el mercado inmobiliario espa\u00f1ol se estabilice durante 2023.&nbsp;<\/p>\n\n\n\n<p>Como consecuencia de la guerra entre Rusia y Ucrania, la crisis energ\u00e9tica, el aumento de materias primas y el alza en la inflaci\u00f3n, hemos pasado de un mercado que favorec\u00eda la posici\u00f3n del vendedor (ten\u00eda m\u00e1s poder para definir precios), hacia un mercado m\u00e1s equilibrado o incluso que beneficie a los compradores. \u00bfC\u00f3mo? Van a tener m\u00e1s capacidad de negociaci\u00f3n as\u00ed que prepar\u00e9monos para enfrentarnos a negociaciones a la baja.&nbsp;<\/p>\n\n\n\n<p>Seg\u00fan <a href=\"http:\/\/www.idealista.com\/news\/inmobiliario\/vivienda\/2022\/12\/19\/800703-analisis-del-mercado-inmobiliario-en-2022-y-previsiones-para-2023-segun-idealista\" target=\"_blank\" rel=\"noopener\">estas previsiones<\/a>, los precios se enfriar\u00e1n, pero se mantendr\u00e1n estables. Los analistas no creen posible una ca\u00edda generalizada en los grandes mercados (Barcelona, Madrid, M\u00e1laga) pero, al haber menos demanda, es plausible pensar que va a costar un poco m\u00e1s cerrar operaciones.<\/p>\n\n\n\n<p>A la hora de negociar el precio final de venta con el comprador, habr\u00e1 otros elementos que afecten la negociaci\u00f3n:<\/p>\n\n\n\n<ul class=\"wp-block-list\">\n<li>Si es obra nueva o de segunda mano;&nbsp;<\/li>\n\n\n\n<li>si necesita de reformas o es a estrenar;&nbsp;<\/li>\n\n\n\n<li>si la venta es a trav\u00e9s de particular o agencia inmobiliaria;&nbsp;<\/li>\n\n\n\n<li>la zona, barrio o calle de la ciudad en la que est\u00e9 ubicado el inmueble.<\/li>\n<\/ul>\n\n\n\n<p>Seg\u00fan la <a href=\"https:\/\/www.idealista.com\/news\/inmobiliario\/vivienda\/2022\/05\/19\/796671-los-compradores-consiguen-rebajar-un-9-el-precio-de-la-vivienda-segun-euroval\" target=\"_blank\" rel=\"noreferrer noopener\">tasadora Euroval<\/a>, al negociar el precio de venta de una vivienda, los compradores en Espa\u00f1a consiguen una rebaja media del 9%. Aunque existen m\u00e1ximos superiores al 20% en ciudades como M\u00e1laga y Vitoria-Gasteiz.<\/p>\n\n\n\n<p>Es muy com\u00fan que los v\u00ednculos emocionales que nos unen con nuestra propiedad, nos influyan y nos lleven a sobreestimar su valor al momento de ponerla a la venta.<\/p>\n\n\n\n<figure class=\"wp-block-image\"><img loading=\"lazy\" decoding=\"async\" width=\"600\" height=\"400\" src=\"https:\/\/www.monapart.com\/magazine\/wp-content\/uploads\/2023\/03\/como_se_fija_el_precio_de_venta_de_una_vivienda_monapart.png\" alt=\"Factores clave para fijar el precio de venta de tu casa | Monapart \" class=\"wp-image-1345\" title=\"como_se_fija_el_precio_de_venta_de_una_vivienda_monapart\" srcset=\"https:\/\/www.monapart.com\/magazine\/wp-content\/uploads\/2023\/03\/como_se_fija_el_precio_de_venta_de_una_vivienda_monapart.png 600w, https:\/\/www.monapart.com\/magazine\/wp-content\/uploads\/2023\/03\/como_se_fija_el_precio_de_venta_de_una_vivienda_monapart-300x200.png 300w\" sizes=\"auto, (max-width: 600px) 100vw, 600px\" \/><\/figure>\n\n\n\n<p>(Negociaci\u00f3n del precio de la vivienda en venta)<\/p>\n\n\n\n<h5 class=\"wp-block-heading has-medium-font-size\"><a id=\"el mercado inmobiliario\"><\/a>El mercado inmobiliario en 2023, \u00bfbajar\u00e1n los precios?<\/h5>\n\n\n\n<p>2022 termin\u00f3 siendo un a\u00f1o muy positivo para las ventas en el mercado inmobiliario, pero los expertos vaticinan un <a href=\"https:\/\/www.economiadigital.es\/economia\/cuanto-bajara-el-precio-de-la-vivienda-en-2023-este-experto-responde.html\" target=\"_blank\" rel=\"noreferrer noopener\">descenso en la demanda de vivienda<\/a> como consecuencia de la tendencia alcista de los precios del a\u00f1o pasado.&nbsp;<\/p>\n\n\n\n<p>El <a href=\"https:\/\/www.larazon.es\/madrid\/20221105\/2uo753fgivfatmhveviontjjiu.html\" target=\"_blank\" rel=\"noreferrer noopener\">Banco Online ING<\/a>, se moja y considera probable que el crecimiento de precios se vaya ralentizando <em>\u201chasta el 1% el 2023, lo que significa que el crecimiento nominal de los precios no podr\u00e1 seguir el ritmo de la inflaci\u00f3n, con una tasa prevista para 2023 del 4,4%\u201d.&nbsp;<\/em>\u00bfQu\u00e9 quiere decir con esto? Que el crecimiento real de precios ser\u00e1 negativo en un 3% o 4%.<\/p>\n\n\n\n<p>Tampoco es para asustarse&#8230; Algunas veces, las predicciones inmobiliarias se parecen demasiado al pron\u00f3stico del tiempo. Beatriz Amigot, redactora de econom\u00eda del peri\u00f3dico Expansi\u00f3n, habla de expertos previendo ca\u00eddas de hasta el 10%. Pero al hablar de precios de venta, vemos la enorme falta de consenso. Aqu\u00ed tienes los detalles.<\/p>\n\n\n\n<figure class=\"wp-block-embed is-type-rich is-provider-gestor-del-servicio wp-block-embed-gestor-del-servicio wp-embed-aspect-16-9 wp-has-aspect-ratio\"><div class=\"wp-block-embed__wrapper\">\n<iframe loading=\"lazy\" title=\"\u00bfD\u00f3nde bajar\u00e1 m\u00e1s el precio de la vivienda en 2023?\" width=\"500\" height=\"281\" src=\"https:\/\/www.youtube.com\/embed\/asDEzurXzNY?feature=oembed\" frameborder=\"0\" allow=\"accelerometer; autoplay; clipboard-write; encrypted-media; gyroscope; picture-in-picture; web-share\" referrerpolicy=\"strict-origin-when-cross-origin\" allowfullscreen><\/iframe>\n<\/div><\/figure>\n\n\n\n<h5 class=\"wp-block-heading has-medium-font-size\"><a id=\"conclusi\u00f3n\"><\/a>Conclusiones:<\/h5>\n\n\n\n<ul class=\"wp-block-list\">\n<li>Habr\u00e1 desaceleraci\u00f3n de las ventas en comparaci\u00f3n con 2022.<\/li>\n\n\n\n<li>Falta claridad sobre lo que va a pasar con los precios en este 2023.<\/li>\n\n\n\n<li>Debemos ser pacientes y estar atentos a las variables internas y externas del mercado que puedan afectarles.<\/li>\n<\/ul>\n\n\n\n<p>Nuestra reflexi\u00f3n final: fijar el precio cumple un papel de extrema importancia, por eso, contar con el asesoramiento experto de un agente inmobiliario es la opci\u00f3n m\u00e1s inteligente. Es lo m\u00e1s seguro, m\u00e1s lucrativo, m\u00e1s c\u00f3modo y menos estresante.<\/p>\n\n\n\n<p>Si est\u00e1s pensando en vender tu casa, s\u00f3lo tienes que hacer UNA cosa: rellenar <a href=\"https:\/\/www.monapart.com\/servicios\/vender\">este formulario<\/a> porque de TODO lo dem\u00e1s, nos encargamos nosotros. F\u00e1cil, \u00bfno?<\/p>\n","protected":false},"excerpt":{"rendered":"<p>\u00bfCu\u00e1nto vale tu casa? \u00bfConoces el precio real de mercado? Te mostramos los factores m\u00e1s importantes que debes tener en cuenta para evitar sustos.<\/p>\n","protected":false},"author":3,"featured_media":1344,"comment_status":"closed","ping_status":"closed","sticky":false,"template":"","format":"standard","meta":{"_acf_changed":false,"footnotes":""},"categories":[3268],"tags":[3277,2938],"class_list":["post-1343","post","type-post","status-publish","format-standard","has-post-thumbnail","hentry","category-consejo-inmobiliario","tag-valoracion","tag-compraventa"],"acf":[],"_links":{"self":[{"href":"https:\/\/www.monapart.com\/magazine\/wp-json\/wp\/v2\/posts\/1343","targetHints":{"allow":["GET"]}}],"collection":[{"href":"https:\/\/www.monapart.com\/magazine\/wp-json\/wp\/v2\/posts"}],"about":[{"href":"https:\/\/www.monapart.com\/magazine\/wp-json\/wp\/v2\/types\/post"}],"author":[{"embeddable":true,"href":"https:\/\/www.monapart.com\/magazine\/wp-json\/wp\/v2\/users\/3"}],"replies":[{"embeddable":true,"href":"https:\/\/www.monapart.com\/magazine\/wp-json\/wp\/v2\/comments?post=1343"}],"version-history":[{"count":3,"href":"https:\/\/www.monapart.com\/magazine\/wp-json\/wp\/v2\/posts\/1343\/revisions"}],"predecessor-version":[{"id":17226,"href":"https:\/\/www.monapart.com\/magazine\/wp-json\/wp\/v2\/posts\/1343\/revisions\/17226"}],"wp:featuredmedia":[{"embeddable":true,"href":"https:\/\/www.monapart.com\/magazine\/wp-json\/wp\/v2\/media\/1344"}],"wp:attachment":[{"href":"https:\/\/www.monapart.com\/magazine\/wp-json\/wp\/v2\/media?parent=1343"}],"wp:term":[{"taxonomy":"category","embeddable":true,"href":"https:\/\/www.monapart.com\/magazine\/wp-json\/wp\/v2\/categories?post=1343"},{"taxonomy":"post_tag","embeddable":true,"href":"https:\/\/www.monapart.com\/magazine\/wp-json\/wp\/v2\/tags?post=1343"}],"curies":[{"name":"wp","href":"https:\/\/api.w.org\/{rel}","templated":true}]}}