{"id":1290,"date":"2023-02-02T11:12:22","date_gmt":"2023-02-02T10:12:22","guid":{"rendered":"https:\/\/www.monapart.com\/magazine\/?p=1290"},"modified":"2025-09-20T23:35:32","modified_gmt":"2025-09-20T21:35:32","slug":"beatriz-tormenta-la-belleza-tras-la-camara","status":"publish","type":"post","link":"https:\/\/www.monapart.com\/magazine\/hogar\/beatriz-tormenta-la-belleza-tras-la-camara","title":{"rendered":"Beatriz Tormenta: la belleza tras la c\u00e1mara"},"content":{"rendered":"\n<h1 class=\"wp-block-heading\">Beatriz Tormenta: la belleza tras la c\u00e1mara<\/h1>\n\n\n\n<h2 class=\"wp-block-heading\">Soci\u00f3loga de formaci\u00f3n y fot\u00f3grafa de profesi\u00f3n, siempre volcada en todo lo que rodea a las personas. <\/h2>\n\n\n<div class='post-info'>2 de febrero de 2023 por <a href='https:\/\/www.monapart.com\/magazine\/autor\/monapart'>Monapart<\/a><\/div>\n\n\n\n<figure class=\"wp-block-image\"><img loading=\"lazy\" decoding=\"async\" width=\"600\" height=\"428\" src=\"https:\/\/www.monapart.com\/magazine\/wp-content\/uploads\/2023\/02\/entrevista_monapart_beatriz_tormenta1.png\" alt=\"Beatriz Tormenta: la belleza tras la c\u00e1mara | Monapart \" class=\"wp-image-1291\" title=\"entrevista_monapart_beatriz_tormenta1\"\/><\/figure>\n\n\n\n<h3 class=\"wp-block-heading\">Armon\u00eda, colores pastel, arte y bonitez, as\u00ed podr\u00edamos describir a Beatriz Tormenta. Su pasi\u00f3n por la fotograf\u00eda, que se inici\u00f3 como un proyecto personal, le ha llevado finalmente a trabajar para marcas tales como Offset Collage, Bryan Stepwise, Eastpark&#8230; y ahora que ya sabes un poquito m\u00e1s&#8230; \u00bfcogemos un paraguas y nos adentramos m\u00e1s en la belleza de la tormenta?<\/h3>\n\n\n\n<p><strong>1. H\u00e1blanos de ti y de tu trabajo. \u00bfD\u00f3nde naci\u00f3 tu vocaci\u00f3n? \u00bfAlg\u00fan primer recuerdo?<\/strong><\/p>\n\n\n\n<p>Me llamo Bea, aunque muchos me conocen m\u00e1s como <a href=\"https:\/\/www.instagram.com\/beatriztormenta\/\" target=\"_blank\" rel=\"noreferrer noopener\">Beatriz Tormenta<\/a>. Trabajo como fot\u00f3grafa desde 2015 creando contenido para las redes sociales y webs de marcas de todo tipo, aunque en realidad soy soci\u00f3loga de formaci\u00f3n. Todo empez\u00f3 a los 17 a\u00f1os, y en realidad fue gracias a un TOC -el de ver todo ordenado y crom\u00e1ticamente arm\u00f3nico- lo que me llev\u00f3 a coger una c\u00e1mara e inmortalizarlo todo sin parar, m\u00e1s que como una vocaci\u00f3n en s\u00ed. El orden visual, la armon\u00eda en los colores y lo bonito de la luz natural me llevaron, tras muchos a\u00f1os, a convertirme en fot\u00f3grafa y vivir de ello.&nbsp;<\/p>\n\n\n\n<figure class=\"wp-block-image\"><img loading=\"lazy\" decoding=\"async\" width=\"600\" height=\"428\" src=\"https:\/\/www.monapart.com\/magazine\/wp-content\/uploads\/2023\/02\/entrevista_monapart_beatriz_tormenta2.png\" alt=\"Beatriz Tormenta: la belleza tras la c\u00e1mara | Monapart \" class=\"wp-image-1292\" title=\"entrevista_monapart_beatriz_tormenta2\" srcset=\"https:\/\/www.monapart.com\/magazine\/wp-content\/uploads\/2023\/02\/entrevista_monapart_beatriz_tormenta2.png 600w, https:\/\/www.monapart.com\/magazine\/wp-content\/uploads\/2023\/02\/entrevista_monapart_beatriz_tormenta2-300x214.png 300w\" sizes=\"auto, (max-width: 600px) 100vw, 600px\" \/><\/figure>\n\n\n\n<h5 class=\"wp-block-heading has-medium-font-size\"><strong>2. \u00bfQu\u00e9 es lo que m\u00e1s te satisface de tu trabajo? \u00bfAlguno del que te sientas especialmente orgulloso?<\/strong><\/h5>\n\n\n\n<p>Lo que m\u00e1s me satisface de mi trabajo es que sea tan variado, tan estimulante y que siempre me acabe llevando a nuevos lugares creativos que no hab\u00eda explorado antes. Vivir de tu creatividad es duro, no nos enga\u00f1emos, y para m\u00ed es un poco como surcar una ola constante en la que convives con momentos s\u00faper l\u00facidos, crisis creativas y momentos en los que no pasa nada. Pero siempre sacas algo bueno y positivo. Siempre siento que aprendo algo que no sab\u00eda cada vez que me enfrento a un trabajo o a un cliente nuevo y es muy satisfactorio ver que todo eso que has recogido lo has sembrado t\u00fa.&nbsp;&nbsp;<\/p>\n\n\n\n<h5 class=\"wp-block-heading has-medium-font-size\"><strong>3. \u00bfC\u00f3mo es tu proceso creativo? \u00bfCu\u00e1les son tus fuentes de inspiraci\u00f3n? \u00bfAlguna m\u00fasica en especial mientras trabajas?<\/strong><\/h5>\n\n\n\n<p>Mi proceso creativo es bastante variable en general seg\u00fan el proyecto y seg\u00fan mi momento vital y, aunque soy met\u00f3dica en el momento de la ejecuci\u00f3n y sigo ciertos pasos, tambi\u00e9n me dejo fluir seg\u00fan sea lo que me evoque lo que tengo que fotograf\u00edar. Me inspira mucho el cine y el trabajo de otros artistas pero lo que m\u00e1s me ayuda a estimular mi creatividad es viajar.<\/p>\n\n\n\n<h5 class=\"wp-block-heading has-medium-font-size\"><strong>4. Color, libro, peli y disco favoritos. \u00a1Por este orden! \ud83d\ude09<\/strong><\/h5>\n\n\n\n<p>Color: Rosa pastel. Siempre.<\/p>\n\n\n\n<p>\u00daltimo libro que me ha gustado much\u00edsimo (no puedo elegir uno solo favorito) : <em>Vozdevieja<\/em> de Elvira Victoria<\/p>\n\n\n\n<p>Disco favorito \u00faltimamente: <em>Being funny in a foreing language<\/em> de The 1975<\/p>\n\n\n\n<figure class=\"wp-block-embed is-type-rich is-provider-spotify wp-block-embed-spotify wp-embed-aspect-21-9 wp-has-aspect-ratio\"><div class=\"wp-block-embed__wrapper\">\n<iframe title=\"Spotify Embed: Being Funny In A Foreign Language\" style=\"border-radius: 12px\" width=\"100%\" height=\"352\" frameborder=\"0\" allowfullscreen allow=\"autoplay; clipboard-write; encrypted-media; fullscreen; picture-in-picture\" loading=\"lazy\" src=\"https:\/\/open.spotify.com\/embed\/album\/6dVCpQ7oGJD1oYs2fv1t5M?si=3At3DNKaTguiFmYi_vrBXw&#038;utm_source=oembed\"><\/iframe>\n<\/div><\/figure>\n\n\n\n<h5 class=\"wp-block-heading has-medium-font-size\"><strong>5. \u00bfEs tu casa reflejo de qui\u00e9n eres? Cu\u00e9ntanos a qu\u00e9 huele, tu rinc\u00f3n favorito, tu objeto decorativo o mueble fetiche, si atesoras alguna colecci\u00f3n&#8230; Y si tienes mascota, \u00a1pres\u00e9ntanosla!<\/strong><\/h5>\n\n\n\n<p>Lo que m\u00e1s me dice la gente que viene a mi casa es: Es muy t\u00fa. As\u00ed que supongo que s\u00ed: me siento muy reflejada en ella y creo que habla mucho de c\u00f3mo soy \ud83d\ude42&nbsp;<\/p>\n\n\n\n<p>Mi rinc\u00f3n favorito dir\u00eda que es mi sal\u00f3n, con mis cuadros, mis plantas y mis objetos favoritos. Tengo la suerte de tener toda la pared de cristal y me gusta sentarme en el sof\u00e1 y disfrutar de las vistas de mi peque\u00f1o reino mientras trabajo, leo o veo una peli.&nbsp;<\/p>\n\n\n\n<p>Entre mis objetos decorativos favoritos est\u00e1 una m\u00e1scara de leopardo de Ecuador que me regalaron y mis cuadros de Juan Feo, Clara Cebr\u00edan&nbsp; y <a href=\"\/node\/4196\" target=\"_blank\" rel=\"noreferrer noopener\">Alejandra Marroqu\u00edn<\/a>. Cada d\u00eda me gusta m\u00e1s comprar arte, y pensar que son cosas que estar\u00e1n conmigo toda la vida me pone contenta.&nbsp;<\/p>\n\n\n\n<figure class=\"wp-block-image\"><img loading=\"lazy\" decoding=\"async\" width=\"600\" height=\"428\" src=\"https:\/\/www.monapart.com\/magazine\/wp-content\/uploads\/2023\/02\/entrevista_monapart_beatriz_tormenta4.png\" alt=\"Beatriz Tormenta: la belleza tras la c\u00e1mara | Monapart \" class=\"wp-image-1293\" title=\"entrevista_monapart_beatriz_tormenta4\" srcset=\"https:\/\/www.monapart.com\/magazine\/wp-content\/uploads\/2023\/02\/entrevista_monapart_beatriz_tormenta4.png 600w, https:\/\/www.monapart.com\/magazine\/wp-content\/uploads\/2023\/02\/entrevista_monapart_beatriz_tormenta4-300x214.png 300w\" sizes=\"auto, (max-width: 600px) 100vw, 600px\" \/><\/figure>\n\n\n\n<p>En cuanto a los olores, mi casa siempre huele a jazm\u00edn y tengo la suerte de compartirla con mi gatita Mecha, de a\u00f1o y medio.<\/p>\n\n\n\n<figure class=\"wp-block-image\"><img loading=\"lazy\" decoding=\"async\" width=\"600\" height=\"428\" src=\"https:\/\/www.monapart.com\/magazine\/wp-content\/uploads\/2023\/02\/entrevista_monapart_beatriz_tormenta3_0.png\" alt=\"Beatriz Tormenta: la belleza tras la c\u00e1mara | Monapart \" class=\"wp-image-1294\" title=\"entrevista_monapart_beatriz_tormenta3\" srcset=\"https:\/\/www.monapart.com\/magazine\/wp-content\/uploads\/2023\/02\/entrevista_monapart_beatriz_tormenta3_0.png 600w, https:\/\/www.monapart.com\/magazine\/wp-content\/uploads\/2023\/02\/entrevista_monapart_beatriz_tormenta3_0-300x214.png 300w\" sizes=\"auto, (max-width: 600px) 100vw, 600px\" \/><\/figure>\n\n\n\n<h5 class=\"wp-block-heading has-medium-font-size\"><strong>6. Si pudieras comprarte cualquier cosa ahora mismo y llev\u00e1rtela a casa, \u00bfcu\u00e1l ser\u00eda? \u00a1Cualquier cosa!<\/strong><\/h5>\n\n\n\n<p>Llevo meses pensando que me encantar\u00eda tener un tigre de cer\u00e1mica para ponerlo en mi sal\u00f3n.&nbsp;<\/p>\n\n\n\n<h5 class=\"wp-block-heading has-medium-font-size\"><strong>7. Un planazo en casa siempre incluye&#8230;<\/strong><\/h5>\n\n\n\n<p>A mis amigues, kombuchas, picoteo rico, y hablar durante horas.<\/p>\n\n\n\n<figure class=\"wp-block-image\"><img loading=\"lazy\" decoding=\"async\" width=\"600\" height=\"428\" src=\"https:\/\/www.monapart.com\/magazine\/wp-content\/uploads\/2023\/02\/entrevista_monapart_beatriz_tormenta5.png\" alt=\"Beatriz Tormenta: la belleza tras la c\u00e1mara | Monapart \" class=\"wp-image-1295\" title=\"entrevista_monapart_beatriz_tormenta5\" srcset=\"https:\/\/www.monapart.com\/magazine\/wp-content\/uploads\/2023\/02\/entrevista_monapart_beatriz_tormenta5.png 600w, https:\/\/www.monapart.com\/magazine\/wp-content\/uploads\/2023\/02\/entrevista_monapart_beatriz_tormenta5-300x214.png 300w\" sizes=\"auto, (max-width: 600px) 100vw, 600px\" \/><\/figure>\n\n\n\n<h5 class=\"wp-block-heading has-medium-font-size\"><strong>8. \u00bfTienes alg\u00fan plato estrella?<\/strong><\/h5>\n\n\n\n<p>Aqu\u00ed confieso que no soy nada cocinitas, pero las lentejas me salen riqu\u00edsimas.<\/p>\n\n\n\n<h5 class=\"wp-block-heading has-medium-font-size\"><strong>9. \u00bfCu\u00e1l es tu lugar favorito en tu ciudad? \u00bfY en el extranjero?<\/strong><\/h5>\n\n\n\n<p>La verdad que soy una enamorada de Madrid en general. Me cuesta mucho quedarme con un solo lugar favorito pero si me tengo que mojar y decir alguno, \u00faltimamente paso mucho tiempo por Chamber\u00ed y por Chueca y son claramente mis barrios favoritos de Madrid.&nbsp;<\/p>\n\n\n\n<p>En cuanto al extranjero, voy con mucha frecuencia a Amsterdam y es, despu\u00e9s de Madrid, mi ciudad favorita sin dudarlo. En concreto, me encanta perderme por el barrio de De Pijp y pasear por sus callecitas.<\/p>\n\n\n\n<p>Armon\u00eda, colores pastel, arte y bonitez, as\u00ed podr\u00edamos describir a Beatriz Tormenta. Soci\u00f3loga de formaci\u00f3n y fot\u00f3grafa de profesi\u00f3n, siempre volcada en todo lo que rodea a las personas. Su pasi\u00f3n por la fotograf\u00eda, que se inici\u00f3 como un proyecto personal, le ha llevado finalmente a trabajar para marcas tales como Offset Collage, Bryan Stepwise y Eastpark.<\/p>\n","protected":false},"excerpt":{"rendered":"<p>Beatriz Tormenta convierte su mirada en arte: soci\u00f3loga de formaci\u00f3n y fot\u00f3grafa de profesi\u00f3n, retrata la belleza que habita en lo cotidiano. Entre colores pastel, armon\u00eda y sensibilidad, su c\u00e1mara captura personas y emociones con naturalidad.<\/p>\n","protected":false},"author":3,"featured_media":1291,"comment_status":"closed","ping_status":"closed","sticky":false,"template":"","format":"standard","meta":{"_acf_changed":false,"footnotes":""},"categories":[2844,2845],"tags":[3224],"class_list":["post-1290","post","type-post","status-publish","format-standard","has-post-thumbnail","hentry","category-hogar","category-mi-monapart","tag-fotografia"],"acf":[],"_links":{"self":[{"href":"https:\/\/www.monapart.com\/magazine\/wp-json\/wp\/v2\/posts\/1290","targetHints":{"allow":["GET"]}}],"collection":[{"href":"https:\/\/www.monapart.com\/magazine\/wp-json\/wp\/v2\/posts"}],"about":[{"href":"https:\/\/www.monapart.com\/magazine\/wp-json\/wp\/v2\/types\/post"}],"author":[{"embeddable":true,"href":"https:\/\/www.monapart.com\/magazine\/wp-json\/wp\/v2\/users\/3"}],"replies":[{"embeddable":true,"href":"https:\/\/www.monapart.com\/magazine\/wp-json\/wp\/v2\/comments?post=1290"}],"version-history":[{"count":3,"href":"https:\/\/www.monapart.com\/magazine\/wp-json\/wp\/v2\/posts\/1290\/revisions"}],"predecessor-version":[{"id":19254,"href":"https:\/\/www.monapart.com\/magazine\/wp-json\/wp\/v2\/posts\/1290\/revisions\/19254"}],"wp:featuredmedia":[{"embeddable":true,"href":"https:\/\/www.monapart.com\/magazine\/wp-json\/wp\/v2\/media\/1291"}],"wp:attachment":[{"href":"https:\/\/www.monapart.com\/magazine\/wp-json\/wp\/v2\/media?parent=1290"}],"wp:term":[{"taxonomy":"category","embeddable":true,"href":"https:\/\/www.monapart.com\/magazine\/wp-json\/wp\/v2\/categories?post=1290"},{"taxonomy":"post_tag","embeddable":true,"href":"https:\/\/www.monapart.com\/magazine\/wp-json\/wp\/v2\/tags?post=1290"}],"curies":[{"name":"wp","href":"https:\/\/api.w.org\/{rel}","templated":true}]}}