{"id":1264,"date":"2022-12-29T12:22:01","date_gmt":"2022-12-29T11:22:01","guid":{"rendered":"https:\/\/www.monapart.com\/magazine\/?p=1264"},"modified":"2025-03-26T12:56:56","modified_gmt":"2025-03-26T11:56:56","slug":"dorotea-pisando-fuerte","status":"publish","type":"post","link":"https:\/\/www.monapart.com\/magazine\/hogar\/dorotea-pisando-fuerte","title":{"rendered":"Dorotea: pisando fuerte"},"content":{"rendered":"\n<h1 class=\"wp-block-heading\">Dorotea: pisando fuerte<\/h1>\n\n\n\n<h2 class=\"wp-block-heading\">Una filosof\u00eda propia en la que t\u00e9cnica y est\u00e9tica van de la mano, en la que estilo y comodidad son inseparables.<\/h2>\n\n\n<div class='post-info'>29 de diciembre de 2022 por <a href='https:\/\/www.monapart.com\/magazine\/autor\/monapart'>Monapart<\/a><\/div>\n\n\n\n<p><\/p>\n\n\n\n<figure class=\"wp-block-image size-large\"><img loading=\"lazy\" decoding=\"async\" width=\"1024\" height=\"629\" src=\"https:\/\/www.monapart.com\/magazine\/wp-content\/uploads\/2022\/12\/Captura-de-pantalla-2025-03-26-a-las-12.48.22-1024x629.png\" alt=\"Dorotea: pisando fuerte | Monapart \" class=\"wp-image-15642\" srcset=\"https:\/\/www.monapart.com\/magazine\/wp-content\/uploads\/2022\/12\/Captura-de-pantalla-2025-03-26-a-las-12.48.22-1024x629.png 1024w, https:\/\/www.monapart.com\/magazine\/wp-content\/uploads\/2022\/12\/Captura-de-pantalla-2025-03-26-a-las-12.48.22-300x184.png 300w, https:\/\/www.monapart.com\/magazine\/wp-content\/uploads\/2022\/12\/Captura-de-pantalla-2025-03-26-a-las-12.48.22-768x472.png 768w, https:\/\/www.monapart.com\/magazine\/wp-content\/uploads\/2022\/12\/Captura-de-pantalla-2025-03-26-a-las-12.48.22.png 1263w\" sizes=\"auto, (max-width: 1024px) 100vw, 1024px\" \/><\/figure>\n\n\n\n<h3 class=\"wp-block-heading\">Dorotea nace como marca en el a\u00f1o 2000, despu\u00e9s de trabajar con marcas como Camper y Antonio Mir\u00f3. Cada uno de los modelos es el resultado de una combinaci\u00f3n entre creatividad y conocimiento t\u00e9cnico.<\/h3>\n\n\n\n<h5 class=\"wp-block-heading has-medium-font-size\"><strong>H\u00e1blanos de ti y de tu trabajo. \u00bfD\u00f3nde naci\u00f3 tu vocaci\u00f3n? \u00bfAlg\u00fan primer recuerdo?<\/strong><\/h5>\n\n\n\n<p>Desde muy peque\u00f1a, como alrededor de los 12 a\u00f1os, me fijaba mucho en el calzado que llevaban las mujeres, pues yo como adolescente no encontraba nada que me gustase&#8230; me encontraba con que el estilo o era muy de se\u00f1ora o muy infantil. En esa \u00e9poca no exist\u00edan marcas como Camper (que fue la pionera en calzado juvenil) y las bambas solo se utilizaban para deporte.&nbsp;<\/p>\n\n\n\n<p>\u00bfUn primer recuerdo? Pues en la misma \u00e9poca recuerdo caminar por una calle poco transitada y silenciosa y caminar de puntillas para que no se escuchara el ruido de mis zapatos al caminar&#8230;<\/p>\n\n\n\n<h5 class=\"wp-block-heading has-medium-font-size\"><strong>\u00bfQu\u00e9 es lo que m\u00e1s te satisface de tu trabajo? \u00bfAlguno del que te sientas especialmente orgullosa?<\/strong><\/h5>\n\n\n\n<p>Me encanta la creaci\u00f3n de vol\u00famenes (hormas y tacones) y mezclar texturas y colores.<br>Me siento especialmente orgullosa de la creaci\u00f3n de sandalias\u2026 siempre son muy especiales por sus formas y colores.<\/p>\n\n\n\n<figure class=\"wp-block-image\"><img loading=\"lazy\" decoding=\"async\" width=\"600\" height=\"428\" src=\"https:\/\/www.monapart.com\/magazine\/wp-content\/uploads\/2022\/12\/entrevista-dorotea-2.png\" alt=\"Dorotea: pisando fuerte | Monapart \" class=\"wp-image-1266\" title=\"entrevista-dorotea-2\" srcset=\"https:\/\/www.monapart.com\/magazine\/wp-content\/uploads\/2022\/12\/entrevista-dorotea-2.png 600w, https:\/\/www.monapart.com\/magazine\/wp-content\/uploads\/2022\/12\/entrevista-dorotea-2-300x214.png 300w\" sizes=\"auto, (max-width: 600px) 100vw, 600px\" \/><\/figure>\n\n\n\n<h5 class=\"wp-block-heading has-medium-font-size\"><strong>\u00bfC\u00f3mo es tu proceso creativo?&nbsp;\u00bfCu\u00e1les son tus fuentes de inspiraci\u00f3n?&nbsp;\u00bfAlguna m\u00fasica en especial mientras trabajas?<\/strong><\/h5>\n\n\n\n<p>Pues empiezo creando las horma que formar\u00e1n parte de la colecci\u00f3n y al mismo tiempo dise\u00f1o los tacones y los vol\u00famenes de las suelas. Simult\u00e1neamente, voy preparando cartas de colores y texturas para que cuando ya dise\u00f1e el modelaje sobre cada horma pueda combinarlo.<\/p>\n\n\n\n<figure class=\"wp-block-image\"><img loading=\"lazy\" decoding=\"async\" width=\"600\" height=\"428\" src=\"https:\/\/www.monapart.com\/magazine\/wp-content\/uploads\/2022\/12\/entrevista-dorotea-5.png\" alt=\"Dorotea: pisando fuerte | Monapart \" class=\"wp-image-1267\" title=\"entrevista-dorotea-5\" srcset=\"https:\/\/www.monapart.com\/magazine\/wp-content\/uploads\/2022\/12\/entrevista-dorotea-5.png 600w, https:\/\/www.monapart.com\/magazine\/wp-content\/uploads\/2022\/12\/entrevista-dorotea-5-300x214.png 300w\" sizes=\"auto, (max-width: 600px) 100vw, 600px\" \/><\/figure>\n\n\n\n<p>Mis fuentes de inspiraci\u00f3n son todo lo que me entra por la vista&#8230; mujeres por la calle, pel\u00edculas que veo, museos y exposiciones que visito y la naturaleza por sus colores.<\/p>\n\n\n\n<p>Utilizo todo tipo de m\u00fasica depende del d\u00eda y el momento, desde el jazz, rock, m\u00fasica cl\u00e1sica o de mantras&#8230; y siempre me ha acompa\u00f1ado radio3 desde hace much\u00edsimos a\u00f1os y sus magn\u00edficos programas.<\/p>\n\n\n\n<h5 class=\"wp-block-heading has-medium-font-size\"><strong>Color, libro, peli y disco favoritos. \u00a1Por este orden!<\/strong><\/h5>\n\n\n\n<p>Verdes, turquesas y rosas palo. \u00a1No puedo quedarme solo con un color!<\/p>\n\n\n\n<p><em>El olvido que seremos&nbsp;<\/em>de H\u00e9ctor Abad Faciolince<\/p>\n\n\n\n<p><em>Dersu Uzala<\/em> de Akira Kurosawa<\/p>\n\n\n\n<p>Como canci\u00f3n dir\u00eda <em>Love Song&nbsp;<\/em>de Adele, pero como discos me encantan los de James Taylor (los cuales me transportan a mi ni\u00f1ez) o Max Richter con <em>Blue Note.&nbsp;<\/em>Y, por supuesto, nunca pueden faltar The Smiths.<\/p>\n\n\n\n<figure class=\"wp-block-embed is-type-rich is-provider-spotify wp-block-embed-spotify wp-embed-aspect-21-9 wp-has-aspect-ratio\"><div class=\"wp-block-embed__wrapper\">\n<iframe title=\"Spotify Embed: The Smiths\" style=\"border-radius: 12px\" width=\"100%\" height=\"352\" frameborder=\"0\" allowfullscreen allow=\"autoplay; clipboard-write; encrypted-media; fullscreen; picture-in-picture\" loading=\"lazy\" src=\"https:\/\/open.spotify.com\/embed\/album\/6cI1XoZsOhkyrCwtuI70CN?si=TFvyWDWmTZGneEJmtWXXAQ&#038;utm_source=oembed\"><\/iframe>\n<\/div><\/figure>\n\n\n\n<h5 class=\"wp-block-heading has-medium-font-size\"><strong>\u00bfEs tu casa reflejo de qui\u00e9n eres? Cu\u00e9ntanos a qu\u00e9 huele, tu rinc\u00f3n favorito, tu objeto decorativo o mueble fetiche, si atesoras alguna colecci\u00f3n&#8230; Y si tienes mascota, \u00a1pres\u00e9ntanosla!<\/strong><\/h5>\n\n\n\n<p>Totalmente, mi casa es reflejo de quien soy. Mi casa huele a las velas que enciendo, a veces a bergamota, otras a esencia de higo&#8230;<\/p>\n\n\n\n<p>Mi rinc\u00f3n favorito es tumbarme en la chaise longe, heredada de mis abuelos, sumergi\u00e9ndome entre cojines de colores.<\/p>\n\n\n\n<p>Mis objetos preferidos son las teteras de hierro japonesas y la colecci\u00f3n de cer\u00e1mica de Helena Rohner&#8230; \u00a1s\u00ed, hago una colecci\u00f3n de teteras! y s\u00ed tengo una mascota&#8230; mi querido gato Max que tiene 3 a\u00f1os.<\/p>\n\n\n\n<figure class=\"wp-block-image\"><img loading=\"lazy\" decoding=\"async\" width=\"600\" height=\"428\" src=\"https:\/\/www.monapart.com\/magazine\/wp-content\/uploads\/2022\/12\/entrevista-dorotea-3.png\" alt=\"Dorotea: pisando fuerte | Monapart \" class=\"wp-image-1268\" title=\"entrevista-dorotea-3\" srcset=\"https:\/\/www.monapart.com\/magazine\/wp-content\/uploads\/2022\/12\/entrevista-dorotea-3.png 600w, https:\/\/www.monapart.com\/magazine\/wp-content\/uploads\/2022\/12\/entrevista-dorotea-3-300x214.png 300w\" sizes=\"auto, (max-width: 600px) 100vw, 600px\" \/><\/figure>\n\n\n\n<h5 class=\"wp-block-heading has-medium-font-size\"><strong>Si pudieras comprarte cualquier cosa ahora mismo y llev\u00e1rtela a casa, \u00bfcu\u00e1l ser\u00eda? \u00a1Cualquier cosa!&nbsp;&nbsp;<\/strong><\/h5>\n\n\n\n<p>Ufff&#8230; pues un sill\u00f3n vintage o de arquitectos como Alvar Aalto, Mies Van der Ronher o le Corbusier. En concreto el LC2.<\/p>\n\n\n\n<figure class=\"wp-block-image\"><img loading=\"lazy\" decoding=\"async\" width=\"600\" height=\"428\" src=\"https:\/\/www.monapart.com\/magazine\/wp-content\/uploads\/2022\/12\/entrevista-dorotea-4.png\" alt=\"Dorotea: pisando fuerte | Monapart \" class=\"wp-image-1269\" title=\"entrevista-dorotea-4\" srcset=\"https:\/\/www.monapart.com\/magazine\/wp-content\/uploads\/2022\/12\/entrevista-dorotea-4.png 600w, https:\/\/www.monapart.com\/magazine\/wp-content\/uploads\/2022\/12\/entrevista-dorotea-4-300x214.png 300w\" sizes=\"auto, (max-width: 600px) 100vw, 600px\" \/><\/figure>\n\n\n\n<h5 class=\"wp-block-heading has-medium-font-size\"><strong>Un planazo en casa siempre incluye&#8230;<\/strong><\/h5>\n\n\n\n<p>Una rica cena con amigos.<\/p>\n\n\n\n<h5 class=\"wp-block-heading has-medium-font-size\"><strong>\u00bfTienes alg\u00fan plato estrella?<\/strong><\/h5>\n\n\n\n<p>Los postres alemanes de mi abuela.<\/p>\n\n\n\n<h5 class=\"wp-block-heading has-medium-font-size\"><strong>\u00bfCu\u00e1l es tu lugar favorito en tu ciudad? \u00bfY en el extranjero?<\/strong><\/h5>\n\n\n\n<p>En Barcelona me encanta ir a la playa a primera hora a meditar para empezar el d\u00eda.&nbsp;<\/p>\n\n\n\n<p>\u00a1Hay tantos sitios en el extranjero! Pero adoro Asia&#8230; Jap\u00f3n, Tokyo&#8230;<\/p>\n\n\n\n<h5 class=\"wp-block-heading has-medium-font-size\"><strong>Algo que nos quieras contar y que no te hayamos preguntado. \u00a1Habla ahora o calla para siempre!<\/strong><\/h5>\n\n\n\n<p>No, callar\u00e9 pues.<\/p>\n\n\n\n<h3 class=\"wp-block-heading\">Su trabajo, una fusi\u00f3n perfecta entre t\u00e9cnica y est\u00e9tica, refleja su dedicaci\u00f3n y pasi\u00f3n por crear piezas \u00fanicas. La inspiraci\u00f3n que gu\u00eda cada uno de sus dise\u00f1os, desde la naturaleza hasta las influencias culturales, se refleja en cada detalle de sus colecciones. Sin duda, Dorotea sigue pisando fuerte, llevando su arte y creatividad a nuevas alturas.<\/h3>\n","protected":false},"excerpt":{"rendered":"<p>Una filosof\u00eda propia en la que t\u00e9cnica y est\u00e9tica van de la mano, en la que estilo y comodidad son inseparables para Dorotea.<\/p>\n","protected":false},"author":3,"featured_media":1270,"comment_status":"closed","ping_status":"closed","sticky":false,"template":"","format":"standard","meta":{"_acf_changed":true,"footnotes":""},"categories":[2844,2845],"tags":[2868,2870],"class_list":["post-1264","post","type-post","status-publish","format-standard","has-post-thumbnail","hentry","category-hogar","category-mi-monapart","tag-arte","tag-diseno"],"acf":[],"_links":{"self":[{"href":"https:\/\/www.monapart.com\/magazine\/wp-json\/wp\/v2\/posts\/1264","targetHints":{"allow":["GET"]}}],"collection":[{"href":"https:\/\/www.monapart.com\/magazine\/wp-json\/wp\/v2\/posts"}],"about":[{"href":"https:\/\/www.monapart.com\/magazine\/wp-json\/wp\/v2\/types\/post"}],"author":[{"embeddable":true,"href":"https:\/\/www.monapart.com\/magazine\/wp-json\/wp\/v2\/users\/3"}],"replies":[{"embeddable":true,"href":"https:\/\/www.monapart.com\/magazine\/wp-json\/wp\/v2\/comments?post=1264"}],"version-history":[{"count":0,"href":"https:\/\/www.monapart.com\/magazine\/wp-json\/wp\/v2\/posts\/1264\/revisions"}],"wp:featuredmedia":[{"embeddable":true,"href":"https:\/\/www.monapart.com\/magazine\/wp-json\/wp\/v2\/media\/1270"}],"wp:attachment":[{"href":"https:\/\/www.monapart.com\/magazine\/wp-json\/wp\/v2\/media?parent=1264"}],"wp:term":[{"taxonomy":"category","embeddable":true,"href":"https:\/\/www.monapart.com\/magazine\/wp-json\/wp\/v2\/categories?post=1264"},{"taxonomy":"post_tag","embeddable":true,"href":"https:\/\/www.monapart.com\/magazine\/wp-json\/wp\/v2\/tags?post=1264"}],"curies":[{"name":"wp","href":"https:\/\/api.w.org\/{rel}","templated":true}]}}