{"id":1249,"date":"2022-11-15T14:15:02","date_gmt":"2022-11-15T13:15:02","guid":{"rendered":"https:\/\/www.monapart.com\/magazine\/?p=1249"},"modified":"2025-03-27T10:11:53","modified_gmt":"2025-03-27T09:11:53","slug":"forma-arquitectura-donde-nace-la-belleza","status":"publish","type":"post","link":"https:\/\/www.monapart.com\/magazine\/hogar\/forma-arquitectura-donde-nace-la-belleza","title":{"rendered":"Forma arquitectura: donde nace la belleza"},"content":{"rendered":"\n<h1 class=\"wp-block-heading\">Forma arquitectura: donde nace la belleza<\/h1>\n\n\n\n<h2 class=\"wp-block-heading\">Crear espacios con identidad: la arquitectura como encuentro entre est\u00e9tica, funcionalidad y emoci\u00f3n.<\/h2>\n\n\n<div class='post-info'>15 de noviembre de 2022 por <a href='https:\/\/www.monapart.com\/magazine\/autor\/monapart'>Monapart<\/a><\/div>\n\n\n\n<figure class=\"wp-block-image\"><img loading=\"lazy\" decoding=\"async\" width=\"600\" height=\"428\" src=\"https:\/\/www.monapart.com\/magazine\/wp-content\/uploads\/2022\/11\/entrevista_formaarquitectura_monapart.png\" alt=\"Forma arquitectura: donde nace la belleza | Monapart \" class=\"wp-image-1250\" title=\"entrevista_formaarquitectura_monapart\" srcset=\"https:\/\/www.monapart.com\/magazine\/wp-content\/uploads\/2022\/11\/entrevista_formaarquitectura_monapart.png 600w, https:\/\/www.monapart.com\/magazine\/wp-content\/uploads\/2022\/11\/entrevista_formaarquitectura_monapart-300x214.png 300w\" sizes=\"auto, (max-width: 600px) 100vw, 600px\" \/><\/figure>\n\n\n\n<h3 class=\"wp-block-heading\">FORMA es un estudio creativo de arquitectura interior formado por Adrian Elizalde\u00a0y Oriol Bellido. Consideran el dise\u00f1o como una parte fundamental en su d\u00eda a d\u00eda. Su misi\u00f3n es que una reforma con buen dise\u00f1o en un proceso transparente, deber\u00eda estar al alcance de todo el mundo.<\/h3>\n\n\n\n<h5 class=\"wp-block-heading has-medium-font-size\"><strong>Adri\u00e1n, h\u00e1blanos de ti y de tu trabajo. \u00bfD\u00f3nde naci\u00f3 tu vocaci\u00f3n? \u00bfAlg\u00fan primer recuerdo?<\/strong><\/h5>\n\n\n\n<p>Soy nacido en Barcelona, donde he vivido la mayor parte de mi vida. Aqu\u00ed he adquirido el estilo modernista y la pasi\u00f3n por el pasado. Parte de la carrera de arquitectura la curs\u00e9 en Estocolmo, donde tambi\u00e9n asimil\u00e9 los conceptos del minimalismo c\u00e1lido. El primer recuerdo que tengo sobre mi vocaci\u00f3n fue a los 16 a\u00f1os. Siempre me hab\u00eda atra\u00eddo la combinaci\u00f3n entre arte y funcionalidad, pero no me consideraba ni un ingeniero ni un artista, sino una combinaci\u00f3n de ambas. Cuando tuve que escoger carrera, esta dualidad solo la aportaba la arquitectura.<\/p>\n\n\n\n<h5 class=\"wp-block-heading has-medium-font-size\"><strong>\u00bfQu\u00e9 es lo que m\u00e1s te satisface de tu trabajo? \u00bfAlguno del que te sientas especialmente orgulloso?<\/strong><\/h5>\n\n\n\n<p>Acabar un proyecto y ver el resultado es lo que m\u00e1s me satisface. Pensar que hemos construido un hogar donde alguien vivir\u00e1 muchos momentos de su vida.<\/p>\n\n\n\n<p>El m\u00e1s importante fue el primero porque es la primera vez que sientes esa sensaci\u00f3n.<\/p>\n\n\n\n<figure class=\"wp-block-image\"><img loading=\"lazy\" decoding=\"async\" width=\"600\" height=\"428\" src=\"https:\/\/www.monapart.com\/magazine\/wp-content\/uploads\/2022\/11\/1_0.png\" alt=\"Forma arquitectura: donde nace la belleza | Monapart \" class=\"wp-image-1251\" title=\"entrevista_forma_arquitectura_monapart_2\" srcset=\"https:\/\/www.monapart.com\/magazine\/wp-content\/uploads\/2022\/11\/1_0.png 600w, https:\/\/www.monapart.com\/magazine\/wp-content\/uploads\/2022\/11\/1_0-300x214.png 300w\" sizes=\"auto, (max-width: 600px) 100vw, 600px\" \/><\/figure>\n\n\n\n<h5 class=\"wp-block-heading has-medium-font-size\"><strong>\u00bfC\u00f3mo es tu proceso creativo? \u00bfCu\u00e1les son tus fuentes de inspiraci\u00f3n? \u00bfAlguna m\u00fasica en especial mientras trabajas?<\/strong><\/h5>\n\n\n\n<p>Nuestro proceso creativo se centra en el cliente: qu\u00e9 le gusta, c\u00f3mo es, c\u00f3mo vive, c\u00f3mo le gustar\u00eda vivir\u2026 Nuestra propuesta de valor siempre pretende potenciar al usuario de la vivienda.<\/p>\n\n\n\n<p>Actualmente mi inspiraci\u00f3n son los blogs de dise\u00f1o que acumulan diversidad de proyectos y tendencias. La clave es saber canalizar toda la informaci\u00f3n y transformarla en un proyecto con armon\u00eda y sentido.<\/p>\n\n\n\n<h5 class=\"wp-block-heading has-medium-font-size\"><strong>Color, libro, peli y disco favoritos. \u00a1Por este orden! ;D<\/strong><\/h5>\n\n\n\n<p>Granate.<\/p>\n\n\n\n<p><em>La ciudad de los prodigio<\/em>s de Eduardo Mendoza.<\/p>\n\n\n\n<p><em>La naranja mec\u00e1nica<\/em>.<\/p>\n\n\n\n<p><em>Aftermath<\/em> de The Rolling Stones.<\/p>\n\n\n\n<figure class=\"wp-block-embed is-type-rich is-provider-spotify wp-block-embed-spotify wp-embed-aspect-21-9 wp-has-aspect-ratio\"><div class=\"wp-block-embed__wrapper\">\n<iframe title=\"Spotify Embed: Aftermath\" style=\"border-radius: 12px\" width=\"100%\" height=\"352\" frameborder=\"0\" allowfullscreen allow=\"autoplay; clipboard-write; encrypted-media; fullscreen; picture-in-picture\" loading=\"lazy\" src=\"https:\/\/open.spotify.com\/embed\/album\/72qrnM4yUNMDDlWiqKc8iY?si=1vUPVOlPRR2wkF2w2uy8aA&#038;utm_source=oembed\"><\/iframe>\n<\/div><\/figure>\n\n\n\n<h5 class=\"wp-block-heading has-medium-font-size\"><strong>\u00bfEs tu casa reflejo de qui\u00e9n eres? Cu\u00e9ntanos a qu\u00e9 huele, tu rinc\u00f3n favorito, tu objeto decorativo o mueble fetiche, si atesoras alguna colecci\u00f3n&#8230; Y si tienes mascota, \u00a1pres\u00e9ntanosla!<\/strong><\/h5>\n\n\n\n<p>Mi casa es totalmente el reflejo de quien soy, una persona minimalista, es decir, espacios con mucha luz, l\u00edneas simples pero sugerentes, pocos objetos pero de materiales honestos y de calidad.<\/p>\n\n\n\n<p>El mueble que siempre quiero en mi casa es la l\u00e1mpara TMC de Miguel Mil\u00e0, acompa\u00f1ada de una alfombra junto al sof\u00e1 que utilizo para estirarme y ver la tele, leer \u00a1o hacer la siesta!<\/p>\n\n\n\n<figure class=\"wp-block-image\"><img loading=\"lazy\" decoding=\"async\" width=\"600\" height=\"428\" src=\"https:\/\/www.monapart.com\/magazine\/wp-content\/uploads\/2022\/11\/2_0.png\" alt=\"Forma arquitectura: donde nace la belleza | Monapart \" class=\"wp-image-1252\" title=\"entrevista_forma_arquitectura_monapart_3.\" srcset=\"https:\/\/www.monapart.com\/magazine\/wp-content\/uploads\/2022\/11\/2_0.png 600w, https:\/\/www.monapart.com\/magazine\/wp-content\/uploads\/2022\/11\/2_0-300x214.png 300w\" sizes=\"auto, (max-width: 600px) 100vw, 600px\" \/><\/figure>\n\n\n\n<h5 class=\"wp-block-heading has-medium-font-size\"><strong>Si pudieras comprarte cualquier cosa ahora mismo y llev\u00e1rtela a casa, \u00bfcu\u00e1l ser\u00eda? \u00a1Cualquier cosa!<\/strong><\/h5>\n\n\n\n<p>La mejor cafetera del mundo.<\/p>\n\n\n\n<h5 class=\"wp-block-heading has-medium-font-size\"><strong>Un planazo en casa siempre incluye&#8230;<\/strong><\/h5>\n\n\n\n<p>\u00a1Amigos!<\/p>\n\n\n\n<h5 class=\"wp-block-heading has-medium-font-size\"><strong>\u00bfTienes alg\u00fan plato estrella?<\/strong><\/h5>\n\n\n\n<p>Lo que m\u00e1s me gusta es el jam\u00f3n ib\u00e9rico con una copa de vino, pero si tengo que decir un plato, las cocochas de bacalao al pil-pil.<\/p>\n\n\n\n<h5 class=\"wp-block-heading\"><strong>\u00bfCu\u00e1l es tu lugar favorito en tu ciudad? \u00bfY en el extranjero?<\/strong><\/h5>\n\n\n\n<p>Un mirador en la monta\u00f1a del Tibidabo desde donde se ve todo Barcelona.<\/p>\n\n\n\n<p>Y en el extranjero escojo Williamsburg en Nueva York, ya que estuve viviendo durante un tiempo y me ayud\u00f3 a entender muchas cosas de m\u00ed mismo.<\/p>\n\n\n\n<h3 class=\"wp-block-heading\">Desde la esencia del modernismo barcelon\u00e9s hasta la calidez del minimalismo escandinavo, Adri\u00e1n Elizalde crea espacios con identidad, armon\u00eda y sentido. Su pasi\u00f3n por el dise\u00f1o se refleja en cada detalle, desde una l\u00e1mpara ic\u00f3nica hasta el rinc\u00f3n perfecto para compartir con amigos. Porque, al final, la belleza en la arquitectura nace de la vida que se construye dentro de ella.<\/h3>\n","protected":false},"excerpt":{"rendered":"<p>Crear espacios con identidad: la arquitectura como encuentro entre est\u00e9tica, funcionalidad y emoci\u00f3n.<\/p>\n","protected":false},"author":3,"featured_media":1250,"comment_status":"closed","ping_status":"closed","sticky":false,"template":"","format":"standard","meta":{"_acf_changed":true,"footnotes":""},"categories":[2844,2845],"tags":[2885,2870,2871],"class_list":["post-1249","post","type-post","status-publish","format-standard","has-post-thumbnail","hentry","category-hogar","category-mi-monapart","tag-arquitectura","tag-diseno","tag-interiorismo"],"acf":[],"_links":{"self":[{"href":"https:\/\/www.monapart.com\/magazine\/wp-json\/wp\/v2\/posts\/1249","targetHints":{"allow":["GET"]}}],"collection":[{"href":"https:\/\/www.monapart.com\/magazine\/wp-json\/wp\/v2\/posts"}],"about":[{"href":"https:\/\/www.monapart.com\/magazine\/wp-json\/wp\/v2\/types\/post"}],"author":[{"embeddable":true,"href":"https:\/\/www.monapart.com\/magazine\/wp-json\/wp\/v2\/users\/3"}],"replies":[{"embeddable":true,"href":"https:\/\/www.monapart.com\/magazine\/wp-json\/wp\/v2\/comments?post=1249"}],"version-history":[{"count":0,"href":"https:\/\/www.monapart.com\/magazine\/wp-json\/wp\/v2\/posts\/1249\/revisions"}],"wp:featuredmedia":[{"embeddable":true,"href":"https:\/\/www.monapart.com\/magazine\/wp-json\/wp\/v2\/media\/1250"}],"wp:attachment":[{"href":"https:\/\/www.monapart.com\/magazine\/wp-json\/wp\/v2\/media?parent=1249"}],"wp:term":[{"taxonomy":"category","embeddable":true,"href":"https:\/\/www.monapart.com\/magazine\/wp-json\/wp\/v2\/categories?post=1249"},{"taxonomy":"post_tag","embeddable":true,"href":"https:\/\/www.monapart.com\/magazine\/wp-json\/wp\/v2\/tags?post=1249"}],"curies":[{"name":"wp","href":"https:\/\/api.w.org\/{rel}","templated":true}]}}