{"id":1246,"date":"2022-10-24T16:49:51","date_gmt":"2022-10-24T14:49:51","guid":{"rendered":"https:\/\/www.monapart.com\/magazine\/?p=1246"},"modified":"2025-04-02T10:19:39","modified_gmt":"2025-04-02T08:19:39","slug":"la-captacion-como-nunca-te-la-han-contado","status":"publish","type":"post","link":"https:\/\/www.monapart.com\/magazine\/gente-real\/la-captacion-como-nunca-te-la-han-contado","title":{"rendered":"La captaci\u00f3n como nunca te la han contado"},"content":{"rendered":"\n<h1 class=\"wp-block-heading\">La captaci\u00f3n como nunca te la han contado<\/h1>\n\n\n\n<h2 class=\"wp-block-heading\">M\u00e1s de 40 agentes inmobiliarios de Madrid podr\u00e1n empezar un 2023 espectacular gracias al taller que ofreci\u00f3 Jos\u00e9 Luis Echeverr\u00eda el pasado jueves en Madrid.<\/h2>\n\n\n<div class='post-info'>24 de octubre de 2022 por <a href='https:\/\/www.monapart.com\/magazine\/autor\/monapart'>Monapart<\/a><\/div>\n\n\n\n<p>Se asisti\u00f3 a una formaci\u00f3n diferente, punky, provocadora y electrizante para aquellxs agentes con la ambici\u00f3n de ser su mejor versi\u00f3n y que quieren empezar 2023 con objetivos, metodolog\u00eda y herramientas aplicables desde el minuto cero y ante un pr\u00f3ximo a\u00f1o que, sin ser malo, ser\u00e1 no-tan-bueno.<\/p>\n\n\n\n<p>Durante unas horas se pudieron aprender conceptos, ideas, modelos y herramientas que deconoc\u00edan y que podr\u00e1n aplicar de forma inmediata. Sin rodeos, sin introducciones interminables hablando de \u00e9l, sin pausa publicitaria, sin v\u00eddeos motivacionales de relleno que hab\u00e9is visto mil veces.<\/p>\n\n\n\n<p>Sin paja y al grano.<br>Corto y al pie.<br>Directo a la yugular.<\/p>\n\n\n\n<figure class=\"wp-block-image\"><img loading=\"lazy\" decoding=\"async\" width=\"600\" height=\"428\" src=\"https:\/\/www.monapart.com\/magazine\/wp-content\/uploads\/2022\/10\/formacion-capta-como-nunca-monapart.png\" alt=\"LA CAPTACI\u00d3N COMO NUNCA TE LA HAN CONTADO | Monapart \" class=\"wp-image-1247\" title=\"formacion-la-captaci\u00f3n-como-nunca-antes-te-la-hab\u00edan-contado\" srcset=\"https:\/\/www.monapart.com\/magazine\/wp-content\/uploads\/2022\/10\/formacion-capta-como-nunca-monapart.png 600w, https:\/\/www.monapart.com\/magazine\/wp-content\/uploads\/2022\/10\/formacion-capta-como-nunca-monapart-300x214.png 300w\" sizes=\"auto, (max-width: 600px) 100vw, 600px\" \/><\/figure>\n\n\n\n<p>Algunos de nuestros asistentes nos han dejado algunas palabras sobre lo vivido (y aprendido) que dejamos justo aqu\u00ed abajo:<\/p>\n\n\n\n<ul class=\"wp-block-list\">\n<li><em>Taller pr\u00e1ctico de principio a fin, aporta mucho m\u00e1s valor que las t\u00edpicas charlas motivacionales de ventas.<\/em> \u00b7 <a href=\"https:\/\/www.monapart.com\/agentes\/nieves-archilla\" target=\"_blank\" rel=\"noreferrer noopener\">Nieves Archilla<\/a><\/li>\n\n\n\n<li><em>Diferente, innovador como siempre lo hace Monapart. Una formaci\u00f3n de base esencial para todo asesor inmobiliario.<\/em> \u00b7 Mariotti Rodr\u00edguez&nbsp;<\/li>\n\n\n\n<li><em>Muy interesante y motivador para seguir adelante con confianza.<\/em> \u00b7 <a href=\"https:\/\/www.monapart.com\/agentes\/manuel-velasco\" target=\"_blank\" rel=\"noreferrer noopener\">Manuel Velasco<\/a><\/li>\n\n\n\n<li><em>Un taller ubicado en un sitio maravilloso de Madrid; un ponente de 10 Jos\u00e9 Luis Echeverr\u00eda; un contenido conciso y pr\u00e1ctico. El equipo de Monapart un encanto. Gracias a tod@s por vuestro trabajo. <\/em>\u00b7 Alejandra de Luis<\/li>\n\n\n\n<li><em>T\u00e9cnica para organizar tu tiempo y tener \u00e9xito en el desarrollo como agente inmobiliario.<\/em> \u00b7 <a href=\"https:\/\/www.monapart.com\/agentes\/carlos-de-loresecha\" target=\"_blank\" rel=\"noreferrer noopener\">Carlos de Loresecha<\/a><\/li>\n<\/ul>\n\n\n\n<p>Miles de gracias a todos los asistentes que nos acompa\u00f1asteis, estamos seguros que captar\u00e9is como nunca y partir\u00e9is la pana este 2023. \u00a1Estamos deseando volver!<\/p>\n","protected":false},"excerpt":{"rendered":"<p>M\u00e1s de 40 agentes inmobiliarios de Madrid podr\u00e1n empezar un 2023 espectacular gracias al taller de captaci\u00f3n que ofreci\u00f3 Jos\u00e9 Luis Echeverr\u00eda el pasado jueves en Madrid.<\/p>\n","protected":false},"author":3,"featured_media":1248,"comment_status":"closed","ping_status":"closed","sticky":false,"template":"","format":"standard","meta":{"_acf_changed":false,"footnotes":""},"categories":[2849,2850],"tags":[2873],"class_list":["post-1246","post","type-post","status-publish","format-standard","has-post-thumbnail","hentry","category-gente-real","category-formacion-inmobiliaria","tag-captacion"],"acf":[],"_links":{"self":[{"href":"https:\/\/www.monapart.com\/magazine\/wp-json\/wp\/v2\/posts\/1246","targetHints":{"allow":["GET"]}}],"collection":[{"href":"https:\/\/www.monapart.com\/magazine\/wp-json\/wp\/v2\/posts"}],"about":[{"href":"https:\/\/www.monapart.com\/magazine\/wp-json\/wp\/v2\/types\/post"}],"author":[{"embeddable":true,"href":"https:\/\/www.monapart.com\/magazine\/wp-json\/wp\/v2\/users\/3"}],"replies":[{"embeddable":true,"href":"https:\/\/www.monapart.com\/magazine\/wp-json\/wp\/v2\/comments?post=1246"}],"version-history":[{"count":1,"href":"https:\/\/www.monapart.com\/magazine\/wp-json\/wp\/v2\/posts\/1246\/revisions"}],"predecessor-version":[{"id":15788,"href":"https:\/\/www.monapart.com\/magazine\/wp-json\/wp\/v2\/posts\/1246\/revisions\/15788"}],"wp:featuredmedia":[{"embeddable":true,"href":"https:\/\/www.monapart.com\/magazine\/wp-json\/wp\/v2\/media\/1248"}],"wp:attachment":[{"href":"https:\/\/www.monapart.com\/magazine\/wp-json\/wp\/v2\/media?parent=1246"}],"wp:term":[{"taxonomy":"category","embeddable":true,"href":"https:\/\/www.monapart.com\/magazine\/wp-json\/wp\/v2\/categories?post=1246"},{"taxonomy":"post_tag","embeddable":true,"href":"https:\/\/www.monapart.com\/magazine\/wp-json\/wp\/v2\/tags?post=1246"}],"curies":[{"name":"wp","href":"https:\/\/api.w.org\/{rel}","templated":true}]}}