{"id":1240,"date":"2022-10-20T16:04:50","date_gmt":"2022-10-20T14:04:50","guid":{"rendered":"https:\/\/www.monapart.com\/magazine\/?p=1240"},"modified":"2025-06-20T16:00:26","modified_gmt":"2025-06-20T14:00:26","slug":"monapart-gana-el-premio-fotocasa-pro-2022-a-la-mejor-estrategia-de-negocio","status":"publish","type":"post","link":"https:\/\/www.monapart.com\/magazine\/noticias\/monapart-gana-el-premio-fotocasa-pro-2022-a-la-mejor-estrategia-de-negocio","title":{"rendered":"Monapart gana el Premio Fotocasa Pro 2022 a la mejor estrategia de negocio"},"content":{"rendered":"\n<h1 class=\"wp-block-heading\">Monapart gana el Premio Fotocasa Pro 2022 a la mejor estrategia de negocio<\/h1>\n\n\n\n<h2 class=\"wp-block-heading\">En Monapart hemos sido reconocidos con el premio a la\u00a0mejor estrategia de negocio\u00a0por nuestro proyecto \u2018Comunidad buenagente\u2019.<\/h2>\n\n\n<div class='post-info'>20 de octubre de 2022 por <a href='https:\/\/www.monapart.com\/magazine\/autor\/monapart'>Monapart<\/a><\/div>\n\n\n\n<p>En el marco del <a href=\"https:\/\/pro.fotocasa.es\/conference-tv\/\" target=\"_blank\" rel=\"noreferrer noopener\">Fotocasa Pro Conference<\/a>, celebrado el pasado mi\u00e9rcoles 19 de octubre en el Teatro Eslava de Madrid, el portal inmobiliario\u00a0<a href=\"https:\/\/www.fotocasa.es\/es\/\" target=\"_blank\" rel=\"noreferrer noopener\">Fotocasa<\/a>\u00a0ha hecho entrega de los\u00a0Premios Fotocasa Pro\u00a0en las categor\u00edas de transparencia y excelencia informativa, mejor estrategia de negocio, innovaci\u00f3n inmobiliaria, emprendimiento inmobiliario, RSC, marca personal y trayectoria.\u00a0<\/p>\n\n\n\n<figure class=\"wp-block-image is-resized\"><img loading=\"lazy\" decoding=\"async\" width=\"960\" height=\"960\" src=\"https:\/\/www.monapart.com\/magazine\/wp-content\/uploads\/2022\/10\/premios-fotocasa-monapart.png\" alt=\"Monapart gana el Premio Fotocasa Pro 2022 a la mejor estrategia de negocio | Monapart \" class=\"wp-image-1241\" style=\"width:471px;height:auto\" title=\"premios-fotocasa-monapart\" srcset=\"https:\/\/www.monapart.com\/magazine\/wp-content\/uploads\/2022\/10\/premios-fotocasa-monapart.png 960w, https:\/\/www.monapart.com\/magazine\/wp-content\/uploads\/2022\/10\/premios-fotocasa-monapart-300x300.png 300w, https:\/\/www.monapart.com\/magazine\/wp-content\/uploads\/2022\/10\/premios-fotocasa-monapart-150x150.png 150w, https:\/\/www.monapart.com\/magazine\/wp-content\/uploads\/2022\/10\/premios-fotocasa-monapart-768x768.png 768w\" sizes=\"auto, (max-width: 960px) 100vw, 960px\" \/><\/figure>\n\n\n\n<p>Eduard Sol\u00e9, Socio y Director de operaciones, Jos\u00e9 Luis Echeverr\u00eda, Socio y CEO de Monapart, Nieves Archilla, agente inmobiliaria en Madrid y Olga Sala, Socia y Directoria de Marketing<\/p>\n\n\n\n<p>El galard\u00f3n, entregado por <a href=\"https:\/\/www.linkedin.com\/in\/eduardandreu\/\" target=\"_blank\" rel=\"noreferrer noopener\">Eduard Andreu<\/a>, director comercial de Fotocasa, reconoce esta iniciativa con la que hemos desarrollado con \u00e9xito un cambio en el modelo de negocio, bas\u00e1ndose en la comunidad y la tecnolog\u00eda con un enfoque diferenciador.\u00a0<\/p>\n\n\n\n<blockquote class=\"wp-block-quote alignright is-layout-flow wp-block-quote-is-layout-flow\">\n<p>Dedicamos este premio a todos los y las agentes, que son el \u00faltimo metro de la industria y los emisarios de todo lo que estamos explicando.<\/p>\n\n\n\n<p>Jos\u00e9 Luis Echeverr\u00eda<\/p>\n<\/blockquote>\n\n\n\n<figure class=\"wp-block-image\"><img loading=\"lazy\" decoding=\"async\" width=\"960\" height=\"278\" src=\"https:\/\/www.monapart.com\/magazine\/wp-content\/uploads\/2022\/10\/premio-fotocasa-pro-2022-monapart.png\" alt=\"premio-fotocasa-pro-2022-monapart\" class=\"wp-image-1242\" title=\"premio-fotocasa-pro-2022-monapart\" srcset=\"https:\/\/www.monapart.com\/magazine\/wp-content\/uploads\/2022\/10\/premio-fotocasa-pro-2022-monapart.png 960w, https:\/\/www.monapart.com\/magazine\/wp-content\/uploads\/2022\/10\/premio-fotocasa-pro-2022-monapart-300x87.png 300w, https:\/\/www.monapart.com\/magazine\/wp-content\/uploads\/2022\/10\/premio-fotocasa-pro-2022-monapart-768x222.png 768w\" sizes=\"auto, (max-width: 960px) 100vw, 960px\" \/><\/figure>\n\n\n\n<p>Tweet @fotocasapro<\/p>\n\n\n\n<p>Para todos ha sido una experiencia emocionante y gratificante ver c\u00f3mo el nuevo&nbsp;Monapart&nbsp;y la comunidad de profesionales inmobiliarios de alto nivel a los que estamos sirviendo para que sean su mejor versi\u00f3n, recibi\u00f3 un premio.&nbsp;<br>Sin duda, los tiempos est\u00e1n cambiando en el sector, los agentes son el motor de este cambio y nosotros somos uno de sus actores, avanzando hacia un mundo donde la gente deje de arrugar la nariz cuando oiga la palabra \u00abagente inmobiliario\u00bb.<\/p>\n\n\n\n<p>Ahora toca seguir trabajando para todos nuestros&nbsp;#buenagente.<\/p>\n\n\n\n<p>\u00a1Pod\u00e9is ver la <a href=\"https:\/\/www.youtube.com\/watch?v=FI9pAjxVzUg&amp;t=44s\" target=\"_blank\" rel=\"noreferrer noopener\">entrega de Premios Fotocasa Pro Academy 2022<\/a> al completo aqu\u00ed!<\/p>\n\n\n\n<h5 class=\"wp-block-heading has-medium-font-size\">Ganadores de los premios Fotocasa Pro<\/h5>\n\n\n\n<p>En la categor\u00eda de <strong>innovaci\u00f3n inmobiliaria<\/strong>, el ganador ha sido&nbsp;<a href=\"https:\/\/www.alquilerseguro.es\/\" target=\"_blank\" rel=\"noreferrer noopener\">Alquiler Seguro<\/a>&nbsp;por su iniciativa&nbsp;\u2018Implantaci\u00f3n de an\u00e1lisis de riesgo predictivo\u2019.&nbsp;<\/p>\n\n\n\n<p>Por su parte, el&nbsp;<strong>premio al emprendimiento en el sector inmobiliario<\/strong>&nbsp;ha sido para el <a href=\"https:\/\/virtualmike.net\/\" target=\"_blank\" rel=\"noreferrer noopener\">asesor legal virtual&nbsp;Mike<\/a>.&nbsp;El motivo del reconocimiento ha sido el desarrollo del asistente legal \u2018Just Mike It\u2019, que presenta la informaci\u00f3n esencial para los profesionales del sector y particulares.&nbsp;<\/p>\n\n\n\n<p>El <strong>premio RSC<\/strong>&nbsp;fue otorgado a la&nbsp;<a href=\"https:\/\/fundaciongomez-pintado.com\/\" target=\"_blank\" rel=\"noreferrer noopener\">Fundaci\u00f3n G\u00f3mez-Pintado<\/a>&nbsp;por su dedicaci\u00f3n a la formaci\u00f3n de mujeres en la construcci\u00f3n mediante&nbsp;V\u00eda \u00c1gora, una iniciativa pionera que ha logrado potenciar la posici\u00f3n de la mujer en el sector.&nbsp;<\/p>\n\n\n\n<p>La coach y formadora inmobiliaria&nbsp;<a href=\"https:\/\/www.linkedin.com\/in\/rociogonzalez\/\" target=\"_blank\" rel=\"noreferrer noopener\">Roc\u00edo Gonz\u00e1lez Gasque<\/a>&nbsp;ha sido <strong>premiada en la categor\u00eda de&nbsp;marca personal<\/strong>&nbsp;por la creaci\u00f3n de la herramienta multiplataforma&nbsp;\u2018Hablemos de\u2019, cuyo objetivo es inspirar y potenciar el crecimiento personal y profesional de los agentes.&nbsp;<\/p>\n\n\n\n<p><a href=\"https:\/\/www.linkedin.com\/in\/inma-benedito\/\" target=\"_blank\" rel=\"noreferrer noopener\">Inma Benedito<\/a>, periodista de <a href=\"https:\/\/www.businessinsider.es\/\" target=\"_blank\" rel=\"noreferrer noopener\">Business Insider<\/a> especializada en inmobiliario, ha sido <strong>premiada en la categor\u00eda&nbsp;transparencia y excelencia informativa<\/strong>&nbsp;por su propuesta \u201c<a href=\"https:\/\/www.businessinsider.es\/burbuja-light-nuevo-boom-vivienda-sera-diferente-pinchazo-2008-976843\" target=\"_blank\" rel=\"noreferrer noopener\">Burbuja \u2018light\u2019: por qu\u00e9 el nuevo \u2018boom\u2019 de la vivienda ser\u00e1 diferente al pinchazo de 2008<\/a>\u201d.&nbsp;&nbsp;<\/p>\n\n\n\n<p>Por \u00faltimo, Jos\u00e9 Merino, General Manager de Fotocasa, ha hecho entrega del <strong>premio a la&nbsp;mejor&nbsp;trayectoria profesional<\/strong>&nbsp;a&nbsp;Jes\u00fas Gil Mar\u00edn&nbsp;y&nbsp;Manuel Marr\u00f3n, fundadores de la inmobiliaria&nbsp;<a href=\"https:\/\/www.gilmar.es\/\" target=\"_blank\" rel=\"noreferrer noopener\">Gilmar.<\/a>&nbsp;<\/p>\n\n\n\n<p>Este reconocimiento nos impulsa a seguir apostando por una forma diferente de hacer las cosas en el sector inmobiliario: m\u00e1s humana, m\u00e1s innovadora y m\u00e1s centrada en la comunidad. En Monapart creemos que el futuro del mercado pasa por agentes que sean aut\u00e9nticos referentes, y este premio es un paso m\u00e1s en nuestro compromiso con ellos.<\/p>\n\n\n\n<p><\/p>\n","protected":false},"excerpt":{"rendered":"<p>En Monapart hemos sido reconocidos con el premio a la\u00a0mejor estrategia de negocio\u00a0por nuestro proyecto \u2018Comunidad buenagente\u2019.<\/p>\n","protected":false},"author":3,"featured_media":1243,"comment_status":"closed","ping_status":"closed","sticky":false,"template":"","format":"standard","meta":{"_acf_changed":false,"footnotes":""},"categories":[2852,2854],"tags":[3269,2882],"class_list":["post-1240","post","type-post","status-publish","format-standard","has-post-thumbnail","hentry","category-noticias","category-actualidad","tag-portales-inmobiliarios","tag-premios"],"acf":[],"_links":{"self":[{"href":"https:\/\/www.monapart.com\/magazine\/wp-json\/wp\/v2\/posts\/1240","targetHints":{"allow":["GET"]}}],"collection":[{"href":"https:\/\/www.monapart.com\/magazine\/wp-json\/wp\/v2\/posts"}],"about":[{"href":"https:\/\/www.monapart.com\/magazine\/wp-json\/wp\/v2\/types\/post"}],"author":[{"embeddable":true,"href":"https:\/\/www.monapart.com\/magazine\/wp-json\/wp\/v2\/users\/3"}],"replies":[{"embeddable":true,"href":"https:\/\/www.monapart.com\/magazine\/wp-json\/wp\/v2\/comments?post=1240"}],"version-history":[{"count":1,"href":"https:\/\/www.monapart.com\/magazine\/wp-json\/wp\/v2\/posts\/1240\/revisions"}],"predecessor-version":[{"id":17391,"href":"https:\/\/www.monapart.com\/magazine\/wp-json\/wp\/v2\/posts\/1240\/revisions\/17391"}],"wp:featuredmedia":[{"embeddable":true,"href":"https:\/\/www.monapart.com\/magazine\/wp-json\/wp\/v2\/media\/1243"}],"wp:attachment":[{"href":"https:\/\/www.monapart.com\/magazine\/wp-json\/wp\/v2\/media?parent=1240"}],"wp:term":[{"taxonomy":"category","embeddable":true,"href":"https:\/\/www.monapart.com\/magazine\/wp-json\/wp\/v2\/categories?post=1240"},{"taxonomy":"post_tag","embeddable":true,"href":"https:\/\/www.monapart.com\/magazine\/wp-json\/wp\/v2\/tags?post=1240"}],"curies":[{"name":"wp","href":"https:\/\/api.w.org\/{rel}","templated":true}]}}