{"id":1180,"date":"2022-07-21T12:45:13","date_gmt":"2022-07-21T10:45:13","guid":{"rendered":"https:\/\/www.monapart.com\/magazine\/?p=1180"},"modified":"2025-03-27T16:23:18","modified_gmt":"2025-03-27T15:23:18","slug":"teresa-estape-joyeria-contemporanea","status":"publish","type":"post","link":"https:\/\/www.monapart.com\/magazine\/hogar\/teresa-estape-joyeria-contemporanea","title":{"rendered":"Teresa Estap\u00e9: Joyer\u00eda contempor\u00e1nea"},"content":{"rendered":"\n<h1 class=\"wp-block-heading\">Teresa Estap\u00e9: Joyer\u00eda contempor\u00e1nea<\/h1>\n\n\n\n<h2 class=\"wp-block-heading\">Su obra forma parte de la colecci\u00f3n MACBA y ha sido expuesta entre otros sitios: Kunst Haus de Viena, Tsukuba University de Tokio, o la Bienal de la Habana. <\/h2>\n\n\n<div class='post-info'>21 de julio de 2022 por <a href='https:\/\/www.monapart.com\/magazine\/autor\/monapart'>Monapart<\/a><\/div>\n\n\n\n<figure class=\"wp-block-image\"><img decoding=\"async\" src=\"https:\/\/www.monapart.com\/sites\/default\/files\/styles\/scale_960xn_\/public\/mediabrowser\/teresa-estape-monapart.png?itok=VjLDuc1D\" alt=\"Teresa Estap\u00e9: Joyer\u00eda contempor\u00e1nea | Monapart \" title=\"teresa-estape-monapart\"\/><\/figure>\n\n\n\n<h3 class=\"wp-block-heading\">Teresa Estap\u00e9 tiene una larga trayectoria en el mundo del arte y la joyer\u00eda. Nacida en Barcelona, licenciada en Derecho y en Bellas Artes por la Universidad de Barcelona y diplomada en joyer\u00eda por la Escuela Massana, su pr\u00e1ctica art\u00edstica combina la joyer\u00eda, la escultura e instalaci\u00f3n y las artes gr\u00e1ficas. <\/h3>\n\n\n\n<p>Las <a href=\"https:\/\/teresaestape.com\/\" target=\"_blank\" rel=\"noreferrer noopener\">joyas de Teresa Estap\u00e9<\/a> son objetos emocionales y simb\u00f3licos. El proceso de creaci\u00f3n pone en valor el material noble del que est\u00e1n hechas, siempre de manera artesanal, sin utilizar moldes, seriaciones o ba\u00f1os de otros metales. Estas creaciones m\u00ednimas y silenciosas quieren devolver a la joya su valor primigenio, buscando convertirlas en un amuleto. La creaci\u00f3n comienza en un proceso en el que lentamente se va sustrayendo todo lo accesorio hasta dejarlas en la esencia, intentando decir lo m\u00e1ximo, con lo m\u00ednimo. Las piezas est\u00e1n producidas a mano una a una, con precisi\u00f3n y cuidado desde su taller de Barcelona. Cada serie o familia ha sido creada bajo un concepto de trabajo madurado en el tiempo, entendiendo la joyer\u00eda como una disciplina art\u00edstica, m\u00e1s all\u00e1 de la artesan\u00eda o el dise\u00f1o. Eso hace que sus joyas se conviertan en un objeto emocionalmente valioso para el que las lleva.<\/p>\n\n\n\n<p><strong>H\u00e1blanos de ti y de tu trabajo. \u00bfD\u00f3nde naci\u00f3 tu vocaci\u00f3n? \u00bfAlg\u00fan primer recuerdo?<\/strong><\/p>\n\n\n\n<p>Mi trabajo transita entre la joyer\u00eda y las artes visuales. Estudi\u00e9 Bellas Artes en la Universidad de Barcelona y Joyer\u00eda art\u00edstica en la Escuela Massana. Desde peque\u00f1a he estado rodeada de dos mujeres muy creativas, amantes de la est\u00e9tica y el arte: mi madre y mi abuela. Mis primeros recuerdos son de ambas y sus universos est\u00e9ticos tan ricos.<\/p>\n\n\n\n<figure class=\"wp-block-image\"><img decoding=\"async\" src=\"https:\/\/www.monapart.com\/sites\/default\/files\/styles\/scale_960xn_\/public\/mediabrowser\/teresa-estape-monapart-04.png?itok=I-pCXX4C\" alt=\"Teresa Estap\u00e9: Joyer\u00eda contempor\u00e1nea | Monapart \" title=\"teresa-estape-monapart-04\"\/><\/figure>\n\n\n\n<p><strong>\u00bfQu\u00e9 es lo que m\u00e1s te satisface de tu trabajo? \u00bfAlguno del que te sientas especialmente orgulloso?<\/strong><\/p>\n\n\n\n<p>Crear es una fuente de felicidad inagotable. Me siento muy contenta con la instalaci\u00f3n art\u00edstica que est\u00e1 en el MACBA: con ella he logrado mediante una formalizaci\u00f3n af\u00edn a la joyer\u00eda, entrar en el mundo del arte para hablar de la dicotom\u00eda entre precio y valor.<\/p>\n\n\n\n<p><strong>\u00bfC\u00f3mo es tu proceso creativo? \u00bfCu\u00e1les son tus fuentes de inspiraci\u00f3n? \u00bfAlguna m\u00fasica en especial mientras trabajas?<\/strong><\/p>\n\n\n\n<p>Mi mirada siempre trabaja. Desde peque\u00f1a he sido tremendamente observadora. Todo lo observado, lo le\u00eddo y lo visitado, reposa y va surgiendo poco a poco en mis piezas. Siempre trabajo en silencio.<\/p>\n\n\n\n<figure class=\"wp-block-image\"><img decoding=\"async\" src=\"https:\/\/www.monapart.com\/sites\/default\/files\/styles\/scale_960xn_\/public\/mediabrowser\/teresa-estape-monapart-02.png?itok=N3uS-Ix6\" alt=\"Teresa Estap\u00e9: Joyer\u00eda contempor\u00e1nea | Monapart \" title=\"teresa-estape-monapart-02\"\/><\/figure>\n\n\n\n<p><strong>Color, libro, peli y disco favoritos. \u00a1Por este orden! ;D<\/strong><\/p>\n\n\n\n<p>Amarillo.<\/p>\n\n\n\n<p><em>Cien a\u00f1os de soledad<\/em>.<\/p>\n\n\n\n<p><em>Blade Runner<\/em>.<\/p>\n\n\n\n<p><em>El ritmo del garaje<\/em> de Loquillo (en mi adolescencia era rocker. No puedo recordar un disco que me apasionara m\u00e1s)<\/p>\n\n\n\n<figure class=\"wp-block-embed is-type-rich is-provider-spotify wp-block-embed-spotify wp-embed-aspect-21-9 wp-has-aspect-ratio\"><div class=\"wp-block-embed__wrapper\">\n<iframe title=\"Spotify Embed: El ritmo del garaje\" style=\"border-radius: 12px\" width=\"100%\" height=\"152\" frameborder=\"0\" allowfullscreen allow=\"autoplay; clipboard-write; encrypted-media; fullscreen; picture-in-picture\" loading=\"lazy\" src=\"https:\/\/open.spotify.com\/embed\/track\/0voG2O2r0KE9atusX4OQbI?si=tyU5PnWnSSygzTVwtQCORQ&#038;utm_source=oembed\"><\/iframe>\n<\/div><\/figure>\n\n\n\n<p><strong>\u00bfEs tu casa reflejo de qui\u00e9n eres? Cu\u00e9ntanos a qu\u00e9 huele, tu rinc\u00f3n favorito, tu objeto decorativo o mueble fetiche, si atesoras alguna colecci\u00f3n&#8230; Y si tienes mascota, \u00a1pres\u00e9ntanosla!<\/strong><\/p>\n\n\n\n<p>S\u00ed, aunque tengo que hacer concesiones pr\u00e1cticas \ud83d\ude09 Mi lugar preferido es el recibidor y la luz que hay en \u00e9l: cualquier cosa que coloques all\u00ed parece un Vermeer. Mi mueble favorito es una mesa roja de vinilo y 4 sillas de 1950 que trajo mi abuelo de Estados Unidos tras vivir all\u00ed m\u00e1s de 15 a\u00f1os.<\/p>\n\n\n\n<p><strong>Si pudieras comprarte cualquier cosa ahora mismo y llev\u00e1rtela a casa, \u00bfcu\u00e1l ser\u00eda? \u00a1Cualquier cosa!<\/strong><\/p>\n\n\n\n<p>Un peque\u00f1o cuadro de Giorgio Morandi.<\/p>\n\n\n\n<figure class=\"wp-block-image\"><img decoding=\"async\" src=\"https:\/\/www.monapart.com\/sites\/default\/files\/styles\/scale_960xn_\/public\/mediabrowser\/teresa-estape-monapart-07.png?itok=iDTnB_YO\" alt=\"Teresa Estap\u00e9: Joyer\u00eda contempor\u00e1nea | Monapart \" title=\"teresa-estape-monapart-07\"\/><\/figure>\n\n\n\n<h5 class=\"wp-block-heading has-medium-font-size\"><strong>Un planazo en casa siempre incluye&#8230;<\/strong><\/h5>\n\n\n\n<p>Conversaci\u00f3n y vino tinto.<\/p>\n\n\n\n<h5 class=\"wp-block-heading has-medium-font-size\"><strong>\u00bfTienes alg\u00fan plato estrella?<\/strong><\/h5>\n\n\n\n<p>Me encanta comer. No me gusta cocinar.<\/p>\n\n\n\n<h5 class=\"wp-block-heading has-medium-font-size\"><strong>\u00bfCu\u00e1l es tu lugar favorito en tu ciudad? \u00bfY en el extranjero?<\/strong><\/h5>\n\n\n\n<p>El restaurante Ca l&#8217;Isidre y la tienda de Cortana. En el extranjero: una callejuela perdida de Venecia.<\/p>\n\n\n\n<h3 class=\"wp-block-heading\">Teresa Estap\u00e9 entiende la joyer\u00eda como un lenguaje art\u00edstico, donde la forma y el material dialogan en un equilibrio sutil. Su trabajo, minimalista y lleno de significado, trasciende la mera ornamentaci\u00f3n para convertirse en un acto de reflexi\u00f3n sobre el valor y la esencia. Ya sea en una galer\u00eda de arte o en una joya \u00edntima, su visi\u00f3n invita a mirar m\u00e1s all\u00e1 de lo evidente, encontrando belleza en lo esencial y en el silencio.<\/h3>\n\n\n\n<p><\/p>\n","protected":false},"excerpt":{"rendered":"<p>Teresa Estap\u00e9 tiene una larga trayectoria en el mundo del arte y la joyer\u00eda. Nacida en Barcelona, licenciada en Derecho y en Bellas Artes por la Universidad de Barcelona y diplomada en joyer\u00eda por la Escuela Massana, su pr\u00e1ctica art\u00edstica combina la joyer\u00eda, la escultura e instalaci\u00f3n y las artes gr\u00e1ficas. <\/p>\n","protected":false},"author":3,"featured_media":1181,"comment_status":"closed","ping_status":"closed","sticky":false,"template":"","format":"standard","meta":{"_acf_changed":false,"footnotes":""},"categories":[2844,2845],"tags":[2868],"class_list":["post-1180","post","type-post","status-publish","format-standard","has-post-thumbnail","hentry","category-hogar","category-mi-monapart","tag-arte"],"acf":[],"_links":{"self":[{"href":"https:\/\/www.monapart.com\/magazine\/wp-json\/wp\/v2\/posts\/1180","targetHints":{"allow":["GET"]}}],"collection":[{"href":"https:\/\/www.monapart.com\/magazine\/wp-json\/wp\/v2\/posts"}],"about":[{"href":"https:\/\/www.monapart.com\/magazine\/wp-json\/wp\/v2\/types\/post"}],"author":[{"embeddable":true,"href":"https:\/\/www.monapart.com\/magazine\/wp-json\/wp\/v2\/users\/3"}],"replies":[{"embeddable":true,"href":"https:\/\/www.monapart.com\/magazine\/wp-json\/wp\/v2\/comments?post=1180"}],"version-history":[{"count":0,"href":"https:\/\/www.monapart.com\/magazine\/wp-json\/wp\/v2\/posts\/1180\/revisions"}],"wp:featuredmedia":[{"embeddable":true,"href":"https:\/\/www.monapart.com\/magazine\/wp-json\/wp\/v2\/media\/1181"}],"wp:attachment":[{"href":"https:\/\/www.monapart.com\/magazine\/wp-json\/wp\/v2\/media?parent=1180"}],"wp:term":[{"taxonomy":"category","embeddable":true,"href":"https:\/\/www.monapart.com\/magazine\/wp-json\/wp\/v2\/categories?post=1180"},{"taxonomy":"post_tag","embeddable":true,"href":"https:\/\/www.monapart.com\/magazine\/wp-json\/wp\/v2\/tags?post=1180"}],"curies":[{"name":"wp","href":"https:\/\/api.w.org\/{rel}","templated":true}]}}