{"id":1176,"date":"2022-06-27T10:51:11","date_gmt":"2022-06-27T08:51:11","guid":{"rendered":"https:\/\/www.monapart.com\/magazine\/?p=1176"},"modified":"2025-06-20T16:13:36","modified_gmt":"2025-06-20T14:13:36","slug":"rogelio-olmedo-esculturas-sobre-tacones-rojos","status":"publish","type":"post","link":"https:\/\/www.monapart.com\/magazine\/hogar\/rogelio-olmedo-esculturas-sobre-tacones-rojos","title":{"rendered":"Rogelio Olmedo: Esculturas sobre tacones rojos"},"content":{"rendered":"\n<h1 class=\"wp-block-heading\">Rogelio Olmedo: Esculturas sobre tacones rojos<\/h1>\n\n\n\n<h2 class=\"wp-block-heading\"><strong>Esculturas que caminan entre el arte y la memoria<\/strong>.<\/h2>\n\n\n<div class='post-info'>27 de junio de 2022 por <a href='https:\/\/www.monapart.com\/magazine\/autor\/monapart'>Monapart<\/a><\/div>\n\n\n\n<figure class=\"wp-block-image\"><img decoding=\"async\" src=\"https:\/\/www.monapart.com\/sites\/default\/files\/styles\/scale_960xn_\/public\/mediabrowser\/rogelio-cervantes-monapart.png?itok=foZTYzNz\" alt=\"Creador esculturas | Monapart\n\" title=\"rogelio-cervantes-monapart\"\/><\/figure>\n\n\n\n<h3 class=\"wp-block-heading\"><a href=\"https:\/\/rogelioolmedo.com\/\" target=\"_blank\" rel=\"noreferrer noopener\">Rogelio Olmedo<\/a>, escultor aragon\u00e9s, siempre ha tenido recuerdos de s\u00ed mismo dibujando y a pesar de que la vida le llevar\u00eda por caminos algo menos creativos en su juventud, cuando se nace siendo artista es algo que finalmente no puedes evitar. En el post de hoy lo acompa\u00f1amos por sus inicios dibujando rodeado de sus hermanos, su proceso art\u00edstico y nos enamoramos un poquito de su maravillosa casa de Mallorca.<\/h3>\n\n\n\n<h5 class=\"wp-block-heading has-medium-font-size\"><strong>H\u00e1blanos de ti y de tus esculturas. \u00bfD\u00f3nde naci\u00f3 tu vocaci\u00f3n? \u00bfAlg\u00fan primer recuerdo?<\/strong><\/h5>\n\n\n\n<p>Hasta donde yo recuerdo siempre dibuj\u00e9 en casa con mis hermanos. M\u00e1s adelante reun\u00ed algunas herramientas y constru\u00eda cosas. Mi abuela, con diez a\u00f1os, me regal\u00f3 una caja de herramientas y me ense\u00f1\u00f3 a coser. Esta situaci\u00f3n naci\u00f3 de la abundancia. <\/p>\n\n\n\n<p>Mi abuelo ten\u00eda un almac\u00e9n de jugueter\u00eda y ten\u00edamos acceso a todas las novedades de juguetes. En alg\u00fan momento empec\u00e9 a construirnos los nuestros. M\u00e1s adelante, comenc\u00e9 la carrera de derecho. Todav\u00eda en Zaragoza, no consideraba la posibilidad de dedicarme a algo creativo, pero dibujaba y dibujaba. <\/p>\n\n\n\n<p>Tras tres a\u00f1os, prob\u00e9 ir a Barcelona, a la Escola Massana, y all\u00ed se me abri\u00f3 un mundo maravilloso al que ya no he podido renunciar. Desde entonces, quiz\u00e1 demasiada intemperie, pero la seguridad no me quer\u00eda libre. Ahora tengo la opci\u00f3n de conjugarlas.<\/p>\n\n\n\n<h5 class=\"wp-block-heading has-medium-font-size\"><strong>\u00bfQu\u00e9 es lo que m\u00e1s te satisface de tu trabajo? \u00bfAlguno del que te sientas especialmente orgulloso?<\/strong><\/h5>\n\n\n\n<p>Me satisface comprobar que algo en m\u00ed sabe hacer. Con el tiempo, he aprendido rutinas, a anticiparme a los problemas o a asociarme a ellos y sacarles partido. Seguramente, las t\u00e9cnicas que he elegido favorecen las sorpresas. Pero realmente tampoco es tan f\u00e1cil. Es entre emocionante y sereno. <\/p>\n\n\n\n<p>A d\u00edas s\u00e9 que no tengo ni idea y tengo que esconder los dibujos para, pasados unos d\u00edas, poder reconocer si valen. La gente reconoce los mejores y deja los menos buenos. Hay objetivamente algo de verdad.<\/p>\n\n\n\n<figure class=\"wp-block-image\"><img decoding=\"async\" src=\"https:\/\/www.monapart.com\/sites\/default\/files\/styles\/scale_960xn_\/public\/mediabrowser\/rogelio-cervantes-monapart-3.png?itok=A9wC4YUA\" alt=\"Esculturas | Monapart\n\" title=\"rogelio-cervantes-monapart-3\"\/><\/figure>\n\n\n\n<h5 class=\"wp-block-heading has-medium-font-size\"><strong>\u00bfC\u00f3mo es tu proceso creativo? \u00bfCu\u00e1les son tus fuentes de inspiraci\u00f3n? \u00bfAlguna m\u00fasica en especial mientras trabajas?<\/strong><\/h5>\n\n\n\n<p>Me interesan las personas, individualmente y en grupo. C\u00f3mo percibimos la realidad, c\u00f3mo cambia entre generaciones, entre culturas y sin embargo lo mucho que se repite. Creo que estamos en un momento de metamorfosis, cada vez somos m\u00e1s capaces de conjugar con naturalidad diferentes categor\u00edas, los resultados ser\u00e1n insospechados. Y desde luego el buen humor y la alegr\u00eda.<\/p>\n\n\n\n<p>Normalmente trabajo sin m\u00fasica. En el taller de hierro hay mucho ruido y usamos orejeras aislantes. En el taller de dibujo me gusta el silencio, aunque alg\u00fan d\u00eda escucho m\u00fasica que me resulta familiar como Bach o Bill Evans. Me pongo m\u00fasica cuando me hago la comida, sugerencias de Spotify. A veces, mi hijo me hace o\u00edr lo que le gusta; rap y hip hop, y me encanta.<\/p>\n\n\n\n<figure class=\"wp-block-image\"><img decoding=\"async\" src=\"https:\/\/www.monapart.com\/sites\/default\/files\/styles\/scale_960xn_\/public\/mediabrowser\/rogelio-cervantes-monapart-4.png?itok=nJ2Kk53x\" alt=\"rogelio-cervantes | Monapart\" title=\"rogelio-cervantes-monapart-4\"\/><\/figure>\n\n\n\n<h5 class=\"wp-block-heading has-medium-font-size\"><strong>Color, libro, peli y disco favoritos. \u00a1Por este orden! ;D<\/strong><\/h5>\n\n\n\n<p>Color: Amarillo.&nbsp;<\/p>\n\n\n\n<p>Libro: Tao te chi. De Lao Tse.&nbsp;<\/p>\n\n\n\n<p>Peli: El viaje de Chihiro. De Studio Ghibli.&nbsp;<\/p>\n\n\n\n<p>Disco: Variaciones Goldberg. Por Glenn Gould.<\/p>\n\n\n\n<figure class=\"wp-block-embed is-type-rich is-provider-spotify wp-block-embed-spotify wp-embed-aspect-21-9 wp-has-aspect-ratio\"><div class=\"wp-block-embed__wrapper\">\n<iframe title=\"Spotify Embed: Bach: Les Variations Goldberg - Gould\" style=\"border-radius: 12px\" width=\"100%\" height=\"352\" frameborder=\"0\" allowfullscreen allow=\"autoplay; clipboard-write; encrypted-media; fullscreen; picture-in-picture\" loading=\"lazy\" src=\"https:\/\/open.spotify.com\/embed\/album\/3NznXbEbVr84P9ThuGWPEd?go=1&#038;sp_cid=fd727a3e1f73196193831a97f99a4aab&#038;utm_source=oembed&#038;utm_medium=desktop&#038;nd=1&#038;dlsi=0300d79462094951\"><\/iframe>\n<\/div><\/figure>\n\n\n\n<h5 class=\"wp-block-heading has-medium-font-size\"><strong>\u00bfEs tu casa reflejo de qui\u00e9n eres? Cu\u00e9ntanos a qu\u00e9 huele, tu rinc\u00f3n favorito, tu objeto decorativo o mueble fetiche, si atesoras alguna colecci\u00f3n&#8230; Y si tienes mascota, \u00a1pres\u00e9ntanosla!<\/strong><\/h5>\n\n\n\n<p>Me encanta nuestra casa. Orientada al amanecer y al atardecer. Con un naranjo enorme. Poner sobre la estufa de le\u00f1a fruta y que huela a az\u00facar tostado. Cuando acabo de recogerla y huele a limpio, y estoy cansado y puedo descansar.&nbsp;<\/p>\n\n\n\n<p>Guardo restos de una colecci\u00f3n de c\u00f3mic de los ochenta que ha sobrevivido a numerosos cambios de casa y nos acompa\u00f1a Mel, una perrita que adoramos y me deja todo lleno de pelo, pero me resisto a pelarla.<\/p>\n\n\n\n<figure class=\"wp-block-image\"><img decoding=\"async\" src=\"https:\/\/www.monapart.com\/sites\/default\/files\/styles\/scale_960xn_\/public\/mediabrowser\/rogelio-cervantes-monapart-2_0.png?itok=o_IMARvj\" alt=\"rogelio-cervantes | Monapart\" title=\"rogelio-cervantes-monapart-2\"\/><\/figure>\n\n\n\n<h5 class=\"wp-block-heading has-medium-font-size\"><strong>Si pudieras comprarte cualquier cosa ahora mismo y llev\u00e1rtela a casa, \u00bfcu\u00e1l ser\u00eda? \u00a1Cualquier cosa!<\/strong><\/h5>\n\n\n\n<p>Un Rotko, un Guston, un autorretrato de Goya y un m\u00f3vil de Susumu Shingu.<\/p>\n\n\n\n<h5 class=\"wp-block-heading has-medium-font-size\"><strong>Un planazo en casa siempre incluye&#8230;<\/strong><\/h5>\n\n\n\n<p>Una buena fiesta con amigos.<\/p>\n\n\n\n<h5 class=\"wp-block-heading has-medium-font-size\">\u00bfTienes alg\u00fan plato estrella?<\/h5>\n\n\n\n<p>Salsa puttanesca, patatas con gambas\u2026 \u00a1ah! c\u00f3mo me gusta <a href=\"https:\/\/www.monapart.com\/magazine\/mnprt_news_article\/cocina-saludable\/\" data-type=\"link\" data-id=\"https:\/\/www.monapart.com\/magazine\/mnprt_news_article\/cocina-saludable\/\">cocinar.<\/a> \u00a1Hasta para m\u00ed solo!<\/p>\n\n\n\n<h5 class=\"wp-block-heading has-medium-font-size\"><strong>\u00bfCu\u00e1l es tu lugar favorito en tu ciudad? \u00bfY en el extranjero?&nbsp;<\/strong><\/h5>\n\n\n\n<p>Pasear al amanecer desde el chiringuito de Maurizio hasta casa de los Palerm y saludar. Atardecer desde casa de Carlos hasta el Cal\u00f3 dels Monjos.&nbsp;<\/p>\n\n\n\n<p>Una licorer\u00eda en Lambertville, NJ. En Invierno. Todo de madera, resuenan las pisadas. Licores de todo el mundo. Ordenado, iluminado como una gran biblioteca. Nos atiende casi susurrando un joven, en espa\u00f1ol con un fuerte acento americano.&nbsp;<\/p>\n\n\n\n<p>La plaza de Coyoac\u00e1n. Una boda con mariachis y un puesto de juguitos.&nbsp;<\/p>\n\n\n\n<p>Una cocteler\u00eda una tarde de julio en Amsterdam con Bill Evans.<\/p>\n\n\n\n<h3 class=\"wp-block-heading\">Su historia es la de alguien que nunca dej\u00f3 de crear, que encontr\u00f3 en el arte su lenguaje m\u00e1s natural y en cada escultura una nueva forma de di\u00e1logo. Entre recuerdos, materiales y silencios, Rogelio Olmedo sigue dando forma a su universo, uno donde el equilibrio entre la belleza y la sorpresa nunca deja de evolucionar.<\/h3>\n","protected":false},"excerpt":{"rendered":"<p>Rogelio Olmedo, aragon\u00e9s y artista de esculturas, siempre ha tenido recuerdos de s\u00ed mismo dibujando y a pesar de que la vida le llevar\u00eda por caminos algo menos creativos en su juventud, cuando se nace siendo artista es algo que finalmente no puedes evitar. En el post de hoy lo acompa\u00f1amos por sus inicios dibujando rodeado de sus hermanos, su proceso art\u00edstico y nos enamoramos un poquito de su maravillosa casa de Mallorca.<\/p>\n","protected":false},"author":3,"featured_media":1177,"comment_status":"closed","ping_status":"closed","sticky":false,"template":"","format":"standard","meta":{"_acf_changed":false,"footnotes":""},"categories":[2844,2845],"tags":[3246,2868],"class_list":["post-1176","post","type-post","status-publish","format-standard","has-post-thumbnail","hentry","category-hogar","category-mi-monapart","tag-palma-de-mallorca","tag-arte"],"acf":[],"_links":{"self":[{"href":"https:\/\/www.monapart.com\/magazine\/wp-json\/wp\/v2\/posts\/1176","targetHints":{"allow":["GET"]}}],"collection":[{"href":"https:\/\/www.monapart.com\/magazine\/wp-json\/wp\/v2\/posts"}],"about":[{"href":"https:\/\/www.monapart.com\/magazine\/wp-json\/wp\/v2\/types\/post"}],"author":[{"embeddable":true,"href":"https:\/\/www.monapart.com\/magazine\/wp-json\/wp\/v2\/users\/3"}],"replies":[{"embeddable":true,"href":"https:\/\/www.monapart.com\/magazine\/wp-json\/wp\/v2\/comments?post=1176"}],"version-history":[{"count":1,"href":"https:\/\/www.monapart.com\/magazine\/wp-json\/wp\/v2\/posts\/1176\/revisions"}],"predecessor-version":[{"id":17411,"href":"https:\/\/www.monapart.com\/magazine\/wp-json\/wp\/v2\/posts\/1176\/revisions\/17411"}],"wp:featuredmedia":[{"embeddable":true,"href":"https:\/\/www.monapart.com\/magazine\/wp-json\/wp\/v2\/media\/1177"}],"wp:attachment":[{"href":"https:\/\/www.monapart.com\/magazine\/wp-json\/wp\/v2\/media?parent=1176"}],"wp:term":[{"taxonomy":"category","embeddable":true,"href":"https:\/\/www.monapart.com\/magazine\/wp-json\/wp\/v2\/categories?post=1176"},{"taxonomy":"post_tag","embeddable":true,"href":"https:\/\/www.monapart.com\/magazine\/wp-json\/wp\/v2\/tags?post=1176"}],"curies":[{"name":"wp","href":"https:\/\/api.w.org\/{rel}","templated":true}]}}