{"id":1156,"date":"2022-05-20T13:31:25","date_gmt":"2022-05-20T11:31:25","guid":{"rendered":"https:\/\/www.monapart.com\/magazine\/?p=1156"},"modified":"2025-09-30T17:26:47","modified_gmt":"2025-09-30T15:26:47","slug":"to-from-velas-naturales-llenas-de-color","status":"publish","type":"post","link":"https:\/\/www.monapart.com\/magazine\/hogar\/to-from-velas-naturales-llenas-de-color","title":{"rendered":"TO:FROM: Velas naturales llenas de color"},"content":{"rendered":"\n<h1 class=\"wp-block-heading\">TO:FROM: Velas naturales llenas de color<\/h1>\n\n\n\n<h2 class=\"wp-block-heading\"><strong>La artesan\u00eda y el color como sello de identidad<\/strong>.<\/h2>\n\n\n<div class='post-info'>20 de mayo de 2022 por <a href='https:\/\/www.monapart.com\/magazine\/autor\/monapart'>Monapart<\/a><\/div>\n\n\n\n<figure class=\"wp-block-image is-resized\"><img decoding=\"async\" src=\"https:\/\/www.monapart.com\/sites\/default\/files\/styles\/scale_960xn_\/public\/mediabrowser\/entrevista_tofrom_8.png?itok=1q41VVsv\" alt=\"Taller de velas naturales | Monapart\n\" style=\"width:840px;height:auto\" title=\"entrevista-tofrom-8\"\/><\/figure>\n\n\n\n<h3 class=\"wp-block-heading\">Las&nbsp;velas de&nbsp;To:from&nbsp;no est\u00e1n hechas de cualquier forma. Nos transmiten el amor por los viajes, el buen rollo, la naturaleza, el color y el estilo de vida mediterr\u00e1neo. Ese es el mensaje que tienen para todos aquellos amantes de estas peque\u00f1as fuentes de iluminaci\u00f3n que tienen el poder de animarnos, relajarnos o evadirnos de un d\u00eda complicado. Si t\u00fa eres uno de ellos, sigue leyendo.<\/h3>\n\n\n\n<h5 class=\"wp-block-heading has-medium-font-size\"><strong>H\u00e1blanos de ti y de tu trabajo. \u00bfD\u00f3nde naci\u00f3 tu vocaci\u00f3n? \u00bfAlg\u00fan primer recuerdo?&nbsp;<\/strong><\/h5>\n\n\n<div class=\"wp-block-image\">\n<figure class=\"alignright is-resized\"><img decoding=\"async\" src=\"https:\/\/www.monapart.com\/sites\/default\/files\/styles\/scale_960xn_\/public\/mediabrowser\/entrevista_tofrom_2.png?itok=iRC32AXt\" alt=\"Vela natural | Monapart\n\n\" style=\"width:363px;height:auto\" title=\"entrevista_tofrom_2\"\/><\/figure>\n<\/div>\n\n\n<p><a href=\"https:\/\/www.instagram.com\/tofrombcn\/\" target=\"_blank\" rel=\"noreferrer noopener\">To:from<\/a>&nbsp;(en Instagram), empez\u00f3 por necesidad, ya que me di cuenta de que no hab\u00eda velas de buena calidad y a un precio asequible en el mercado. Por eso, decid\u00ed fabricar mis propias velas. La primera vela que hice fue una vela de melocot\u00f3n, que fue un largo proceso lleno de pruebas y errores. Eso es lo que me viene a la mente cuando pienso en los inicios de To:from.<\/p>\n\n\n\n<h5 class=\"wp-block-heading has-medium-font-size\"><strong>\u00bfQu\u00e9 es lo que m\u00e1s te satisface de crear velas naturales? \u00bfAlguno del que te sientas especialmente orgulloso?&nbsp;<\/strong><\/h5>\n\n\n\n<div class=\"wp-block-group is-nowrap is-layout-flex wp-container-core-group-is-layout-ad2f72ca wp-block-group-is-layout-flex\">\n<p>Me encanta que nuestros clientes sigan viniendo a comprar m\u00e1s velas y a explorar nuestras nuevas colecciones. Es una prueba de que les gustan nuestros productos despu\u00e9s de 5 a\u00f1os desde que empezamos To:from. Estoy muy agradecida por ello.<\/p>\n<\/div>\n\n\n\n<h5 class=\"wp-block-heading has-medium-font-size\"><strong>\u00bfC\u00f3mo es tu proceso creativo para hacer velas naturales? \u00bfCu\u00e1les son tus fuentes de inspiraci\u00f3n? \u00bfAlguna m\u00fasica en especial mientras trabajas?<\/strong><\/h5>\n\n\n\n<p>Normalmente, primero se me ocurre un tema para una colecci\u00f3n y luego empiezo a pensar en los aspectos visuales de la misma. Una vez que dise\u00f1o el envase, hago coincidir las fragancias con los aspectos visuales. Me doy cuenta de que es una forma un poco inversa de dise\u00f1ar productos, pero siempre me ha funcionado bien. Los productos de To:from est\u00e1n profundamente inspirados en el amor por los viajes, los colores y la naturaleza y el estilo de vida mediterr\u00e1neos. Me encanta escuchar grupos indie mientras trabajo, me mantiene en el flow.<\/p>\n\n\n\n<figure class=\"wp-block-image is-resized\"><img decoding=\"async\" src=\"https:\/\/www.monapart.com\/sites\/default\/files\/styles\/scale_960xn_\/public\/mediabrowser\/entrevista_tofrom_3.png?itok=dkLM_H-h\" alt=\"Velas naturales | Monapart\n\" style=\"width:840px;height:auto\" title=\"entrevista_tofrom_3\"\/><\/figure>\n\n\n\n<h5 class=\"wp-block-heading has-medium-font-size\"><strong>Color, libro, peli y disco favoritos. \u00a1Por este orden! ;D&nbsp;<\/strong><\/h5>\n\n\n\n<p>Coral.<\/p>\n\n\n\n<p><em>The Draper Touch: The High Life and High Style of Dorothy Draper&nbsp;<\/em>de Carleron Varney<\/p>\n\n\n\n<p><em>Lost in translation<\/em>.<\/p>\n\n\n\n<p><em>LP Visitante<\/em> by Alex Juarez.<\/p>\n\n\n\n<figure class=\"wp-block-embed is-type-rich is-provider-spotify wp-block-embed-spotify wp-embed-aspect-21-9 wp-has-aspect-ratio\"><div class=\"wp-block-embed__wrapper\">\n<iframe title=\"Spotify Embed: Visitante\" style=\"border-radius: 12px\" width=\"100%\" height=\"352\" frameborder=\"0\" allowfullscreen allow=\"autoplay; clipboard-write; encrypted-media; fullscreen; picture-in-picture\" loading=\"lazy\" src=\"https:\/\/open.spotify.com\/embed\/album\/2iLwZ3Pdcr6x0GWR7jkcet?utm_source=oembed\"><\/iframe>\n<\/div><\/figure>\n\n\n\n\n\n<h5 class=\"wp-block-heading has-medium-font-size\"><strong>\u00bfEs tu casa reflejo de qui\u00e9n eres? Cu\u00e9ntanos a qu\u00e9 huele, tu rinc\u00f3n favorito, tu objeto decorativo o mueble fetiche, si atesoras alguna colecci\u00f3n&#8230; Y si tienes mascota, \u00a1pres\u00e9ntanosla!&nbsp;<\/strong><\/h5>\n\n\n\n<p>Mi casa es definitivamente mi lugar feliz. Estoy obsesionada con las l\u00e1mparas y las sillas y tengo algunas de mis piezas favoritas en casa o en mi estudio. Mi rinc\u00f3n favorito suele ser el espacio donde puedo crear, que sol\u00eda estar en casa pero ahora est\u00e1 fuera de ella, en mi estudio en El Farr\u00f3. No hay mascotas en la familia, pero tengo 3 ni\u00f1os as\u00ed que estoy a la altura :-).<\/p>\n\n\n<div class=\"wp-block-image\">\n<figure class=\"aligncenter\"><img decoding=\"async\" src=\"https:\/\/www.monapart.com\/sites\/default\/files\/styles\/scale_960xn_\/public\/mediabrowser\/entrevista_tofrom_6.png?itok=GH0kJre9\" alt=\"entrevista_tofrom | Monapart\" title=\"entrevista_tofrom_6\"\/><\/figure>\n<\/div>\n\n\n<p><\/p>\n\n\n\n<h5 class=\"wp-block-heading has-medium-font-size\"><strong>Si pudieras comprarte cualquier cosa ahora mismo y llev\u00e1rtela a casa, \u00bfcu\u00e1l ser\u00eda? \u00a1Cualquier cosa!<\/strong><\/h5>\n\n\n\n<p>Probablemente comprar\u00eda una cocina nueva para nuestro piso. Me encanta una buena cocina grande y es una parte tan importante de la casa para toda la familia.&nbsp;<\/p>\n\n\n\n<h5 class=\"wp-block-heading has-medium-font-size\"><strong>Un planazo en casa siempre incluye&#8230;&nbsp;<\/strong><\/h5>\n\n\n\n<p>Cocinar para mi familia y mis amigos. Me encanta. Es una forma diferente de ser creativa para m\u00ed.&nbsp;<\/p>\n\n\n\n<h5 class=\"wp-block-heading has-medium-font-size\"><strong>\u00bfTienes alg\u00fan plato estrella?&nbsp;<\/strong><\/h5>\n\n\n\n<p>Si le preguntaran a mi hijo mayor, seguro que dir\u00eda que la pasta con at\u00fan, que es su favorita :-D.<\/p>\n\n\n\n<h5 class=\"wp-block-heading has-medium-font-size\"><strong>\u00bfCu\u00e1l es tu lugar favorito en tu ciudad? \u00bfY en el extranjero?&nbsp;<\/strong><\/h5>\n\n\n\n<p>Gr\u00e0cia es, sin duda, mi zona favorita donde vivimos mi familia y yo. Durante la Covid, estuvimos hablando de d\u00f3nde nos gustar\u00eda volver cuando tuvi\u00e9ramos la oportunidad y el primer lugar que se nos ocurri\u00f3 fue Jap\u00f3n. Nos encanta la cultura y la naturaleza japonesa.<\/p>\n\n\n\n<figure class=\"wp-block-image\"><img decoding=\"async\" src=\"https:\/\/www.monapart.com\/sites\/default\/files\/styles\/scale_960xn_\/public\/mediabrowser\/entrevista_tofrom_1_0.png?itok=OToQ3t9S\" alt=\"entrevista-tofrom | Monapart\" title=\"entrevista-tofrom-1\"\/><\/figure>\n\n\n\n<h5 class=\"wp-block-heading has-medium-font-size\"><strong>Algo que nos quieras contar y que no te hayamos preguntado. \u00a1Habla ahora o calla para siempre!&nbsp;<\/strong><\/h5>\n\n\n\n<p>Estoy emocionada por haber empezado a impartir <a href=\"https:\/\/www.tofrom.me\/workshops\" target=\"_blank\" rel=\"noreferrer noopener\">talleres de fabricaci\u00f3n de velas<\/a> en nuestro estudio de la&nbsp;Calle de Vallirana 47 en Barcelona. Nos est\u00e1n funcionando muy bien. Tenemos algunos todav\u00eda en mayo :-).<\/p>\n\n\n\n<figure class=\"wp-block-image\"><img decoding=\"async\" src=\"https:\/\/www.monapart.com\/sites\/default\/files\/styles\/scale_960xn_\/public\/mediabrowser\/entrevista_tofrom_7.png?itok=KPMBch_5\" alt=\"entrevista-tofrom | Monapart\" title=\"entrevista-tofrom-7\"\/><\/figure>\n\n\n\n<h3 class=\"wp-block-heading\">Las velas de To:from nos transmiten el amor por los viajes, el buen rollo, la naturaleza, el color y el <a href=\"https:\/\/www.monapart.com\/magazine\/mnprt_news_article\/periodismo-morell\/\" data-type=\"link\" data-id=\"https:\/\/www.monapart.com\/magazine\/mnprt_news_article\/periodismo-morell\/\">estilo de vida mediterr\u00e1neo.<\/a> Ese es el mensaje que tienen para todos aquellos amantes de estas peque\u00f1as fuentes de iluminaci\u00f3n que tienen el poder de animarnos, relajarnos o evadirnos de un d\u00eda complicado.<\/h3>\n","protected":false},"excerpt":{"rendered":"<p>Las\u00a0velas de\u00a0To:from\u00a0no est\u00e1n hechas de cualquier forma. Nos transmiten el amor por los viajes, el buen rollo, la naturaleza, el color y el estilo de vida mediterr\u00e1neo. Ese es el mensaje que tienen para todos aquellos amantes de estas peque\u00f1as fuentes de iluminaci\u00f3n que tienen el poder de animarnos, relajarnos o evadirnos de un d\u00eda complicado.<\/p>\n","protected":false},"author":3,"featured_media":1157,"comment_status":"closed","ping_status":"closed","sticky":false,"template":"","format":"standard","meta":{"_acf_changed":false,"footnotes":""},"categories":[2844,2846],"tags":[3265,3203],"class_list":["post-1156","post","type-post","status-publish","format-standard","has-post-thumbnail","hentry","category-hogar","category-espacios-y-vida","tag-aromaterapia","tag-consumibles"],"acf":[],"_links":{"self":[{"href":"https:\/\/www.monapart.com\/magazine\/wp-json\/wp\/v2\/posts\/1156","targetHints":{"allow":["GET"]}}],"collection":[{"href":"https:\/\/www.monapart.com\/magazine\/wp-json\/wp\/v2\/posts"}],"about":[{"href":"https:\/\/www.monapart.com\/magazine\/wp-json\/wp\/v2\/types\/post"}],"author":[{"embeddable":true,"href":"https:\/\/www.monapart.com\/magazine\/wp-json\/wp\/v2\/users\/3"}],"replies":[{"embeddable":true,"href":"https:\/\/www.monapart.com\/magazine\/wp-json\/wp\/v2\/comments?post=1156"}],"version-history":[{"count":2,"href":"https:\/\/www.monapart.com\/magazine\/wp-json\/wp\/v2\/posts\/1156\/revisions"}],"predecessor-version":[{"id":19453,"href":"https:\/\/www.monapart.com\/magazine\/wp-json\/wp\/v2\/posts\/1156\/revisions\/19453"}],"wp:featuredmedia":[{"embeddable":true,"href":"https:\/\/www.monapart.com\/magazine\/wp-json\/wp\/v2\/media\/1157"}],"wp:attachment":[{"href":"https:\/\/www.monapart.com\/magazine\/wp-json\/wp\/v2\/media?parent=1156"}],"wp:term":[{"taxonomy":"category","embeddable":true,"href":"https:\/\/www.monapart.com\/magazine\/wp-json\/wp\/v2\/categories?post=1156"},{"taxonomy":"post_tag","embeddable":true,"href":"https:\/\/www.monapart.com\/magazine\/wp-json\/wp\/v2\/tags?post=1156"}],"curies":[{"name":"wp","href":"https:\/\/api.w.org\/{rel}","templated":true}]}}