{"id":1128,"date":"2022-03-16T13:44:14","date_gmt":"2022-03-16T12:44:14","guid":{"rendered":"https:\/\/www.monapart.com\/magazine\/?p=1128"},"modified":"2025-06-20T17:02:09","modified_gmt":"2025-06-20T15:02:09","slug":"monapart-via-empresa-alquiler-catalunya","status":"publish","type":"post","link":"https:\/\/www.monapart.com\/magazine\/noticias\/monapart-via-empresa-alquiler-catalunya","title":{"rendered":"Monapart en Via Empresa: la partida de ping-pong del mercado del alquiler en Catalunya"},"content":{"rendered":"\n<h1 class=\"wp-block-heading\">Monapart en Via Empresa: la partida de ping-pong del mercado del alquiler en Catalunya<\/h1>\n\n\n\n<h2 class=\"wp-block-heading\">Eduard Sol\u00e9 nos da las claves tras la anulaci\u00f3n de gran parte de la ley para contener los precios del alquiler, que solo ha durado a\u00f1o y medio, y reflexiona sobre sus repercusiones m\u00e1s inmediatas.<\/h2>\n\n\n<div class='post-info'>16 de marzo de 2022 por <a href='https:\/\/www.monapart.com\/magazine\/autor\/monapart'>Monapart<\/a><\/div>\n\n\n\n<p><\/p>\n\n\n\n<p>El serial sobre los precios del <a href=\"https:\/\/www.monapart.com\/es\/servicios\/alquilar\">alquiler<\/a> sigue su curso y 2022 promete ser un a\u00f1o de muchas novedades. <a href=\"https:\/\/www.monapart.com\/es\/magazine\/sector-inmobiliario\/el-precio-del-alquiler-y-su-gestion-politica\">El \u00abtren de la bruja\u00bb del alquiler y su gesti\u00f3n pol\u00edtica nos preocupa<\/a>, y la \u00faltima noticia salt\u00f3 hace tan solo unos d\u00edas: <strong>la ley para contener los precios de las viviendas en alquiler en Catalunya&nbsp;s\u00f3lo ha durado un a\u00f1o y medio<\/strong>. El&nbsp;Tribunal Constitucional&nbsp;ha anulado gran parte de la Ley 11\/2020 argumentando que la normativa catalana invad\u00eda competencias estatales. Con esta decisi\u00f3n, el&nbsp;mercado de alquiler residencial catal\u00e1n&nbsp;vuelve a sufrir un cambio legislativo trascendental que, adem\u00e1s, no se hace por motivos de la salud del mercado, sino pol\u00edticos y legislativos, hecho que enfada los principales agentes del sector.<\/p>\n\n\n\n<p><strong>Eduard Sol\u00e9, socio fundador de Monapart, nos da en este art\u00edculo de Via Empresa las claves del rev\u00e9s judicial a la norma y anticipa lo que puede suponer<\/strong>, para propietarios e inquilinos, el estado actual del mercado y su repercusi\u00f3n m\u00e1s inmediata.<\/p>\n\n\n\n<figure class=\"wp-block-image\"><img decoding=\"async\" src=\"https:\/\/www.monapart.com\/sites\/default\/files\/styles\/scale_960xn_\/public\/mediabrowser\/00-monapart-via-empresa-alquiler-catalunya.png?itok=gDqe0jsB\" alt=\"Monapart en Via Empresa: la partida de ping-pong del mercado del alquiler en Catalunya | Monapart \" title=\"monapart-via-empresa-alquiler-catalunya\"\/><\/figure>\n\n\n\n<p><a href=\"https:\/\/www.viaempresa.cat\/es\/economia\/partida-ping-pong-mercado-alquiler-residencial-catalunya_2164794_102.html\" target=\"_blank\" rel=\"noopener\">Lee aqu\u00ed al art\u00edculo completo en la web de Via Empresa<\/a>.<\/p>\n","protected":false},"excerpt":{"rendered":"<p>Eduard Sol\u00e9, socio fundador de Monapart, nos da las claves tras la anulaci\u00f3n de gran parte de la ley para contener los precios del alquiler, que solo ha durado a\u00f1o y medio, y reflexiona sobre sus repercusiones m\u00e1s inmediatas.<\/p>\n","protected":false},"author":3,"featured_media":1129,"comment_status":"closed","ping_status":"closed","sticky":false,"template":"","format":"standard","meta":{"_acf_changed":false,"footnotes":""},"categories":[2852,2853],"tags":[3225,2905],"class_list":["post-1128","post","type-post","status-publish","format-standard","has-post-thumbnail","hentry","category-noticias","category-hablan-de-nosotros","tag-alquiler","tag-prensa"],"acf":[],"_links":{"self":[{"href":"https:\/\/www.monapart.com\/magazine\/wp-json\/wp\/v2\/posts\/1128","targetHints":{"allow":["GET"]}}],"collection":[{"href":"https:\/\/www.monapart.com\/magazine\/wp-json\/wp\/v2\/posts"}],"about":[{"href":"https:\/\/www.monapart.com\/magazine\/wp-json\/wp\/v2\/types\/post"}],"author":[{"embeddable":true,"href":"https:\/\/www.monapart.com\/magazine\/wp-json\/wp\/v2\/users\/3"}],"replies":[{"embeddable":true,"href":"https:\/\/www.monapart.com\/magazine\/wp-json\/wp\/v2\/comments?post=1128"}],"version-history":[{"count":4,"href":"https:\/\/www.monapart.com\/magazine\/wp-json\/wp\/v2\/posts\/1128\/revisions"}],"predecessor-version":[{"id":15868,"href":"https:\/\/www.monapart.com\/magazine\/wp-json\/wp\/v2\/posts\/1128\/revisions\/15868"}],"wp:featuredmedia":[{"embeddable":true,"href":"https:\/\/www.monapart.com\/magazine\/wp-json\/wp\/v2\/media\/1129"}],"wp:attachment":[{"href":"https:\/\/www.monapart.com\/magazine\/wp-json\/wp\/v2\/media?parent=1128"}],"wp:term":[{"taxonomy":"category","embeddable":true,"href":"https:\/\/www.monapart.com\/magazine\/wp-json\/wp\/v2\/categories?post=1128"},{"taxonomy":"post_tag","embeddable":true,"href":"https:\/\/www.monapart.com\/magazine\/wp-json\/wp\/v2\/tags?post=1128"}],"curies":[{"name":"wp","href":"https:\/\/api.w.org\/{rel}","templated":true}]}}