{"id":1122,"date":"2022-03-08T17:10:53","date_gmt":"2022-03-08T16:10:53","guid":{"rendered":"https:\/\/www.monapart.com\/magazine\/?p=1122"},"modified":"2025-06-20T16:15:59","modified_gmt":"2025-06-20T14:15:59","slug":"entrevista-garlanda","status":"publish","type":"post","link":"https:\/\/www.monapart.com\/magazine\/hogar\/entrevista-garlanda","title":{"rendered":"Descubriendo tu propio color: Entrevista a Garlanda"},"content":{"rendered":"\n<h1 class=\"wp-block-heading\">Descubriendo tu propio color: Entrevista a Garlanda<\/h1>\n\n\n\n<h2 class=\"wp-block-heading\">Para Victoria, perderse entre cartas de colores y miles de muestras no es precisamente ning\u00fan marr\u00f3n. Al contrario: encontr\u00f3, en ese universo, su media naranja. <\/h2>\n\n\n<div class='post-info'>8 de marzo de 2022 por <a href='https:\/\/www.monapart.com\/magazine\/autor\/monapart'>Monapart<\/a><\/div>\n\n\n\n<figure class=\"wp-block-image\"><img decoding=\"async\" src=\"https:\/\/www.monapart.com\/sites\/default\/files\/styles\/scale_960xn_\/public\/mediabrowser\/00-entrevista-garlanda.jpg?itok=kXlYxP6k\" alt=\"Descubriendo tu propio color: Entrevista a Garlanda | Monapart \" title=\"entrevista-garlanda\"\/><\/figure>\n\n\n\n<h3 class=\"wp-block-heading\">En <a href=\"https:\/\/garlanda.casa\/\" target=\"_blank\" rel=\"noopener\">Garlanda<\/a>, su tienda de pinturas, papeles y molduras, pone en pr\u00e1ctica todo lo que lleva absorbiendo desde peque\u00f1a, siempre rodeada de materiales y revistas de decoraci\u00f3n. Y os pod\u00e9is imaginar c\u00f3mo es su casa, pero os hacemos un peque\u00f1o <em>spoiler<\/em>: lo m\u00e1s blanco que encontrar\u00e9is es su gata Mia, que contrasta con todo. Si buscas inspiraci\u00f3n, echa un vistazo a sus redes sociales (<a href=\"https:\/\/www.instagram.com\/garlanda_casa\/\" target=\"_blank\" rel=\"noopener\">@garlanda_casa en Instagram<\/a>) y conoce m\u00e1s sobre su pasi\u00f3n en esta entrevista.<\/h3>\n\n\n\n<h5 class=\"wp-block-heading has-medium-font-size\">H\u00e1blanos de ti y de tu trabajo. \u00bfD\u00f3nde naci\u00f3 tu vocaci\u00f3n? \u00bfAlg\u00fan primer recuerdo?<\/h5>\n\n\n\n<p>Siempre me he sentido muy atra\u00edda por el color, de peque\u00f1a pas\u00e9 mucho tiempo en la tienda de pinturas de mis padres y las cartas de pinturas me fascinaban. Mi madre coleccionaba revistas de decoraci\u00f3n y me dedicaba a recortarlas y crear espacios en los que me imaginaba viviendo. Eso me llev\u00f3 a estudiar bellas artes y a incorporarme m\u00e1s tarde al negocio familiar, desde el que unos a\u00f1os despu\u00e9s emprendimos Garlanda.<\/p>\n\n\n\n<figure class=\"wp-block-image\"><img decoding=\"async\" src=\"https:\/\/www.monapart.com\/sites\/default\/files\/styles\/scale_960xn_\/public\/mediabrowser\/04-entrevista-garlanda.jpg?itok=TASnZk_c\" alt=\"Descubriendo tu propio color: Entrevista a Garlanda | Monapart \" title=\"entrevista-garlanda\"\/><\/figure>\n\n\n\n<h5 class=\"wp-block-heading has-medium-font-size\">\u00bfQu\u00e9 es lo que m\u00e1s te satisface de tu trabajo? \u00bfAlguno del que te sientas especialmente orgullosa?<\/h5>\n\n\n\n<p>\u00a1Otra vez el color! Lo que m\u00e1s me fascina es encontrar el matiz ideal para cada espacio y necesidad, ayudando a la gente a descubrir lo que quiere. Me siento s\u00faper orgullosa cuando consigo formular el color perfecto que busca el cliente.<\/p>\n\n\n\n<figure class=\"wp-block-image\"><img decoding=\"async\" src=\"https:\/\/www.monapart.com\/sites\/default\/files\/styles\/scale_960xn_\/public\/mediabrowser\/03-entrevista-garlanda.jpg?itok=vHKL0wq8\" alt=\"Descubriendo tu propio color: Entrevista a Garlanda | Monapart \" title=\"entrevista-garlanda\"\/><\/figure>\n\n\n\n<h5 class=\"wp-block-heading has-medium-font-size\">\u00bfC\u00f3mo es tu proceso creativo? \u00bfCu\u00e1les son tus fuentes de inspiraci\u00f3n? \u00bfAlguna m\u00fasica en especial mientras trabajas?<\/h5>\n\n\n\n<p>Siempre empiezo con un proceso de b\u00fasqueda. Me siguen flipando las revistas de decoraci\u00f3n, las colecciono y estoy suscrita a varias. Tambi\u00e9n dedico mucho tiempo a investigar online, me inspiran otros modelos de negocio y las personas que los visualizan. Aunque disfruto mucho de la m\u00fasica, no suelo escuchar nada cuando trabajo. Me disperso f\u00e1cilmente y requiero de mucha concentraci\u00f3n para empezar y terminar las tareas.<\/p>\n\n\n\n<figure class=\"wp-block-image\"><img decoding=\"async\" src=\"https:\/\/www.monapart.com\/sites\/default\/files\/styles\/scale_960xn_\/public\/mediabrowser\/05-entrevista-garlanda.jpg?itok=mPS8Lo2z\" alt=\"Descubriendo tu propio color: Entrevista a Garlanda | Monapart \" title=\"entrevista-garlanda\"\/><\/figure>\n\n\n\n<h5 class=\"wp-block-heading has-medium-font-size\">Color, libro, peli y disco favoritos. \u00a1Por este orden! ;D<\/h5>\n\n\n\n<p>Me gusta todo tanto que me cuesta escoger mis cosas favoritas. A\u00fan as\u00ed, esta es mi selecci\u00f3n: rojo ingl\u00e9s, <em>Cr\u00f3nicas de los Cazalet<\/em> de Elisabeth Jane Howard, <em>La cinta blanca<\/em> de Michael Haneke y <em>Pearl<\/em> de Janis Joplin.<\/p>\n\n\n\n<figure class=\"wp-block-embed is-type-rich is-provider-spotify wp-block-embed-spotify wp-embed-aspect-21-9 wp-has-aspect-ratio\"><div class=\"wp-block-embed__wrapper\">\n<iframe title=\"Spotify Embed: Pearl\" style=\"border-radius: 12px\" width=\"100%\" height=\"352\" frameborder=\"0\" allowfullscreen allow=\"autoplay; clipboard-write; encrypted-media; fullscreen; picture-in-picture\" loading=\"lazy\" src=\"https:\/\/open.spotify.com\/embed\/album\/6JltsW8Goc3cZQ0GOtTX2z?go=1&#038;sp_cid=fd727a3e1f73196193831a97f99a4aab&#038;utm_source=oembed&#038;utm_medium=desktop&#038;nd=1&#038;dlsi=9ed160e5474c46f5\"><\/iframe>\n<\/div><\/figure>\n\n\n\n<h5 class=\"wp-block-heading has-medium-font-size\"><strong>\u00bfEs tu casa reflejo de qui\u00e9n eres? Cu\u00e9ntanos a qu\u00e9 huele, tu rinc\u00f3n favorito, tu objeto decorativo o mueble fetiche, si atesoras alguna colecci\u00f3n&#8230; Y si tienes mascota, \u00a1pres\u00e9ntanosla!<\/strong><\/h5>\n\n\n\n<p>Mi casa es muy ecl\u00e9ctica, as\u00ed que s\u00ed refleja qui\u00e9n soy, navegando entre estilos, combinando todo lo que me gusta. Mi parte favorita son las vistas del amanecer desde la ventana del sal\u00f3n. Y la luz, que es fundamental para m\u00ed. Atesoro muebles y vajillas de mis abuelos, me gustan los objetos con historia.<\/p>\n\n\n\n<figure class=\"wp-block-image\"><img decoding=\"async\" src=\"https:\/\/www.monapart.com\/sites\/default\/files\/styles\/scale_960xn_\/public\/mediabrowser\/01-entrevista-garlanda_0.jpg?itok=m0PcygDJ\" alt=\"Descubriendo tu propio color: Entrevista a Garlanda | Monapart \" title=\"entrevista-garlanda\"\/><\/figure>\n\n\n\n<p>Tengo una gata muy peluda y blanquita, Mia. Me da mucha alergia pero la adoro.<\/p>\n\n\n\n<figure class=\"wp-block-image\"><img decoding=\"async\" src=\"https:\/\/www.monapart.com\/sites\/default\/files\/styles\/scale_960xn_\/public\/mediabrowser\/02-entrevista-garlanda.jpg?itok=ud8fINU6\" alt=\"Descubriendo tu propio color: Entrevista a Garlanda | Monapart \" title=\"entrevista-garlanda\"\/><\/figure>\n\n\n\n<h5 class=\"wp-block-heading has-medium-font-size\">Si pudieras comprarte cualquier cosa ahora mismo y llev\u00e1rtela a casa, \u00bfcu\u00e1l ser\u00eda? \u00a1Cualquier cosa!<\/h5>\n\n\n\n<p>Un eliminador autom\u00e1tico de pelos de gato. Si sab\u00e9is de su existencia, \u00a1avisadme por favor!<\/p>\n\n\n\n<h5 class=\"wp-block-heading has-medium-font-size\">Un planazo en casa siempre incluye&#8230;<\/h5>\n\n\n\n<p>Comida, gente y mucha sobremesa.<\/p>\n\n\n\n<h5 class=\"wp-block-heading has-medium-font-size\">\u00bfTienes alg\u00fan plato estrella?<\/h5>\n\n\n\n<p>El rosc\u00f3n de Reyes, cada a\u00f1o hago dos o tres y no llegan al d\u00eda 7.<\/p>\n\n\n\n<h5 class=\"wp-block-heading has-medium-font-size\">\u00bfCu\u00e1l es tu lugar favorito en tu ciudad? \u00bfY en el extranjero?<\/h5>\n\n\n\n<p>El Jard\u00edn de las Rosas del Parque Cervantes, intento ir siempre en mayo al concurso de rosas. Viv\u00ed en Berl\u00edn unos a\u00f1os, es una ciudad que me sigue atrayendo y satisfaciendo cuando la visito.<\/p>\n\n\n\n<h5 class=\"wp-block-heading has-medium-font-size\">Algo que nos quieras contar y que no te hayamos preguntado. \u00a1Habla ahora o calla para siempre!<\/h5>\n\n\n\n<p>Me siento muy conectada con la naturaleza y creo que cuidarla es nuestra obligaci\u00f3n. Por eso, en Garlanda la sostenibilidad tiene un papel central. Aunque nos encontramos con muchas dificultades, ponemos todo nuestro esfuerzo en minimizar el impacto ambiental de lo que vendemos.<\/p>\n\n\n\n<h3 class=\"wp-block-heading\">Descubrir el color perfecto es m\u00e1s que una cuesti\u00f3n est\u00e9tica para Victoria; es una verdadera pasi\u00f3n. A trav\u00e9s de Garlanda, ha logrado fusionar su amor por la decoraci\u00f3n, el arte y la sostenibilidad, creando un espacio \u00fanico en el que cada tono tiene una historia que contar. <\/h3>\n\n\n\n<p><\/p>\n","protected":false},"excerpt":{"rendered":"<p>En Garlanda, su tienda de pinturas, papeles y molduras, pone en pr\u00e1ctica todo lo que lleva absorbiendo desde peque\u00f1a, siempre rodeada de materiales y revistas de decoraci\u00f3n. Y os pod\u00e9is imaginar c\u00f3mo es su casa, pero os hacemos un peque\u00f1o spoiler: lo m\u00e1s blanco que encontrar\u00e9is es su gata Mia, que contrasta con todo. Si buscas inspiraci\u00f3n, echa un vistazo a sus redes sociales (@garlanda_casa en Instagram) y conoce m\u00e1s sobre su pasi\u00f3n en esta entrevista.<\/p>\n","protected":false},"author":3,"featured_media":1123,"comment_status":"closed","ping_status":"closed","sticky":false,"template":"","format":"standard","meta":{"_acf_changed":false,"footnotes":""},"categories":[2844,2845],"tags":[2902],"class_list":["post-1122","post","type-post","status-publish","format-standard","has-post-thumbnail","hentry","category-hogar","category-mi-monapart","tag-decoracion"],"acf":[],"_links":{"self":[{"href":"https:\/\/www.monapart.com\/magazine\/wp-json\/wp\/v2\/posts\/1122","targetHints":{"allow":["GET"]}}],"collection":[{"href":"https:\/\/www.monapart.com\/magazine\/wp-json\/wp\/v2\/posts"}],"about":[{"href":"https:\/\/www.monapart.com\/magazine\/wp-json\/wp\/v2\/types\/post"}],"author":[{"embeddable":true,"href":"https:\/\/www.monapart.com\/magazine\/wp-json\/wp\/v2\/users\/3"}],"replies":[{"embeddable":true,"href":"https:\/\/www.monapart.com\/magazine\/wp-json\/wp\/v2\/comments?post=1122"}],"version-history":[{"count":3,"href":"https:\/\/www.monapart.com\/magazine\/wp-json\/wp\/v2\/posts\/1122\/revisions"}],"predecessor-version":[{"id":15884,"href":"https:\/\/www.monapart.com\/magazine\/wp-json\/wp\/v2\/posts\/1122\/revisions\/15884"}],"wp:featuredmedia":[{"embeddable":true,"href":"https:\/\/www.monapart.com\/magazine\/wp-json\/wp\/v2\/media\/1123"}],"wp:attachment":[{"href":"https:\/\/www.monapart.com\/magazine\/wp-json\/wp\/v2\/media?parent=1122"}],"wp:term":[{"taxonomy":"category","embeddable":true,"href":"https:\/\/www.monapart.com\/magazine\/wp-json\/wp\/v2\/categories?post=1122"},{"taxonomy":"post_tag","embeddable":true,"href":"https:\/\/www.monapart.com\/magazine\/wp-json\/wp\/v2\/tags?post=1122"}],"curies":[{"name":"wp","href":"https:\/\/api.w.org\/{rel}","templated":true}]}}