{"id":1094,"date":"2021-11-15T08:18:37","date_gmt":"2021-11-15T07:18:37","guid":{"rendered":"https:\/\/www.monapart.com\/magazine\/?p=1094"},"modified":"2025-06-20T16:49:01","modified_gmt":"2025-06-20T14:49:01","slug":"entrevista-lado-blanco","status":"publish","type":"post","link":"https:\/\/www.monapart.com\/magazine\/hogar\/entrevista-lado-blanco","title":{"rendered":"La emoci\u00f3n de volver a empezar: Entrevista a Javier San Juan (Lado Blanco)"},"content":{"rendered":"\n<h1 class=\"wp-block-heading\">La emoci\u00f3n de volver a empezar: Entrevista a Javier San Juan (Lado Blanco)<\/h1>\n\n\n\n<h2 class=\"wp-block-heading\">Conectan lugares y personas, y una vez acaban, repiten lo que les hace realmente felices: tomar otro papel en blanco y comenzar de nuevo. Descubre en esta entrevista c\u00f3mo trabajan y en qu\u00e9 se inspiran.<\/h2>\n\n\n<div class='post-info'>15 de noviembre de 2021 por <a href='https:\/\/www.monapart.com\/magazine\/autor\/monapart'>Monapart<\/a><\/div>\n\n\n\n<figure class=\"wp-block-image\"><img decoding=\"async\" src=\"https:\/\/www.monapart.com\/sites\/default\/files\/styles\/scale_960xn_\/public\/mediabrowser\/00-entrevista-lado-blanco.jpg?itok=bEayGNtZ\" alt=\"La emoci\u00f3n de volver a empezar: Entrevista a Javier San Juan (Lado Blanco) | Monapart \" title=\"entrevista-lado-blanco\"\/><\/figure>\n\n\n\n<h3 class=\"wp-block-heading\">Javier San Juan nunca tuvo v\u00e9rtigo al l\u00e1piz y al papel en blanco. Dir\u00edamos que, en realidad, fue todo lo contrario. Cre\u00f3, junto con Mar, <a href=\"https:\/\/www.ladoblanco.com\/\" target=\"_blank\" rel=\"noopener\">lado blanco<\/a>\u00a0(<a href=\"https:\/\/www.instagram.com\/lado_blanco\" target=\"_blank\" rel=\"noopener\">@lado_blanco<\/a> en Instagram), su estudio de arquitectura emocional, en una oda constante a los inicios, a la creatividad que arranca un proyecto y a los sue\u00f1os por realizar. <\/h3>\n\n\n\n<h5 class=\"wp-block-heading has-medium-font-size\">H\u00e1blanos de ti y de tu trabajo. \u00bfD\u00f3nde naci\u00f3 tu vocaci\u00f3n? \u00bfAlg\u00fan primer recuerdo?<\/h5>\n\n\n\n<p>Por las tardes cuando llegaba del colegio ve\u00eda a mi padre dibujar con su escuadra y cartab\u00f3n y sus rotuladores PILOT planos y detalles constructivos para las obras en las que estaba inmerso. Tambi\u00e9n pasaba muchas tardes construyendo con \u00e9l las maquetas de los trabajos del colegio&#8230; \u00a1hicimos hasta la maqueta de mi final de carrera juntos! Creo que aqu\u00ed naci\u00f3 mi vocaci\u00f3n. Me parec\u00eda maravilloso pensar en algo y luego verlo construido, y adem\u00e1s hacerlo junto a mi padre.<\/p>\n\n\n\n<h5 class=\"wp-block-heading has-medium-font-size\">\u00bfQu\u00e9 es lo que m\u00e1s te satisface de tu trabajo? \u00bfAlguno del que te sientas especialmente orgulloso?<\/h5>\n\n\n\n<p>Construir sue\u00f1os. Me gusta escuchar y tratar de plasmar en un papel los sue\u00f1os de mis clientes, es lo que llamamos, arquitectura emocional. Cada proyecto es un nuevo reto a resolver&#8230; Pensar c\u00f3mo vive un espacio un ni\u00f1o de tres a\u00f1os y construir una escuela infantil pensando en ellos y en quien les cuida, en dos escalas. Entender c\u00f3mo convive la familia para la que trabajamos en un proyecto y acondicionar los espacios para ellos. Hacer un edificio de investigaci\u00f3n y provocar lugares de encuentro entre los cient\u00edficos para aumentar su productividad y felicidad. Creo que no puedo elegir solo un proyecto&#8230;<\/p>\n\n\n\n<figure class=\"wp-block-image\"><img decoding=\"async\" src=\"https:\/\/www.monapart.com\/sites\/default\/files\/styles\/scale_960xn_\/public\/mediabrowser\/01-entrevista-lado-blanco.jpg?itok=XfDgk1RJ\" alt=\"La emoci\u00f3n de volver a empezar: Entrevista a Javier San Juan (Lado Blanco) | Monapart \" title=\"entrevista-lado-blanco\"\/><\/figure>\n\n\n\n<figure class=\"wp-block-image\"><img decoding=\"async\" src=\"https:\/\/www.monapart.com\/sites\/default\/files\/styles\/scale_960xn_\/public\/mediabrowser\/02-entrevista-lado-blanco.jpg?itok=nEr0j5qh\" alt=\"La emoci\u00f3n de volver a empezar: Entrevista a Javier San Juan (Lado Blanco) | Monapart \" title=\"entrevista-lado-blanco\"\/><\/figure>\n\n\n\n<h5 class=\"wp-block-heading has-medium-font-size\">\u00bfC\u00f3mo es tu proceso creativo? \u00bfCu\u00e1les son tus fuentes de inspiraci\u00f3n? \u00bfAlguna m\u00fasica en especial mientras trabajas?<\/h5>\n\n\n\n<p>El nombre de lado blanco arquitectos es el origen de nuestro proceso creativo, el papel en blanco y un l\u00e1piz. Para arrancar en un proyecto trabajamos con un test inicial con nuestros clientes y una peque\u00f1a carta con preguntas sobre sus sue\u00f1os y peque\u00f1os ejercicios de visualizaci\u00f3n de c\u00f3mo se imaginan en su nueva casa, oficina, local, espacio de trabajo&#8230; o lo que corresponda. \u00c9ste es el germen del proyecto: la observaci\u00f3n, la escucha y la lectura de sus deseos. La m\u00fasica nos acompa\u00f1a en el proceso, cada proyecto tiene su banda sonora para nosotros y en las presentaciones de las primeras ideas forma parte indisoluble de ellas. Se sientan en el estudio con nosotros, ponemos la m\u00fasica, visualizamos el proyecto terminado y les transmitimos todo aquello que nos ha hecho so\u00f1ar con su proyecto. \u00a1La experiencia es inolvidable!<\/p>\n\n\n\n<figure class=\"wp-block-image\"><img decoding=\"async\" src=\"https:\/\/www.monapart.com\/sites\/default\/files\/styles\/scale_960xn_\/public\/mediabrowser\/04-entrevista-lado-blanco.jpg?itok=bG4fuSy6\" alt=\"La emoci\u00f3n de volver a empezar: Entrevista a Javier San Juan (Lado Blanco) | Monapart \" title=\"entrevista-lado-blanco\"\/><\/figure>\n\n\n\n<figure class=\"wp-block-image\"><img decoding=\"async\" src=\"https:\/\/www.monapart.com\/sites\/default\/files\/styles\/scale_960xn_\/public\/mediabrowser\/05-entrevista-lado-blanco.jpg?itok=FDl2F4rX\" alt=\"La emoci\u00f3n de volver a empezar: Entrevista a Javier San Juan (Lado Blanco) | Monapart \" title=\"entrevista-lado-blanco\"\/><\/figure>\n\n\n\n<figure class=\"wp-block-image\"><img decoding=\"async\" src=\"https:\/\/www.monapart.com\/sites\/default\/files\/styles\/scale_960xn_\/public\/mediabrowser\/06-entrevista-lado-blanco.jpg?itok=mvPQUlqM\" alt=\"La emoci\u00f3n de volver a empezar: Entrevista a Javier San Juan (Lado Blanco) | Monapart \" title=\"entrevista-lado-blanco\"\/><\/figure>\n\n\n\n<h5 class=\"wp-block-heading has-medium-font-size\">Color, libro, peli y disco favoritos. \u00a1Por este orden! ;D<\/h5>\n\n\n\n<p>Azul.<\/p>\n\n\n\n<p><em>Firmin<\/em>, de Sam Savage.<\/p>\n\n\n\n<p><em>Interstellar<\/em>, de Christopher Nolan.<\/p>\n\n\n\n<p><em>A lo cubano<\/em>, de Orishas.<\/p>\n\n\n\n<figure class=\"wp-block-embed is-type-rich is-provider-spotify wp-block-embed-spotify wp-embed-aspect-21-9 wp-has-aspect-ratio\"><div class=\"wp-block-embed__wrapper\">\n<iframe title=\"Spotify Embed: A Lo Cubano\" style=\"border-radius: 12px\" width=\"100%\" height=\"352\" frameborder=\"0\" allowfullscreen allow=\"autoplay; clipboard-write; encrypted-media; fullscreen; picture-in-picture\" loading=\"lazy\" src=\"https:\/\/open.spotify.com\/embed\/album\/3zXdL8n7OMWKY156NgUZ4m?go=1&#038;sp_cid=fd727a3e1f73196193831a97f99a4aab&#038;utm_source=oembed&#038;utm_medium=desktop&#038;nd=1&#038;dlsi=95ac240159b94126\"><\/iframe>\n<\/div><\/figure>\n\n\n\n<h5 class=\"wp-block-heading has-medium-font-size\"><strong>\u00bfEs tu casa reflejo de qui\u00e9n eres? Cu\u00e9ntanos a qu\u00e9 huele, tu rinc\u00f3n favorito, tu objeto decorativo o mueble fetiche, si atesoras alguna colecci\u00f3n&#8230; Y si tienes mascota, \u00a1pres\u00e9ntanosla!<\/strong><\/h5>\n\n\n\n<p>No, la verdad es que no. Dicen que en casa de herrero cuchillo de palo&#8230; mi casa reflejo est\u00e1 por llegar. Pero donde vivo tengo un viejo sill\u00f3n en el que me gusta sentarme y charlar, con un vino y unas velas encendidas en dos candelabros que rescat\u00e9 de una de mis primeras obras.<\/p>\n\n\n\n<h5 class=\"wp-block-heading has-medium-font-size\">Un planazo en casa siempre incluye&#8230;<\/h5>\n\n\n\n<p>Buen vino, comida rica con amigos y m\u00fasica.<\/p>\n\n\n\n<h5 class=\"wp-block-heading has-medium-font-size\">\u00bfTienes alg\u00fan plato estrella?<\/h5>\n\n\n\n<p>El arroz con cosas, no se le puede llamar paella&#8230; por no molestar a mis amigos valencianos \ud83d\ude09<\/p>\n\n\n\n<h5 class=\"wp-block-heading has-medium-font-size\">\u00bfCu\u00e1l es tu lugar favorito en tu ciudad? \u00bfY en el extranjero?<\/h5>\n\n\n\n<p>En Madrid, el parque del Oeste, me recuerda a mi infancia y tiene uno de los mejores atardeceres de la ciudad. Y en el extranjero, Roma, perderme callejeando por la ciudad y descubrir&#8230;<\/p>\n\n\n\n<h5 class=\"wp-block-heading has-medium-font-size\">Algo que nos quieras contar y que no te hayamos preguntado. \u00a1Habla ahora o calla para siempre!<\/h5>\n\n\n\n<p>Es una gran satisfacci\u00f3n personal haber encontrado nuestro camino en la arquitectura, construyendo sue\u00f1os, haciendo arquitectura emocional, con calidad y rigor. Me gusta ver que las maquetas que constru\u00eda con amor con mi padre hoy se convierten en realidad y en lugares donde vivir, trabajar, descansar y compartir.<\/p>\n\n\n\n<figure class=\"wp-block-image\"><img decoding=\"async\" src=\"https:\/\/www.monapart.com\/sites\/default\/files\/styles\/scale_960xn_\/public\/mediabrowser\/03-entrevista-lado-blanco.jpg?itok=q4Kcnm-o\" alt=\"entrevista-lado-blanco\" title=\"entrevista-lado-blanco\"\/><\/figure>\n\n\n\n<h3 class=\"wp-block-heading\">Desde Lado Blanco, junto a Mar, contin\u00faa reinventando la arquitectura como un lenguaje humano y cercano, donde cada proyecto comienza con una pregunta, una melod\u00eda y una ilusi\u00f3n. Porque en su mundo, cada final es solo la emoci\u00f3n de volver a empezar.<\/h3>\n","protected":false},"excerpt":{"rendered":"<p>Javier San Juan nunca tuvo v\u00e9rtigo al l\u00e1piz y al papel en blanco. Dir\u00edamos que, en realidad, fue todo lo contrario. Cre\u00f3, junto con Mar, lado blanco\u00a0(@lado_blanco en Instagram), su estudio de arquitectura emocional, en una oda constante a los inicios, a la creatividad que arranca un proyecto y a los sue\u00f1os por realizar. <\/p>\n","protected":false},"author":3,"featured_media":1095,"comment_status":"closed","ping_status":"closed","sticky":false,"template":"","format":"standard","meta":{"_acf_changed":false,"footnotes":""},"categories":[2844,2845],"tags":[2885],"class_list":["post-1094","post","type-post","status-publish","format-standard","has-post-thumbnail","hentry","category-hogar","category-mi-monapart","tag-arquitectura"],"acf":[],"_links":{"self":[{"href":"https:\/\/www.monapart.com\/magazine\/wp-json\/wp\/v2\/posts\/1094","targetHints":{"allow":["GET"]}}],"collection":[{"href":"https:\/\/www.monapart.com\/magazine\/wp-json\/wp\/v2\/posts"}],"about":[{"href":"https:\/\/www.monapart.com\/magazine\/wp-json\/wp\/v2\/types\/post"}],"author":[{"embeddable":true,"href":"https:\/\/www.monapart.com\/magazine\/wp-json\/wp\/v2\/users\/3"}],"replies":[{"embeddable":true,"href":"https:\/\/www.monapart.com\/magazine\/wp-json\/wp\/v2\/comments?post=1094"}],"version-history":[{"count":3,"href":"https:\/\/www.monapart.com\/magazine\/wp-json\/wp\/v2\/posts\/1094\/revisions"}],"predecessor-version":[{"id":15930,"href":"https:\/\/www.monapart.com\/magazine\/wp-json\/wp\/v2\/posts\/1094\/revisions\/15930"}],"wp:featuredmedia":[{"embeddable":true,"href":"https:\/\/www.monapart.com\/magazine\/wp-json\/wp\/v2\/media\/1095"}],"wp:attachment":[{"href":"https:\/\/www.monapart.com\/magazine\/wp-json\/wp\/v2\/media?parent=1094"}],"wp:term":[{"taxonomy":"category","embeddable":true,"href":"https:\/\/www.monapart.com\/magazine\/wp-json\/wp\/v2\/categories?post=1094"},{"taxonomy":"post_tag","embeddable":true,"href":"https:\/\/www.monapart.com\/magazine\/wp-json\/wp\/v2\/tags?post=1094"}],"curies":[{"name":"wp","href":"https:\/\/api.w.org\/{rel}","templated":true}]}}