{"id":1092,"date":"2021-09-22T15:37:16","date_gmt":"2021-09-22T13:37:16","guid":{"rendered":"https:\/\/www.monapart.com\/magazine\/?p=1092"},"modified":"2025-06-20T17:02:18","modified_gmt":"2025-06-20T15:02:18","slug":"monapart-en-via-empresa-la-ley-del-precio-del-alquiler-un-ano-despues","status":"publish","type":"post","link":"https:\/\/www.monapart.com\/magazine\/noticias\/monapart-en-via-empresa-la-ley-del-precio-del-alquiler-un-ano-despues","title":{"rendered":"Monapart en VIA Empresa: la ley del precio del alquiler, un a\u00f1o despu\u00e9s"},"content":{"rendered":"\n<h1 class=\"wp-block-heading\">Monapart en VIA Empresa: la ley del precio del alquiler, un a\u00f1o despu\u00e9s<\/h1>\n\n\n\n<h2 class=\"wp-block-heading\">Eduard Sol\u00e9, socio y director de operaciones en Monapart, comparte algunas de nuestras conclusiones y propuestas para una legislaci\u00f3n con mucho margen de mejora.<\/h2>\n\n\n<div class='post-info'>22 de septiembre de 2021 por <a href='https:\/\/www.monapart.com\/magazine\/autor\/monapart'>Monapart<\/a><\/div>\n\n\n\n<p>Ya ha pasado un a\u00f1o desde la aprobaci\u00f3n de la ley para regular el precio del <a href=\"https:\/\/www.monapart.com\/es\/servicios\/alquilar\">alquiler<\/a> en Catalu\u00f1a, en un periodo lleno de cambios para el sector residencial: el fin de un ciclo expansivo, la irrupci\u00f3n de la COVID-19 y una nueva regulaci\u00f3n, y sois muchos los que nos pregunt\u00e1is c\u00f3mo ha afectado al mercado y si est\u00e1 sirviendo para lo que se plante\u00f3.\u00a0<\/p>\n\n\n\n<p>En este art\u00edculo publicado ayer, 21 de septiembre, VIA Empresa habla sobre&nbsp;<a href=\"https:\/\/www.viaempresa.cat\/es\/economia\/ley-precio-alquiler_2157264_102.html\" target=\"_blank\" rel=\"noopener\">La ley para contener el precio del alquiler, un a\u00f1o despu\u00e9s. <\/a>Y para ello, la periodista Elena Busquets ha entrevistado a Eduard Sol\u00e9, socio y director de operaciones en Monapart, donde comparte algunas de nuestras conclusiones y propuestas para una legislaci\u00f3n con mucho margen de mejora:<\/p>\n\n\n\n<figure class=\"wp-block-image\"><img decoding=\"async\" src=\"https:\/\/www.monapart.com\/sites\/default\/files\/styles\/scale_960xn_\/public\/mediabrowser\/00-monapart-ley-indice-precios-alquiler.png?itok=HIyGAdbd\" alt=\"Monapart en VIA Empresa: la ley del precio del alquiler, un a\u00f1o despu\u00e9s | Monapart \" title=\"monapart-ley-indice-precios-alquiler\"\/><\/figure>\n\n\n\n<h5 class=\"wp-block-heading has-medium-font-size\">La ley para contener el precio del alquiler, un a\u00f1o despu\u00e9s | 21\/09\/2021 | Elena Busquets (Via Empresa)<\/h5>\n\n\n\n<p>La&nbsp;ley para contener los precios de las viviendas en alquiler&nbsp;en Catalunya hoy cumple un a\u00f1o. Han pasado doce meses desde que la Generalitat decidi\u00f3 poner un freno a la subida de los precios en un mercado que acumulaba incrementos continuados desde el 2014. La medida afectaba a 61 municipios considerados \u00e1reas con un mercado de vivienda tenso: entre ellos&nbsp;Barcelona, ciudades de su&nbsp;\u00e1rea metropolitana y algunas capitales de provincia.<\/p>\n\n\n\n<p><strong>Un a\u00f1o y una pandemia despu\u00e9s, los precios de la vivienda en alquiler en&nbsp;Barcelona han bajado un 10%<\/strong>, pero tambi\u00e9n lo han hecho en otras ciudades como Madrid (10%), Valencia (9,5%) o Sevilla (8,4%), donde la ley 11\/2020 no tiene vigencia. Por lo tanto, \u00bfqu\u00e9&nbsp;ha hecho bajar los precios?<\/p>\n\n\n\n<p><em>\u00abHay que tener en cuenta que esta ley lleg\u00f3 al final de un ciclo\u00bb<\/em>, explica&nbsp;L\u00e1zaro Cubero, director de an\u00e1lisis de Tecnocasa. <em>\u00abEl mercado inmobiliario, tanto en venta como en alquiler, se mueve por ciclos de 5-6 a\u00f1os y el mercado residencial de Barcelona justo llevaba estos a\u00f1os de crecimiento\u00bb.<\/em> De hecho, el precio del metro cuadrado en&nbsp;la capital catalana se hab\u00eda incrementado un 46,5% desde el 2014 hasta el 2019, pasando de los 10,16 euros hasta los 14,9. Al fin de un ciclo, se le suma, adem\u00e1s, la irrupci\u00f3n de la covid-19 y su afectaci\u00f3n en la econom\u00eda.<\/p>\n\n\n\n<figure class=\"wp-block-image\"><img decoding=\"async\" src=\"https:\/\/www.monapart.com\/sites\/default\/files\/styles\/scale_960xn_\/public\/mediabrowser\/01-monapart-ley-indice-precios-alquiler.png?itok=b9TouSA-\" alt=\"Monapart en VIA Empresa: la ley del precio del alquiler, un a\u00f1o despu\u00e9s | Monapart \" title=\"monapart-ley-indice-precios-alquiler\"\/><\/figure>\n\n\n\n<h5 class=\"wp-block-heading has-medium-font-size\">Penalizaci\u00f3n al valor a\u00f1adido<\/h5>\n\n\n\n<p>Seg\u00fan la ley 11\/2020, los precios de los pisos se tienen que establecer seg\u00fan el \u00edndice de referencia, que tiene en cuenta aspectos como la superficie, el estado del inmueble, la eficiencia energ\u00e9tica y la ubicaci\u00f3n. Pero lo que no tiene suficientemente en cuenta, para muchos expertos, son los extras que puede tener la vivienda.<\/p>\n\n\n\n<p>En la nueva regulaci\u00f3n se indica que el precio final de la renta se puede incrementar un 5% si la vivienda tiene como m\u00ednimo tres caracter\u00edsticas destacadas, como ascensor, vistas especiales, piscina comunitaria, muebles, etc\u00e9tera. <em>\u00abEste incremento ser\u00eda correcto si fuera por cada elemento especial del piso, pero es insuficiente si s\u00f3lo se consigue con tres de estas caracter\u00edsticas\u00bb,<\/em> analiza&nbsp;Eduard Sol\u00e9, socio y director de operaciones de Monapart. Y a\u00f1ade: <em>\u00absi un piso con una reforma de calidad tiene que tener el mismo precio que otro donde se haya hecho una chapuza, los propietarios no estar\u00e1n motivados a hacer reformas de calidad. Y esto puede mediocrizar el parque residencial de Barcelona\u00bb.<\/em><\/p>\n\n\n\n<blockquote class=\"wp-block-quote alignright is-layout-flow wp-block-quote-is-layout-flow\">\n<p>Eduard Sol\u00e9: <em>\u00abSi un piso con una reforma de calidad tiene que tener el mismo precio que otro donde se haya hecho una chapuza, los propietarios no estar\u00e1n motivados a\u00a0hacer reformas de calidad\u00bb.<\/em><\/p>\n<\/blockquote>\n\n\n\n<h5 class=\"wp-block-heading has-medium-font-size\">Barcelona y Madrid toman caminos diferentes<\/h5>\n\n\n\n<p><strong>Uno de los grandes miedos de los expertos del sector inmobiliario cuando la ley 11\/2020 entr\u00f3 en vigor era que se produjera una reducci\u00f3n de la oferta. Pero la rotaci\u00f3n producida debido a la covid-19 y el traspaso de pisos de alquiler tur\u00edstico al mercado residencial tradicional no lo permitieron. <\/strong>De hecho, tanto en&nbsp;Barcelona como en Madrid, la oferta se increment\u00f3 desde abril del 2020 hasta el pasado mes de julio, momento en que las dos ciudades han cogido caminos diferentes. Mientras Madrid ha continuado incrementando su cartera de pisos disponibles de alquiler, Barcelona la&nbsp;ha reducido por debajo del volumen del 2020. <em>\u00abPero todav\u00eda es temprano para imputar esta reducci\u00f3n a esta ley\u00bb,<\/em> expresa Cubero, <em>\u00abnos tenemos que esperar m\u00e1s tiempo\u00bb.<\/em><\/p>\n\n\n\n<p>A Cubero de Tecnocasa le preocupa que la oferta se contin\u00fae reduciendo con los a\u00f1os, teniendo en cuenta que el porcentaje del perfil inversor en&nbsp;las compraventas de viviendas a Barcelona es m\u00e1s reducido que en el resto de ciudades de Espa\u00f1a. <em>\u00abEn&nbsp;Espa\u00f1a dos de cada diez compras de pisos se realizan como inversi\u00f3n. En&nbsp;Madrid el inversor representa el 28% de las compraventas, en Zaragoza el 26%, pero a Barcelona s\u00f3lo el 16%\u00bb.<\/em><\/p>\n\n\n\n<p>Es un porcentaje que no siempre ha sido tan bajo, sino que refleja una tendencia a la baja. <em>\u00abEn el a\u00f1o 2018 rondaba el 30% <\/em>-explica Cubero- <em>y \u00e9sto quiere decir que cada vez hay menos personas que compran en&nbsp;Barcelona con el objetivo de&nbsp;poner piso de alquiler, hecho que no impactar\u00e1 en la oferta presente, pero s\u00ed en la futura\u00bb.<\/em><\/p>\n\n\n\n<p>Adem\u00e1s, las viviendas de Barcelona no pertenecen a grandes tenedores: solo un 5% de los pisos de Barcelona son propiedad de fondos de inversi\u00f3n, socimis o grandes tenedores. <em>\u00abPor lo tanto esta ley a quien ha afectado de una manera muy contundente es a los peque\u00f1os propietarios\u00bb, <\/em>analiza Sol\u00e9.<\/p>\n\n\n\n<h5 class=\"wp-block-heading has-medium-font-size\">Holanda, Reino Unido, Francia&#8230; \u00bfy Barcelona?<\/h5>\n\n\n\n<p>Para Cubero, <em>\u00abBarcelona tendr\u00e1 un grave problema de oferta si no ampl\u00eda el parque&nbsp;p\u00fablico de viviendas destinadas al alquiler\u00bb<\/em>. De hecho, seg\u00fan un estudio realizado por el Club Inmobiliario Esade y el profesor Josep Oliver, <strong>Espa\u00f1a tiene el parque de vivienda social m\u00e1s bajo de Europa: las viviendas p\u00fablicas representan 1,1% del parque residencial del pa\u00eds. <\/strong>En&nbsp;Holanda el 38%, en Reino Unido el 17,4% y en&nbsp;Francia el 14%.<\/p>\n","protected":false},"excerpt":{"rendered":"<p>Eduard Sol\u00e9, socio y director de operaciones en Monapart, comparte algunas de nuestras conclusiones y propuestas para una legislaci\u00f3n con mucho margen de mejora.<\/p>\n","protected":false},"author":3,"featured_media":1093,"comment_status":"closed","ping_status":"closed","sticky":false,"template":"","format":"standard","meta":{"_acf_changed":false,"footnotes":""},"categories":[2852,2853],"tags":[3225,2905],"class_list":["post-1092","post","type-post","status-publish","format-standard","has-post-thumbnail","hentry","category-noticias","category-hablan-de-nosotros","tag-alquiler","tag-prensa"],"acf":[],"_links":{"self":[{"href":"https:\/\/www.monapart.com\/magazine\/wp-json\/wp\/v2\/posts\/1092","targetHints":{"allow":["GET"]}}],"collection":[{"href":"https:\/\/www.monapart.com\/magazine\/wp-json\/wp\/v2\/posts"}],"about":[{"href":"https:\/\/www.monapart.com\/magazine\/wp-json\/wp\/v2\/types\/post"}],"author":[{"embeddable":true,"href":"https:\/\/www.monapart.com\/magazine\/wp-json\/wp\/v2\/users\/3"}],"replies":[{"embeddable":true,"href":"https:\/\/www.monapart.com\/magazine\/wp-json\/wp\/v2\/comments?post=1092"}],"version-history":[{"count":2,"href":"https:\/\/www.monapart.com\/magazine\/wp-json\/wp\/v2\/posts\/1092\/revisions"}],"predecessor-version":[{"id":15959,"href":"https:\/\/www.monapart.com\/magazine\/wp-json\/wp\/v2\/posts\/1092\/revisions\/15959"}],"wp:featuredmedia":[{"embeddable":true,"href":"https:\/\/www.monapart.com\/magazine\/wp-json\/wp\/v2\/media\/1093"}],"wp:attachment":[{"href":"https:\/\/www.monapart.com\/magazine\/wp-json\/wp\/v2\/media?parent=1092"}],"wp:term":[{"taxonomy":"category","embeddable":true,"href":"https:\/\/www.monapart.com\/magazine\/wp-json\/wp\/v2\/categories?post=1092"},{"taxonomy":"post_tag","embeddable":true,"href":"https:\/\/www.monapart.com\/magazine\/wp-json\/wp\/v2\/tags?post=1092"}],"curies":[{"name":"wp","href":"https:\/\/api.w.org\/{rel}","templated":true}]}}