{"id":1054,"date":"2021-06-07T15:58:34","date_gmt":"2021-06-07T13:58:34","guid":{"rendered":"https:\/\/www.monapart.com\/magazine\/?p=1054"},"modified":"2025-04-10T12:47:23","modified_gmt":"2025-04-10T10:47:23","slug":"entrevista-julia-esque","status":"publish","type":"post","link":"https:\/\/www.monapart.com\/magazine\/hogar\/entrevista-julia-esque","title":{"rendered":"Dise\u00f1o personal para todos: Entrevista a J\u00falia Esqu\u00e9"},"content":{"rendered":"\n<h1 class=\"wp-block-heading\">Dise\u00f1o personal para todos: Entrevista a J\u00falia Esqu\u00e9<\/h1>\n\n\n\n<h2 class=\"wp-block-heading\">Funci\u00f3n, dise\u00f1o y formas que resultan en objetos a menudo inesperados. <\/h2>\n\n\n<div class='post-info'>7 de junio de 2021 por <a href='https:\/\/www.monapart.com\/magazine\/autor\/monapart'>Monapart<\/a><\/div>\n\n\n\n<figure class=\"wp-block-image\"><img decoding=\"async\" src=\"https:\/\/www.monapart.com\/sites\/default\/files\/styles\/scale_960xn_\/public\/mediabrowser\/00-entrevista-julia-esque_0.jpg?itok=csIMfjCy\" alt=\"Dise\u00f1o personal para todos: Entrevista a J\u00falia Esqu\u00e9 | Monapart \" title=\"entrevista-julia-esque\"\/><\/figure>\n\n\n\n<h3 class=\"wp-block-heading\">Resumir en pocas palabras la esencia del trabajo de <a href=\"http:\/\/www.juliaesque.com\" target=\"_blank\" rel=\"noopener\">Julia Esqu\u00e9<\/a> (<a href=\"http:\/\/www.instagram.com\/juliaesque\" target=\"_blank\" rel=\"noopener\">@juliaesque<\/a> en Instagram) como dise\u00f1adora de producto es f\u00e1cil gracias a todo el trabajo que hay detr\u00e1s. Sus proyectos se basan en la experiencia de la investigaci\u00f3n y la pr\u00e1ctica y se han expuesto en la Feria del Coleccionismo de Bruselas, el Gent Design Museum o la HKDI Gallery de Tokio, entre otros. Con una visi\u00f3n moldeada por 5 a\u00f1os de colaboraci\u00f3n con Stephen Burks en Nueva York, y despu\u00e9s de trabajar con Mart\u00ed Guix\u00e9, Jaume Ram\u00edrez y Curro Claret, sigue aprendiendo (y ense\u00f1ando) cosas y buscando la inspiraci\u00f3n sin esperar a que llegue. Entre proyecto y proyecto nos destila, en esta entrevista, su amor por los objetos.<\/h3>\n\n\n\n<h5 class=\"wp-block-heading has-medium-font-size\">H\u00e1blanos de ti y de tu trabajo. \u00bfD\u00f3nde naci\u00f3 tu vocaci\u00f3n? \u00bfAlg\u00fan primer recuerdo?<\/h5>\n\n\n\n<p>Hace tiempo que tengo inter\u00e9s por los objetos. Empec\u00e9 estudiando dise\u00f1o en Elisava para despu\u00e9s estudiar el M\u00e1ster en Dise\u00f1o de Producto en ECAL, Lausana. Al terminar me mud\u00e9 a Nueva York para trabajar en el estudio de <a href=\"http:\/\/bdbarcelona.com\/es\/autor\/36\" target=\"_blank\" rel=\"noopener\">Stephen Burks<\/a>, donde estuve 5 a\u00f1os. Volv\u00ed y continu\u00e9 aprendiendo mediante colaboraciones en los estudios de <a href=\"http:\/\/www.guixe.com\/\" target=\"_blank\" rel=\"noopener\">Mart\u00ed Guix\u00e9<\/a> o <a href=\"http:\/\/www.jaumeramirez.com\/\" target=\"_blank\" rel=\"noopener\">Jaume Ram\u00edrez<\/a>, hasta que el 2019 empiezo mi carrera en solitario.<\/p>\n\n\n\n<h5 class=\"wp-block-heading has-medium-font-size\">\u00bfQu\u00e9 es lo que m\u00e1s te satisface de tu trabajo? \u00bfAlguno del que te sientas especialmente orgullosa?<\/h5>\n\n\n\n<p>Disfruto cuando aprendo. Los dise\u00f1adores de producto trabajamos en multitud de proyectos en los que tenemos que entender el contexto, por lo que no paramos de aprender de cosas.<\/p>\n\n\n\n<h5 class=\"wp-block-heading has-medium-font-size\">\u00bfC\u00f3mo es tu proceso creativo? \u00bfCu\u00e1les son tus fuentes de inspiraci\u00f3n? \u00bfAlguna m\u00fasica especial mientras trabajas?<\/h5>\n\n\n\n<p>En general pienso que la inspiraci\u00f3n no llega si no la vas a buscar. Si me tengo que concentrar, suena algo con piano.<\/p>\n\n\n\n<figure class=\"wp-block-image\"><img decoding=\"async\" src=\"https:\/\/magazine.monapart.com\/sites\/default\/files\/mediabrowser\/03-entrevista-julia-esque_3.jpg\" alt=\"Dise\u00f1o personal para todos: Entrevista a J\u00falia Esqu\u00e9 | Monapart \"\/><\/figure>\n\n\n\n<figure class=\"wp-block-image\"><img decoding=\"async\" src=\"https:\/\/magazine.monapart.com\/sites\/default\/files\/mediabrowser\/01-entrevista-julia-esque_1.jpg\" alt=\"Dise\u00f1o personal para todos: Entrevista a J\u00falia Esqu\u00e9 | Monapart \"\/><\/figure>\n\n\n\n<h5 class=\"wp-block-heading has-medium-font-size\">Color, libro y disco favoritos. \u00a1Por este orden! ;D<\/h5>\n\n\n\n<p>Azul marino.<\/p>\n\n\n\n<p><em>El primer trago de cerveza y otros peque\u00f1os placeres de la vida<\/em>, de Philippe Delerm.<\/p>\n\n\n\n<p><em>We Must Become The Pitiless Censors Of Ourselves<\/em>, de John Maus.<\/p>\n\n\n\n<figure class=\"wp-block-embed is-type-rich is-provider-spotify wp-block-embed-spotify wp-embed-aspect-21-9 wp-has-aspect-ratio\"><div class=\"wp-block-embed__wrapper\">\n<iframe title=\"Spotify Embed: We Must Become the Pitiless Censors of Ourselves\" style=\"border-radius: 12px\" width=\"100%\" height=\"352\" frameborder=\"0\" allowfullscreen allow=\"autoplay; clipboard-write; encrypted-media; fullscreen; picture-in-picture\" loading=\"lazy\" src=\"https:\/\/open.spotify.com\/embed\/album\/6lfo4f2EW26I06q2cIMPof?go=1&#038;sp_cid=fd727a3e1f73196193831a97f99a4aab&#038;intent=1&#038;utm_source=oembed&#038;utm_medium=desktop&#038;nd=1&#038;dlsi=0adabc75395749b3\"><\/iframe>\n<\/div><\/figure>\n\n\n\n<h5 class=\"wp-block-heading has-medium-font-size\">\u00bfTu casa refleja qui\u00e9n eres? Cu\u00e9ntanos a que huele, tu rinc\u00f3n favorito, tu objeto decorativo o mueble fetiche, si atesora alguna colecci\u00f3n&#8230;<\/h5>\n\n\n\n<p>\u00a1S\u00ed, bastante! No tengo ninguna mascota pero s\u00ed algunos muebles y objetos que trato con mucho amor.<\/p>\n\n\n\n<h5 class=\"wp-block-heading has-medium-font-size\">Si pudieras comprarte cualquier cosa ahora mismo y llevarte a casa, \u00bfcu\u00e1l ser\u00eda? \u00a1Cualquier cosa!<\/h5>\n\n\n\n<p>Unos billetes de avi\u00f3n para irme a cualquier lugar.<\/p>\n\n\n\n<blockquote class=\"wp-block-quote alignright is-layout-flow wp-block-quote-is-layout-flow\">\n<p>Entre sus clientes encontramos nombres como BD Barcelona, Roche Bobois, Dedon o Louis Vuitton.<\/p>\n<\/blockquote>\n\n\n\n<h5 class=\"wp-block-heading has-medium-font-size\">Un \u00abplanazo\u00bb en casa siempre incluye&#8230;<\/h5>\n\n\n\n<p>\u00a1Amigos!<\/p>\n\n\n\n<h5 class=\"wp-block-heading has-medium-font-size\">\u00bfTienes alg\u00fan plato estrella?<\/h5>\n\n\n\n<p>Me encanta la &#8216;esqueixada&#8217; de bacalao.<\/p>\n\n\n\n<figure class=\"wp-block-image\"><img decoding=\"async\" src=\"https:\/\/magazine.monapart.com\/sites\/default\/files\/mediabrowser\/02-entrevista-julia-esque_0.jpg\" alt=\"Dise\u00f1o personal para todos: Entrevista a J\u00falia Esqu\u00e9 | Monapart \"\/><\/figure>\n\n\n\n<figure class=\"wp-block-image\"><img decoding=\"async\" src=\"https:\/\/magazine.monapart.com\/sites\/default\/files\/mediabrowser\/05-entrevista-julia-esque_0.jpg\" alt=\"Dise\u00f1o personal para todos: Entrevista a J\u00falia Esqu\u00e9 | Monapart \"\/><\/figure>\n\n\n\n<h5 class=\"wp-block-heading has-medium-font-size\">\u00bfCu\u00e1l es tu lugar favorito en tu ciudad? \u00bfY en el extranjero?<\/h5>\n\n\n\n<p>En Barcelona cualquier bar con terraza donde d\u00e9 el sol. En el extranjero, el museo <a href=\"http:\/\/www.diaart.org\/\" target=\"_blank\" rel=\"noopener\">DIA:Beacon<\/a> (Nueva York).<\/p>\n\n\n\n<figure class=\"wp-block-image\"><img decoding=\"async\" src=\"https:\/\/www.monapart.com\/sites\/default\/files\/styles\/scale_960xn_\/public\/mediabrowser\/06-entrevista-julia-esque_0.jpg?itok=4bLZR_Wp\" alt=\"Dise\u00f1o personal para todos: Entrevista a J\u00falia Esqu\u00e9 | Monapart \" title=\"entrevista-julia-esque\"\/><\/figure>\n\n\n\n<h3 class=\"wp-block-heading\">Su visi\u00f3n, forjada por 5 a\u00f1os de colaboraci\u00f3n con Stephen Burks en Nueva York, y por su trabajo junto a Mart\u00ed Guix\u00e9, Jaume Ram\u00edrez y Curro Claret, sigue evolucionando. Siempre en busca de la inspiraci\u00f3n, sin esperar que llegue, Julia destila en cada proyecto su amor por los objetos, creando piezas que cuentan historias a trav\u00e9s de su dise\u00f1o y funcionalidad.<\/h3>\n","protected":false},"excerpt":{"rendered":"<p>Resumir en pocas palabras la esencia del trabajo de Julia Esqu\u00e9 (@juliaesque en Instagram) como dise\u00f1adora de producto es f\u00e1cil gracias a todo el trabajo que hay detr\u00e1s. Sus proyectos se basan en la experiencia de la investigaci\u00f3n y la pr\u00e1ctica y se han expuesto en la Feria del Coleccionismo de Bruselas, el Gent Design Museum o la HKDI Gallery de Tokio, entre otros. Con una visi\u00f3n moldeada por 5 a\u00f1os de colaboraci\u00f3n con Stephen Burks en Nueva York, y despu\u00e9s de trabajar con Mart\u00ed Guix\u00e9, Jaume Ram\u00edrez y Curro Claret, sigue aprendiendo (y ense\u00f1ando) cosas y buscando la inspiraci\u00f3n sin esperar a que llegue. Entre proyecto y proyecto nos destila, en esta entrevista, su amor por los objetos.<\/p>\n","protected":false},"author":3,"featured_media":1055,"comment_status":"closed","ping_status":"closed","sticky":false,"template":"","format":"standard","meta":{"_acf_changed":false,"footnotes":""},"categories":[2844,2845],"tags":[2868,2870],"class_list":["post-1054","post","type-post","status-publish","format-standard","has-post-thumbnail","hentry","category-hogar","category-mi-monapart","tag-arte","tag-diseno"],"acf":[],"_links":{"self":[{"href":"https:\/\/www.monapart.com\/magazine\/wp-json\/wp\/v2\/posts\/1054","targetHints":{"allow":["GET"]}}],"collection":[{"href":"https:\/\/www.monapart.com\/magazine\/wp-json\/wp\/v2\/posts"}],"about":[{"href":"https:\/\/www.monapart.com\/magazine\/wp-json\/wp\/v2\/types\/post"}],"author":[{"embeddable":true,"href":"https:\/\/www.monapart.com\/magazine\/wp-json\/wp\/v2\/users\/3"}],"replies":[{"embeddable":true,"href":"https:\/\/www.monapart.com\/magazine\/wp-json\/wp\/v2\/comments?post=1054"}],"version-history":[{"count":1,"href":"https:\/\/www.monapart.com\/magazine\/wp-json\/wp\/v2\/posts\/1054\/revisions"}],"predecessor-version":[{"id":16016,"href":"https:\/\/www.monapart.com\/magazine\/wp-json\/wp\/v2\/posts\/1054\/revisions\/16016"}],"wp:featuredmedia":[{"embeddable":true,"href":"https:\/\/www.monapart.com\/magazine\/wp-json\/wp\/v2\/media\/1055"}],"wp:attachment":[{"href":"https:\/\/www.monapart.com\/magazine\/wp-json\/wp\/v2\/media?parent=1054"}],"wp:term":[{"taxonomy":"category","embeddable":true,"href":"https:\/\/www.monapart.com\/magazine\/wp-json\/wp\/v2\/categories?post=1054"},{"taxonomy":"post_tag","embeddable":true,"href":"https:\/\/www.monapart.com\/magazine\/wp-json\/wp\/v2\/tags?post=1054"}],"curies":[{"name":"wp","href":"https:\/\/api.w.org\/{rel}","templated":true}]}}