{"id":104,"date":"2011-10-03T17:58:19","date_gmt":"2011-10-03T15:58:19","guid":{"rendered":"https:\/\/www.monapart.com\/magazine\/?p=104"},"modified":"2025-03-17T11:55:02","modified_gmt":"2025-03-17T10:55:02","slug":"lamparas-fase-1960-1980","status":"publish","type":"post","link":"https:\/\/www.monapart.com\/magazine\/hogar\/lamparas-fase-1960-1980","title":{"rendered":"L\u00e1mparas Fase (1960-1980)"},"content":{"rendered":"\n<h1 class=\"wp-block-heading\">L\u00e1mparas Fase (1960-1980)<\/h1>\n\n\n\n<h2 class=\"wp-block-heading\"><strong>El legado atemporal del dise\u00f1o industrial espa\u00f1ol<\/strong>.<\/h2>\n\n\n<div class='post-info'>3 de octubre de 2011 por <a href='https:\/\/www.monapart.com\/magazine\/autor\/monapart'>Monapart<\/a><\/div>\n\n\n\n<p><\/p>\n\n\n\n<p>Cuando se trata de <a href=\"https:\/\/www.monapart.com\/magazine\/hogar\/lampara-tmc-miguel-mila-1960\"><strong>l\u00e1mparas de dise\u00f1o<\/strong><\/a>, solemos mirar hacia Alemania (<strong><a href=\"\/node\/524\" target=\"_blank\" rel=\"noreferrer noopener\">Ingo Maurer<\/a><\/strong>), a Dinamarca (<strong><a href=\"\/node\/521\" target=\"_blank\" rel=\"noreferrer noopener\">Verner Panton<\/a><\/strong>), y a Italia (<strong><a href=\"\/node\/520\" target=\"_blank\" rel=\"noreferrer noopener\">Castiglioni<\/a><\/strong> y <strong><a href=\"\/node\/455\" target=\"_blank\" rel=\"noreferrer noopener\">Joe Colombo<\/a><\/strong>). Sin embargo, hoy hacemos una excepci\u00f3n y nos quedamos en casa. Y es curioso que lo hagamos, porque Espa\u00f1a no ha sido hist\u00f3ricamente un pa\u00eds con gran presencia en la escena internacional del dise\u00f1o industrial. Pero hay una excepci\u00f3n, y esa excepci\u00f3n tiene nombre: FASE.<\/p>\n\n\n\n<p><strong>FASE<\/strong> fue una empresa espa\u00f1ola que, durante los a\u00f1os 60 y 70, logr\u00f3 llevar sus l\u00e1mparas m\u00e1s all\u00e1 de nuestras fronteras, algo que pocas marcas nacionales consiguieron en aquella \u00e9poca. Sus dise\u00f1os han resistido el paso del tiempo con una elegancia que sigue cautivando a los amantes del dise\u00f1o vintage e industrial. <\/p>\n\n\n\n<p>La calidad de sus materiales y su factura impecable han hecho que sus piezas no solo sobrevivan, sino que sigan siendo altamente valoradas tanto por coleccionistas como por aquellos que buscan una pieza especial para su hogar u oficina.<\/p>\n\n\n\n<figure class=\"wp-block-image is-resized\"><img decoding=\"async\" src=\"https:\/\/magazine.monapart.com\/sites\/default\/files\/mediabrowser\/lampara-fase-decoracion-iluminacion_7.jpg\" alt=\"L\u00e1mpara FASE | Monapart \n\" style=\"width:640px;height:auto\"\/><\/figure>\n\n\n\n<p>Su calidad es sobresaliente, con metales, cromados, maderas y partes el\u00e9ctricas de primera, y la <strong>empresa de iluminaci\u00f3n<\/strong> hom\u00f3nima, pues nadie con nombre y apellidos puede llevarse el m\u00e9rito aqu\u00ed, produjo muchos ejemplares, lo que ha provocado que sea un dise\u00f1o muy popular y tambi\u00e9n que sea un producto relativamente f\u00e1cil de encontrar. Eso s\u00ed, la popularidad de estas piezas ha crecido tanto que sus precios han subido considerablemente en los \u00faltimos a\u00f1os, y hacerse con una en buen estado puede ser una inversi\u00f3n considerable.<\/p>\n\n\n\n<figure class=\"wp-block-image is-resized\"><img decoding=\"async\" src=\"https:\/\/magazine.monapart.com\/sites\/default\/files\/mediabrowser\/lampara-fase-decoracion-iluminacion_2.jpg\" alt=\"L\u00e1mpara FASE | Monapart \n\" style=\"width:661px;height:auto\"\/><\/figure>\n\n\n\n<figure class=\"wp-block-image is-resized\"><img decoding=\"async\" src=\"https:\/\/magazine.monapart.com\/sites\/default\/files\/mediabrowser\/lampara-fase-decoracion-iluminacion_5.jpg\" alt=\"L\u00e1mpara FASE | Monapart \n\" style=\"width:667px;height:auto\"\/><\/figure>\n\n\n<div class=\"wp-block-image\">\n<figure class=\"alignright is-resized\"><img decoding=\"async\" src=\"https:\/\/magazine.monapart.com\/sites\/default\/files\/mediabrowser\/lampara-fase-decoracion-iluminacion_6.jpg\" alt=\"L\u00e1mpara FASE | Monapart \n\" style=\"width:512px;height:auto\"\/><\/figure>\n<\/div>\n\n\n<p><\/p>\n\n\n\n<p>Uno de los modelos m\u00e1s ic\u00f3nicos de FASE es la <strong>l\u00e1mpara<\/strong> \u00abBoomerang\u00bb, que destaca por su base de madera curvada y su brazo met\u00e1lico articulado, lo que permite dirigir la luz con gran facilidad. Este modelo es quiz\u00e1s el m\u00e1s representativo del dise\u00f1o industrial espa\u00f1ol de aquellos a\u00f1os y ha sido objeto de deseo de muchos coleccionistas alrededor del mundo. Su est\u00e9tica elegante y su funcionalidad la han convertido en un cl\u00e1sico atemporal.<\/p>\n\n\n\n<p><\/p>\n\n\n\n<p><\/p>\n\n\n\n<p>Si prestas atenci\u00f3n, ver\u00e1s que las l\u00e1mparas FASE han aparecido en m\u00faltiples pel\u00edculas y series de televisi\u00f3n, algo que no suele ocurrir con objetos de dise\u00f1o espa\u00f1ol. Se pueden ver en el despacho de Don Draper en <em>Mad Men<\/em>, en la serie <em>House<\/em> y hasta en la oficina de Indiana Jones en alguna de sus pel\u00edculas. As\u00ed que la pr\u00f3xima vez que veas una en la pantalla, podr\u00e1s decir con total seguridad y con cierto aire de orgullo: \u00abEsa es una l\u00e1mpara FASE, un icono del dise\u00f1o espa\u00f1ol\u00bb.<\/p>\n\n\n\n<figure class=\"wp-block-image\"><img decoding=\"async\" src=\"https:\/\/magazine.monapart.com\/sites\/default\/files\/mediabrowser\/lampara-fase-mad-men.jpg\" alt=\"Mad Men | Monapart \n\"\/><\/figure>\n\n\n\n<p>A pesar de su \u00e9xito y reconocimiento, la empresa FASE termin\u00f3 desapareciendo, dejando tras de s\u00ed un legado de dise\u00f1o que hoy sigue vivo gracias al mercado del coleccionismo y la apreciaci\u00f3n por lo vintage. Aunque no se pueda comprar una l\u00e1mpara FASE nueva, muchas de ellas siguen circulando en tiendas de segunda mano y plataformas especializadas, esperando ser redescubiertas por nuevos admiradores del dise\u00f1o industrial de calidad.<\/p>\n\n\n\n<p>En el panorama del dise\u00f1o espa\u00f1ol, donde los espejos sol y otras piezas de mobiliario tambi\u00e9n ocupan un lugar destacado, las l\u00e1mparas FASE han logrado algo que pocos objetos consiguen: ser reconocidas y admiradas a nivel internacional sin necesidad de grandes campa\u00f1as de marketing ni nombres de dise\u00f1adores famosos detr\u00e1s. <\/p>\n\n\n\n<p>Es, en definitiva, un s\u00edmbolo de lo bien hecho, de lo duradero, y de c\u00f3mo un buen dise\u00f1o puede trascender d\u00e9cadas sin perder un \u00e1pice de su atractivo.<\/p>\n\n\n\n<p><\/p>\n","protected":false},"excerpt":{"rendered":"<p>En cuanto a l\u00e1mparas, nos hemos ido a Alemania (Ingo Maurer), a Dinamarca (Verner Panton), y a Italia (Castiglioni y Joe Colombo), un par de veces. Hoy nos quedamos en casa.<\/p>\n","protected":false},"author":3,"featured_media":105,"comment_status":"closed","ping_status":"closed","sticky":false,"template":"","format":"standard","meta":{"_acf_changed":false,"footnotes":""},"categories":[2844,2846],"tags":[2881,2870,2871],"class_list":["post-104","post","type-post","status-publish","format-standard","has-post-thumbnail","hentry","category-hogar","category-espacios-y-vida","tag-mobiliario","tag-diseno","tag-interiorismo"],"acf":[],"_links":{"self":[{"href":"https:\/\/www.monapart.com\/magazine\/wp-json\/wp\/v2\/posts\/104","targetHints":{"allow":["GET"]}}],"collection":[{"href":"https:\/\/www.monapart.com\/magazine\/wp-json\/wp\/v2\/posts"}],"about":[{"href":"https:\/\/www.monapart.com\/magazine\/wp-json\/wp\/v2\/types\/post"}],"author":[{"embeddable":true,"href":"https:\/\/www.monapart.com\/magazine\/wp-json\/wp\/v2\/users\/3"}],"replies":[{"embeddable":true,"href":"https:\/\/www.monapart.com\/magazine\/wp-json\/wp\/v2\/comments?post=104"}],"version-history":[{"count":0,"href":"https:\/\/www.monapart.com\/magazine\/wp-json\/wp\/v2\/posts\/104\/revisions"}],"wp:featuredmedia":[{"embeddable":true,"href":"https:\/\/www.monapart.com\/magazine\/wp-json\/wp\/v2\/media\/105"}],"wp:attachment":[{"href":"https:\/\/www.monapart.com\/magazine\/wp-json\/wp\/v2\/media?parent=104"}],"wp:term":[{"taxonomy":"category","embeddable":true,"href":"https:\/\/www.monapart.com\/magazine\/wp-json\/wp\/v2\/categories?post=104"},{"taxonomy":"post_tag","embeddable":true,"href":"https:\/\/www.monapart.com\/magazine\/wp-json\/wp\/v2\/tags?post=104"}],"curies":[{"name":"wp","href":"https:\/\/api.w.org\/{rel}","templated":true}]}}