{"id":1014,"date":"2021-01-18T11:22:45","date_gmt":"2021-01-18T10:22:45","guid":{"rendered":"https:\/\/www.monapart.com\/magazine\/?p=1014"},"modified":"2025-04-11T11:03:26","modified_gmt":"2025-04-11T09:03:26","slug":"entrevista-silvia-castello","status":"publish","type":"post","link":"https:\/\/www.monapart.com\/magazine\/hogar\/entrevista-silvia-castello","title":{"rendered":"Arte, moda y color (sobre todo un color): Entrevista a S\u00edlvia Castell\u00f3"},"content":{"rendered":"\n<h1 class=\"wp-block-heading\">Arte, moda y color (sobre todo un color): Entrevista a S\u00edlvia Castell\u00f3<\/h1>\n\n\n\n<h2 class=\"wp-block-heading\">Pero en esta entrevista nos adentramos en toda una instituci\u00f3n en el mundo de la costura.<\/h2>\n\n\n<div class='post-info'>18 de enero de 2021 por <a href='https:\/\/www.monapart.com\/magazine\/autor\/monapart'>Monapart<\/a><\/div>\n\n\n\n<figure class=\"wp-block-embed is-type-rich is-provider-gestor-del-servicio wp-block-embed-gestor-del-servicio wp-embed-aspect-16-9 wp-has-aspect-ratio\"><div class=\"wp-block-embed__wrapper\">\n<iframe loading=\"lazy\" title=\"S\u00c9 COSER - Qstura\" width=\"500\" height=\"281\" src=\"https:\/\/www.youtube.com\/embed\/b_ifvQBgnd8?feature=oembed\" frameborder=\"0\" allow=\"accelerometer; autoplay; clipboard-write; encrypted-media; gyroscope; picture-in-picture; web-share\" referrerpolicy=\"strict-origin-when-cross-origin\" allowfullscreen><\/iframe>\n<\/div><\/figure>\n\n\n\n<h3 class=\"wp-block-heading\">Esta no es nuestra primera incursi\u00f3n en el mundo del\u00a0<a href=\"\/node\/3182\">arte textil<\/a>.  Nos referimos a\u00a0<a href=\"http:\/\/qstura.cat\/?lang=es\" target=\"_blank\" rel=\"noopener\">Qstura<\/a>, una escuela ubicada en Girona desde donde se imparten cursos online y presenciales de dise\u00f1o, patronaje y confecci\u00f3n (entre ellos, un diploma propio en Moda y Textil), con una filosof\u00eda cargada de valores como la sostenibilidad y la innovaci\u00f3n. Hablamos con\u00a0<a href=\"https:\/\/www.instagram.com\/silviacastelloduran\/\" target=\"_blank\" rel=\"noopener\">S\u00edlvia Castell\u00f3<\/a>, su directora, quien nos explica cu\u00e1ndo naci\u00f3 esta pasi\u00f3n, cu\u00e1les son sus fuentes de inspiraci\u00f3n y cu\u00e1l es el color que llena \u2013literalmente\u2013 todos los rincones de su vida.\u00a0<\/h3>\n\n\n\n<h5 class=\"wp-block-heading has-medium-font-size\">H\u00e1blanos de ti y de tu trabajo. \u00bfD\u00f3nde naci\u00f3 tu vocaci\u00f3n? \u00bfAlg\u00fan primer recuerdo?<\/h5>\n\n\n\n<p>Qstura \u00e9s un proyecto de vida. De peque\u00f1a, por diferentes motivos familiares, no fu\u00ed a la escuela, estuve aislada del mundo hasta los 19 a\u00f1os\u2026 Pero cuando ten\u00eda 11 a\u00f1os me regalaron una m\u00e1quina de coser, y esa fu\u00e9 mi salvaci\u00f3n y mi libertad\u2026 Empec\u00e9 a crear y a coser a todas horas, imagin\u00e1ndome un mundo diferente, creativo y libre, que con los a\u00f1os he hecho realidad, \u00a1esa es la verdadera transformaci\u00f3n de la costura que transmito en mi escuela y en mis proyectos!<\/p>\n\n\n\n<figure class=\"wp-block-image\"><img decoding=\"async\" src=\"https:\/\/www.monapart.com\/sites\/default\/files\/styles\/scale_960xn_\/public\/mediabrowser\/silvia_castello_1.png?itok=251CSgmt\" alt=\"Arte, moda y color (sobre todo un color): Entrevista a S\u00edlvia Castell\u00f3\" title=\"Silvia Castell\u00f3\"\/><\/figure>\n\n\n\n<h5 class=\"wp-block-heading has-medium-font-size\">\u00bfQu\u00e9 es lo que m\u00e1s te satisface de tu trabajo? \u00bfAlguno del que te sientas especialmente orgullosa?<\/h5>\n\n\n\n<p>Esta conexi\u00f3n conmigo misma, poder transmitirla a nuestros alumnos y que puedan sentirla con la costura.<\/p>\n\n\n\n<h5 class=\"wp-block-heading has-medium-font-size\">\u00bfC\u00f3mo es tu proceso creativo? \u00bfCu\u00e1les son tus fuentes de inspiraci\u00f3n? \u00bfAlguna m\u00fasica en especial mientras trabajas?<\/h5>\n\n\n\n<p>Mi proceso creativo empieza por pensar c\u00f3mo soy, imagino c\u00f3mo me gustar\u00eda que fuera mi proyecto, y c\u00f3mo quiero que exprese mis valores\u2026 Si es coherente, dejo pasar unas horas, a veces d\u00edas\u2026 \u00a1y surge la magia! Despu\u00e9s comparto mi idea, para certificar que funciona.<\/p>\n\n\n\n<p>M\u00fasica, s\u00ed. \u00a1Positiva y marchosa!<\/p>\n\n\n\n<figure class=\"wp-block-image\"><img decoding=\"async\" src=\"https:\/\/www.monapart.com\/sites\/default\/files\/styles\/scale_960xn_\/public\/mediabrowser\/silvia_castello_4.jpg?itok=oRPdHPWE\" alt=\"Arte, moda y color (sobre todo un color): Entrevista a S\u00edlvia Castell\u00f3 | Monapart \" title=\"Silvia Castell\u00f3\"\/><\/figure>\n\n\n\n<h5 class=\"wp-block-heading has-medium-font-size\">Color, libro, peli y disco favoritos. \u00a1Por este orden!<\/h5>\n\n\n\n<p>\u00a1Lila!<\/p>\n\n\n\n<p><em>Siempre Adelante<\/em>&nbsp;de O. S. Marden (editado en Espa\u00f1a por <a href=\"https:\/\/www.todostuslibros.com\/libros\/siempre-adelante_978-84-943628-8-0\" target=\"_blank\" rel=\"noopener\">Biblok Book Export<\/a>).<\/p>\n\n\n\n<p><em>Sonrisas y l\u00e1grimas.<\/em><\/p>\n\n\n\n<p><em>My Way<\/em>, de Frank Sinatra.<\/p>\n\n\n\n<h5 class=\"wp-block-heading has-medium-font-size\">\u00bfEs tu casa reflejo de quien eres? Cu\u00e9ntanos a qu\u00e9 huele, tu rinc\u00f3n favorito, tu objeto decorativo o mueble fetiche, si atesoras alguna colecci\u00f3n\u2026 Y si tienes mascota, \u00a1pres\u00e9ntanosla!<\/h5>\n\n\n\n<p>Siiii, es un buen reflejo, \u00a1adem\u00e1s la hicimos nosotros hace menos de un a\u00f1o! Todo sencillo, blanco y gris, antracita y notas de color madera, con un mont\u00f3n de creatividad y dise\u00f1o solo en los tejidos de color lila, en diferentes texturas y tonos. Mi mascota, c\u00f3mo no, \u00a1se llama LILA!<\/p>\n\n\n\n<figure class=\"wp-block-image\"><img decoding=\"async\" src=\"https:\/\/magazine.monapart.com\/sites\/default\/files\/mediabrowser\/silvia_castello_3.jpg\" alt=\"Arte, moda y color (sobre todo un color): Entrevista a S\u00edlvia Castell\u00f3 | Monapart \"\/><\/figure>\n\n\n\n<h5 class=\"wp-block-heading has-medium-font-size\">Si pudieras comprarte cualquier cosa ahora mismo y llev\u00e1rtela a casa, \u00bfcu\u00e1l ser\u00eda? \u00a1Cualquier cosa!<\/h5>\n\n\n\n<p>Pues mira\u2026 \u00a1estoy mirando de comprarme un Mini Cooper y voy a pintarlo de color lila!<\/p>\n\n\n\n<h5 class=\"wp-block-heading has-medium-font-size\">Un planazo en casa siempre incluye\u2026<\/h5>\n\n\n\n<p>Filosof\u00edas y bailes en la cocina, huerto, familia\u2026 \u00a1y coser! (En la foto, concierto con distancia social en el jard\u00edn de casa de S\u00edlvia.)<\/p>\n\n\n\n<figure class=\"wp-block-image\"><img decoding=\"async\" src=\"https:\/\/www.monapart.com\/sites\/default\/files\/styles\/scale_960xn_\/public\/mediabrowser\/silvia_castello_7.jpeg?itok=RHQKlTGz\" alt=\"Arte, moda y color (sobre todo un color): Entrevista a S\u00edlvia Castell\u00f3 | Monapart \" title=\"Silvia Castell\u00f3\"\/><\/figure>\n\n\n\n<h5 class=\"wp-block-heading has-medium-font-size\"><strong>\u00bfTienes alg\u00fan plato estrella?<\/strong><\/h5>\n\n\n\n<p>\u00a1Arroz!<\/p>\n\n\n\n<h5 class=\"wp-block-heading has-medium-font-size\">\u00bfCu\u00e1l es tu lugar favorito en tu ciudad? \u00bfY en el extranjero?<\/h5>\n\n\n\n<p>La Catedral de Girona, con su inmensidad\u2026 Siempre que necesito respirar y encontrar silencio, voy ah\u00ed. En el extranjero, Par\u00eds.<\/p>\n\n\n\n<h5 class=\"wp-block-heading has-medium-font-size\">Algo que nos quieras contar y que no te hayamos preguntado. \u00a1Habla ahora o calla para siempre!<\/h5>\n\n\n\n<p>Me gustar\u00eda hablaros de Elisabet, Judit y Carles, mis tesoros\u2026 un lujo ser madre las 24 horas. Y de Enric\u2026 mi gran amigo y compa\u00f1ero de camino.<\/p>\n\n\n\n<figure class=\"wp-block-image\"><img decoding=\"async\" src=\"https:\/\/www.monapart.com\/sites\/default\/files\/styles\/scale_960xn_\/public\/mediabrowser\/silvia_castello_8.jpeg?itok=3LIZ0XMG\" alt=\"Arte, moda y color (sobre todo un color): Entrevista a S\u00edlvia Castell\u00f3 | Monapart \" title=\"Silvia Castell\u00f3\"\/><\/figure>\n\n\n\n<h3 class=\"wp-block-heading\">Con una vida marcada por la transformaci\u00f3n personal y creativa, S\u00edlvia ha convertido la costura en un lenguaje propio, en una forma de empoderamiento y expresi\u00f3n. Desde Qstura, comparte este viaje con quienes, como ella, creen que coser es mucho m\u00e1s que unir telas: es trazar caminos, construir sue\u00f1os\u2026 y, por qu\u00e9 no, pintarlos de lila.<\/h3>\n\n\n\n<p><\/p>\n","protected":false},"excerpt":{"rendered":"<p>Esta no es nuestra primera incursi\u00f3n en el mundo del\u00a0arte textil.  Nos referimos a\u00a0Qstura, una escuela ubicada en Girona desde donde se imparten cursos online y presenciales de dise\u00f1o, patronaje y confecci\u00f3n (entre ellos, un diploma propio en Moda y Textil), con una filosof\u00eda cargada de valores como la sostenibilidad y la innovaci\u00f3n. Hablamos con\u00a0S\u00edlvia Castell\u00f3, su directora, quien nos explica cu\u00e1ndo naci\u00f3 esta pasi\u00f3n, cu\u00e1les son sus fuentes de inspiraci\u00f3n y cu\u00e1l es el color que llena \u2013literalmente\u2013 todos los rincones de su vida.\u00a0<\/p>\n","protected":false},"author":3,"featured_media":1015,"comment_status":"closed","ping_status":"closed","sticky":false,"template":"","format":"standard","meta":{"_acf_changed":false,"footnotes":""},"categories":[2844,2845],"tags":[2868,2870],"class_list":["post-1014","post","type-post","status-publish","format-standard","has-post-thumbnail","hentry","category-hogar","category-mi-monapart","tag-arte","tag-diseno"],"acf":[],"_links":{"self":[{"href":"https:\/\/www.monapart.com\/magazine\/wp-json\/wp\/v2\/posts\/1014","targetHints":{"allow":["GET"]}}],"collection":[{"href":"https:\/\/www.monapart.com\/magazine\/wp-json\/wp\/v2\/posts"}],"about":[{"href":"https:\/\/www.monapart.com\/magazine\/wp-json\/wp\/v2\/types\/post"}],"author":[{"embeddable":true,"href":"https:\/\/www.monapart.com\/magazine\/wp-json\/wp\/v2\/users\/3"}],"replies":[{"embeddable":true,"href":"https:\/\/www.monapart.com\/magazine\/wp-json\/wp\/v2\/comments?post=1014"}],"version-history":[{"count":1,"href":"https:\/\/www.monapart.com\/magazine\/wp-json\/wp\/v2\/posts\/1014\/revisions"}],"predecessor-version":[{"id":16072,"href":"https:\/\/www.monapart.com\/magazine\/wp-json\/wp\/v2\/posts\/1014\/revisions\/16072"}],"wp:featuredmedia":[{"embeddable":true,"href":"https:\/\/www.monapart.com\/magazine\/wp-json\/wp\/v2\/media\/1015"}],"wp:attachment":[{"href":"https:\/\/www.monapart.com\/magazine\/wp-json\/wp\/v2\/media?parent=1014"}],"wp:term":[{"taxonomy":"category","embeddable":true,"href":"https:\/\/www.monapart.com\/magazine\/wp-json\/wp\/v2\/categories?post=1014"},{"taxonomy":"post_tag","embeddable":true,"href":"https:\/\/www.monapart.com\/magazine\/wp-json\/wp\/v2\/tags?post=1014"}],"curies":[{"name":"wp","href":"https:\/\/api.w.org\/{rel}","templated":true}]}}