{"id":976,"date":"2020-05-14T09:33:46","date_gmt":"2020-05-14T07:33:46","guid":{"rendered":"https:\/\/www.monapart.com\/magazine\/?p=976"},"modified":"2025-04-14T13:48:15","modified_gmt":"2025-04-14T11:48:15","slug":"com-vius-la-teva-llar-en-temps-de-confinament-jose-luis-echeverria-a-beteve","status":"publish","type":"post","link":"https:\/\/www.monapart.com\/magazine\/en\/noticias\/com-vius-la-teva-llar-en-temps-de-confinament-jose-luis-echeverria-a-beteve","title":{"rendered":"Com vius la teva llar en temps de confinament? Jos\u00e9 Luis Echeverr\u00eda, a Betev\u00e9"},"content":{"rendered":"<h1 class=\"wp-block-heading\">Com vius la teva llar en temps de confinament? Jos\u00e9 Luis Echeverr\u00eda, a Betev\u00e9<\/h1>\n\n\n\n<h2 class=\"wp-block-heading\">Jos\u00e9 Luis Echeverr\u00eda, soci fundador de Monapart, d\u00f3na detalls de com vivim el confinament a casa i quina repercussi\u00f3 tindr\u00e0 en el futur.<\/h2>\n\n\n<div class='post-info'>14 de May de 2020 por <a href='https:\/\/www.monapart.com\/magazine\/en\/autor\/monapart'>Monapart<\/a><\/div>\n\n\n\n<p>En temps de confinament, les persones han hagut d\u2019adaptar els espais de les seves llars&nbsp;per poder dur a terme les noves rutines di\u00e0ries. Fer exercici f\u00edsic, teletreballar, netejar o fer rebosteria s\u00f3n algunes de les activitats que m\u00e9s s\u2019han repetit al llarg d\u2019aquest per\u00edode. I aix\u00ed ho constata <a href=\"https:\/\/www.monapart.com\/es\/magazine\/noticias\/tu-hogar-en-tiempos-de-confinamiento\" target=\"_blank\" rel=\"noreferrer noopener\">l\u2019estudi realitzat per Monapart, conjuntament amb la&nbsp;Universitat Polit\u00e8cnica de Catalunya<\/a>, que recull quins han estat els h\u00e0bits de&nbsp;938 habitatges&nbsp;de tot el territori al llarg d\u2019aquesta crisi sanit\u00e0ria causada pel coronavirus, i com ens preparem per a la incipient \u201cnova normalitat\u201d. Betev\u00e9 se&#8217;n fa ress\u00f2 en <a href=\"https:\/\/beteve.cat\/societat\/com-utilitzem-la-nostra-llar-en-temps-de-confinament\/\" target=\"_blank\" rel=\"noreferrer noopener\">aquesta pe\u00e7a informativa<\/a>, que compta amb les valoracions de Jos\u00e9 Luis Echeverr\u00eda, soci de Monapart.<\/p>\n\n\n\n<h5 class=\"wp-block-heading has-medium-font-size\"><strong>Temps per descobrir noves aficions<\/strong><\/h5>\n\n\n\n<p>L\u2019estudi ha constatat <strong>la polival\u00e8ncia en l\u2019\u00fas que fem de l\u2019habitatge en ple confinament<\/strong>.&nbsp;Un <strong>67%<\/strong> el destinen a practicar <strong>exercici f\u00edsic<\/strong>, sigui o b\u00e9 al menjador o b\u00e9 al passad\u00eds. En segon lloc, un&nbsp;<strong>48,2%<\/strong>&nbsp;de les persones enquestades ha assegurat que <strong>l\u2019utilitzen per&nbsp;teletreballar<\/strong>&nbsp;i un&nbsp;<strong>40%&nbsp;aprofiten per&nbsp;netejar a fons i cuinar<\/strong>. En Jos\u00e9 Luis Echeverr\u00eda, soci de Monapart, remarca com aquest confinament tamb\u00e9 ha servit per descobrir noves aficions: <em>\u201cSobretot hi ha hagut un augment de les manualitats i treballs de car\u00e0cter art\u00edstic i tamb\u00e9 la jardineria, tot i no tenir grans terrasses\u201d.<\/em><\/p>\n\n\n\n<figure class=\"wp-block-image\"><img decoding=\"async\" src=\"https:\/\/www.monapart.com\/sites\/default\/files\/styles\/scale_960xn_\/public\/mediabrowser\/01-llar-temps-confinament-monapart-beteve.jpeg?itok=EWYVyP18\" alt=\"Com vius la teva llar en temps de confinament? Jos\u00e9 Luis Echeverr\u00eda, a Betev\u00e9 | Monapart \"\/><\/figure>\n\n\n\n<h5 class=\"wp-block-heading has-medium-font-size\"><strong>Estem a gust o no a casa?<\/strong><\/h5>\n\n\n\n<p>Aquesta investigaci\u00f3 tamb\u00e9 ha volgut reflectir si les persones es troben a gust o no a casa seva. Els resultats mostren com m\u00e9s de la meitat,&nbsp;<strong>un 53,6% s\u00ed que se senten c\u00f2modes<\/strong>. En canvi, hi ha una petita minoria, <strong>un 7%, que no ho est\u00e0<\/strong>. De fet, segons els investigadors \u00e9s normal que no tothom estigui conforme, ja que s\u2019ha passat de viure a sobreviure. <em>\"<strong>Aqu\u00ed no s\u2019ha fet un \u00fas de l\u2019habitatge, s\u2019ha fet un ab\u00fas<\/strong>.&nbsp;Aquest \u00fas intensiu ha portat a l\u2019habitatge fins a les darreres conseq\u00fc\u00e8ncies i s\u2019ha vist com hi ha coses per les quals l\u2019habitatge no est\u00e0 preparat\u201d<\/em>, afirma en Jos\u00e9 Luis.<\/p>\n\n\n\n<figure class=\"wp-block-image\"><img decoding=\"async\" src=\"https:\/\/www.monapart.com\/sites\/default\/files\/styles\/scale_960xn_\/public\/mediabrowser\/02-llar-temps-confinament-monapart-beteve.jpeg?itok=QmEbSfMh\" alt=\"Com vius la teva llar en temps de confinament? Jos\u00e9 Luis Echeverr\u00eda, a Betev\u00e9 | Monapart \"\/><\/figure>\n\n\n\n<p><strong>Canvis de cara al futur<\/strong><\/p>\n\n\n\n<p>El confinament ha constatat que, en molts casos, hi ha certes mancances en els habitatges&nbsp;i que aquests no estan adaptats per dur a terme les activitats di\u00e0ries. <em>\u201cHi hauria d\u2019haver un habitatge una mica m\u00e9s gen\u00e8ric i no tan especialitzat. Hi ha hagut una&nbsp;tend\u00e8ncia on els balcons han anat desapareixent&nbsp;i ara es veu que tenir un balc\u00f3 que et permeti una incorporaci\u00f3 de l\u2019exterior pot ser molt valuosa. I a m\u00e9s, els canvis que veurem \u00e9s que tots els pl\u00e0nols d\u2019obra nova incorporaran un despatx\u201d <\/em>conclou en Jos\u00e9 Luis.<\/p>\n\n\n\n<p>El confinament tamb\u00e9 ha obert els ulls a moltes fam\u00edlies, <strong>que han descobert que poden <em>hackejar<\/em> certs espais per fer-los m\u00e9s profitosos<\/strong>. \u00c9s per aix\u00f2 que&nbsp;un 13,3% preveu fer canvis en alguna habitaci\u00f3&nbsp;i&nbsp;un 15% t\u00e9 pensat fer alguna modificaci\u00f3&nbsp;que implicaria una petita obra.<\/p>\n\n\n\n<figure class=\"wp-block-image\"><img decoding=\"async\" src=\"https:\/\/www.monapart.com\/sites\/default\/files\/styles\/scale_960xn_\/public\/mediabrowser\/03-llar-temps-confinament-monapart-beteve.jpeg?itok=tkPam-gI\" alt=\"Com vius la teva llar en temps de confinament? Jos\u00e9 Luis Echeverr\u00eda, a Betev\u00e9 | Monapart \"\/><\/figure>\n\n\n\n<p><strong>Col\u00b7laboraci\u00f3 amb l\u2019Universitat Polit\u00e8cnica de Catalunya<\/strong><\/p>\n\n\n\n<p>The <strong>Grup d\u2019Investigaci\u00f3 \u00abHabitar\u00bb de la UPC <\/strong>est\u00e0 dirigit pel catedr\u00e0tic de projectes&nbsp;<a href=\"http:\/\/www.cccb.org\/es\/participantes\/ficha\/xavier-monteys\/6949\" target=\"_blank\" rel=\"noreferrer noopener\">Xavier Monteys<\/a>, i t\u00e9 com a objectiu l&#8217;estudi de l&#8217;h\u00e0bitat hum\u00e0 com a entorn en qu\u00e8 es desenvolupen les formes de vida actuals. La situaci\u00f3 de crisi sanit\u00e0ria iniciada a mitjans de mar\u00e7, que ha implicat un confinament total a casa, \u00e9s un motiu d&#8217;estudi imperdible per comprendre com vivim (o sobrevivim) en aquestes condicions \u00faniques.<\/p>","protected":false},"excerpt":{"rendered":"<p>En temps de confinament, les persones han hagut d\u2019adaptar els espais de les seves llars\u00a0per poder dur a terme les noves rutines di\u00e0ries. Fer exercici f\u00edsic, teletreballar, netejar o fer rebosteria s\u00f3n algunes de les activitats que m\u00e9s s\u2019han repetit al llarg d\u2019aquest per\u00edode. I aix\u00ed ho constata l\u2019estudi realitzat per Monapart, conjuntament amb la\u00a0Universitat Polit\u00e8cnica de Catalunya, que recull quins han estat els h\u00e0bits de\u00a0938 habitatges\u00a0de tot el territori al llarg d\u2019aquesta crisi sanit\u00e0ria causada pel coronavirus, i com ens preparem per a la incipient \u201cnova normalitat\u201d. Betev\u00e9 se&#8217;n fa ress\u00f2 en aquesta pe\u00e7a informativa, que compta amb les valoracions de Jos\u00e9 Luis Echeverr\u00eda, soci de Monapart.<\/p>","protected":false},"author":3,"featured_media":977,"comment_status":"closed","ping_status":"closed","sticky":false,"template":"","format":"standard","meta":{"_acf_changed":false,"footnotes":""},"categories":[2852,2853],"tags":[3232],"class_list":["post-976","post","type-post","status-publish","format-standard","has-post-thumbnail","hentry","category-noticias","category-hablan-de-nosotros","tag-tv"],"acf":[],"_links":{"self":[{"href":"https:\/\/www.monapart.com\/magazine\/en\/wp-json\/wp\/v2\/posts\/976","targetHints":{"allow":["GET"]}}],"collection":[{"href":"https:\/\/www.monapart.com\/magazine\/en\/wp-json\/wp\/v2\/posts"}],"about":[{"href":"https:\/\/www.monapart.com\/magazine\/en\/wp-json\/wp\/v2\/types\/post"}],"author":[{"embeddable":true,"href":"https:\/\/www.monapart.com\/magazine\/en\/wp-json\/wp\/v2\/users\/3"}],"replies":[{"embeddable":true,"href":"https:\/\/www.monapart.com\/magazine\/en\/wp-json\/wp\/v2\/comments?post=976"}],"version-history":[{"count":1,"href":"https:\/\/www.monapart.com\/magazine\/en\/wp-json\/wp\/v2\/posts\/976\/revisions"}],"predecessor-version":[{"id":16166,"href":"https:\/\/www.monapart.com\/magazine\/en\/wp-json\/wp\/v2\/posts\/976\/revisions\/16166"}],"wp:featuredmedia":[{"embeddable":true,"href":"https:\/\/www.monapart.com\/magazine\/en\/wp-json\/wp\/v2\/media\/977"}],"wp:attachment":[{"href":"https:\/\/www.monapart.com\/magazine\/en\/wp-json\/wp\/v2\/media?parent=976"}],"wp:term":[{"taxonomy":"category","embeddable":true,"href":"https:\/\/www.monapart.com\/magazine\/en\/wp-json\/wp\/v2\/categories?post=976"},{"taxonomy":"post_tag","embeddable":true,"href":"https:\/\/www.monapart.com\/magazine\/en\/wp-json\/wp\/v2\/tags?post=976"}],"curies":[{"name":"wp","href":"https:\/\/api.w.org\/{rel}","templated":true}]}}