{"id":556,"date":"2016-01-22T12:40:29","date_gmt":"2016-01-22T11:40:29","guid":{"rendered":"https:\/\/www.monapart.com\/magazine\/?p=556"},"modified":"2025-07-03T09:46:34","modified_gmt":"2025-07-03T07:46:34","slug":"la-recuperacio-del-sector-immobiliari","status":"publish","type":"post","link":"https:\/\/www.monapart.com\/magazine\/en\/noticias\/la-recuperacio-del-sector-immobiliari","title":{"rendered":"La recuperaci\u00f3 del sector immobiliari"},"content":{"rendered":"<h1 class=\"wp-block-heading\">La recuperaci\u00f3 del sector immobiliari <\/h1>\n\n\n\n<h2 class=\"wp-block-heading\">A continuaci\u00f3 transcrivim un extracte de la noticia on es cita Monapart com exemple d\u2019aquest ressorgiment del negoci. Si vols llegir l&#8217;article original clica <a href=\"http:\/\/www.ara.cat\/suplements\/emprenem\/venda-pisos-torna-peu-carrer_0_1505849418.html\" target=\"_blank\" rel=\"noreferrer noopener\">here<\/a>.<\/h2>\n\n\n<div class='post-info'>22 de January de 2016 por <a href=\"https:\/\/www.monapart.com\/magazine\/en\/autor\/monapart\">Monapart<\/a><\/div>\n\n\n\n<p>Diari Ara | 17.01.206 | Xavier Grau<\/p>\n\n\n\n<p>El periodista Xavier Grau va publicar el passat cap de setmana l\u2019article <em>La venda de pisos a peu de carrer<\/em> en el <strong><a href=\"http:\/\/www.ara.cat\/\" target=\"_blank\" rel=\"noreferrer noopener\">Diari Ara<\/a><\/strong> on parla de la <strong>recuperaci\u00f3 del sector immobiliari<\/strong> i de la proliferaci\u00f3 de noves <strong>franqu\u00edcies<\/strong>.<\/p>\n\n\n\n<figure class=\"wp-block-image is-resized\"><img decoding=\"async\" src=\"https:\/\/magazine.monapart.com\/sites\/default\/files\/mediabrowser\/diari_ara-recuperacio-del-sector-immobiliari.jpg\" alt=\"La recuperaci\u00f3 del sector immobiliari | Monapart \" style=\"width:840px;height:auto\"\/><\/figure>\n\n\n\n<p>\u201cEl creixement no es limita nom\u00e9s a les grans empreses. Altres de m\u00e9s petites i especialitzades tamb\u00e9 estan obrint oficines. Per exemple la catalana Monapart. Busca habitatges que destaquen per l\u2019est\u00e8tica, una categoria en qu\u00e8 entrarien les finques r\u00e8gies. Nascuda el 2010 a Barcelona, aquesta companyia aborda ara un pla d\u2019expansi\u00f3. Est\u00e0 present a Alacant, Barcelona i Palma, per\u00f2 pensa obrir m\u00e9s oficines en altres localitats.\u201d<\/p>","protected":false},"excerpt":{"rendered":"<p>A continuaci\u00f3 transcrivim un extracte de la noticia on es cita Monapart com exemple d\u2019aquest ressorgiment del negoci. Si vols llegir l&#8217;article original clica aqu\u00ed.<\/p>","protected":false},"author":3,"featured_media":557,"comment_status":"closed","ping_status":"closed","sticky":false,"template":"","format":"standard","meta":{"_acf_changed":false,"footnotes":""},"categories":[2852,2854],"tags":[2905],"class_list":["post-556","post","type-post","status-publish","format-standard","has-post-thumbnail","hentry","category-noticias","category-actualidad","tag-prensa"],"acf":[],"_links":{"self":[{"href":"https:\/\/www.monapart.com\/magazine\/en\/wp-json\/wp\/v2\/posts\/556","targetHints":{"allow":["GET"]}}],"collection":[{"href":"https:\/\/www.monapart.com\/magazine\/en\/wp-json\/wp\/v2\/posts"}],"about":[{"href":"https:\/\/www.monapart.com\/magazine\/en\/wp-json\/wp\/v2\/types\/post"}],"author":[{"embeddable":true,"href":"https:\/\/www.monapart.com\/magazine\/en\/wp-json\/wp\/v2\/users\/3"}],"replies":[{"embeddable":true,"href":"https:\/\/www.monapart.com\/magazine\/en\/wp-json\/wp\/v2\/comments?post=556"}],"version-history":[{"count":4,"href":"https:\/\/www.monapart.com\/magazine\/en\/wp-json\/wp\/v2\/posts\/556\/revisions"}],"predecessor-version":[{"id":17830,"href":"https:\/\/www.monapart.com\/magazine\/en\/wp-json\/wp\/v2\/posts\/556\/revisions\/17830"}],"wp:featuredmedia":[{"embeddable":true,"href":"https:\/\/www.monapart.com\/magazine\/en\/wp-json\/wp\/v2\/media\/557"}],"wp:attachment":[{"href":"https:\/\/www.monapart.com\/magazine\/en\/wp-json\/wp\/v2\/media?parent=556"}],"wp:term":[{"taxonomy":"category","embeddable":true,"href":"https:\/\/www.monapart.com\/magazine\/en\/wp-json\/wp\/v2\/categories?post=556"},{"taxonomy":"post_tag","embeddable":true,"href":"https:\/\/www.monapart.com\/magazine\/en\/wp-json\/wp\/v2\/tags?post=556"}],"curies":[{"name":"wp","href":"https:\/\/api.w.org\/{rel}","templated":true}]}}