{"id":532,"date":"2015-09-10T17:24:59","date_gmt":"2015-09-10T15:24:59","guid":{"rendered":"https:\/\/www.monapart.com\/magazine\/?p=532"},"modified":"2025-07-03T11:47:33","modified_gmt":"2025-07-03T09:47:33","slug":"monapart-participa-en-el-iv-mercado-de-diseno-de-alicante","status":"publish","type":"post","link":"https:\/\/www.monapart.com\/magazine\/en\/noticias\/monapart-participa-en-el-iv-mercado-de-diseno-de-alicante","title":{"rendered":"Monapart participa en el IV Mercado de Dise\u00f1o de Alicante"},"content":{"rendered":"<h1 class=\"wp-block-heading\">Monapart participa en el IV Mercado de Dise\u00f1o de Alicante<\/h1>\n\n\n\n<h2 class=\"wp-block-heading\">Por segunda vez consecutiva, <a href=\"\/magazine\/en\/node\/4\/\">Monapart Alicante<\/a> estar\u00e1 presente en el <a href=\"http:\/\/www.mercadodise\u00f1oalicante.es\/\" target=\"_blank\" rel=\"noreferrer noopener\"><strong>Alicante Design Market<\/strong><\/a> que celebra su cuarta edici\u00f3n los d\u00edas 11, 12 y 13 de septiembre en el recinto de <a href=\"http:\/\/www.cigarreras.es\/\" target=\"_blank\" rel=\"noreferrer noopener\">Las Cigarreras Centro Cultural<\/a> (c\/ San Carlos 78).<\/h2>\n\n\n<div class='post-info'>10 de September de 2015 por <a href=\"https:\/\/www.monapart.com\/magazine\/en\/autor\/monapart\">Monapart<\/a><\/div>\n\n\n\n<figure class=\"wp-block-image\"><img decoding=\"async\" src=\"https:\/\/magazine.monapart.com\/sites\/default\/files\/mediabrowser\/iv-mercado-diseno-alicante_1_0.jpeg\" alt=\"Monapart participa en el IV Mercado de Dise\u00f1o de Alicante | Monapart \"\/><\/figure>\n\n\n\n<p>Esta nueva edici\u00f3n sigue apostando por el <strong>dise\u00f1o m\u00e1s innovador<\/strong> reuniendo la mejor creatividad y talento que Alicante tiene que ofrecerte, con m\u00e1s de 30 propuestas de tendencia. Profesionales del dise\u00f1o (moda, complementos y mobiliario) compartir\u00e1n espacio con creativos independientes (artistas e ilustradores) y con peque\u00f1os artesanos y nuevos creadores cuyas obras se expondr\u00e1n en un entorno inmejorable.<\/p>\n\n\n\n<figure class=\"wp-block-image\"><img decoding=\"async\" src=\"https:\/\/magazine.monapart.com\/sites\/default\/files\/mediabrowser\/iv-mercado-diseno-alicante_2.png\" alt=\"Monapart participa en el IV Mercado de Dise\u00f1o de Alicante | Monapart \"\/><\/figure>\n\n\n\n<p>Adem\u00e1s de recorrer los stands, los visitantes tambi\u00e9n podr\u00e1n participar en talleres y disfrutar de conciertos y de una amplia oferta gastron\u00f3mica gracias a <a href=\"https:\/\/www.facebook.com\/AlacantStreetFoodMarket\" target=\"_blank\" rel=\"noreferrer noopener\">Alacant Street Market<\/a> y sus food-trucks con rica comida callejera.<\/p>\n\n\n\n<figure class=\"wp-block-image\"><img decoding=\"async\" src=\"https:\/\/magazine.monapart.com\/sites\/default\/files\/mediabrowser\/iv-mercado-diseno-alicante_4.jpeg\" alt=\"Monapart participa en el IV Mercado de Dise\u00f1o de Alicante | Monapart \"\/><\/figure>\n\n\n\n<figure class=\"wp-block-image\"><img decoding=\"async\" src=\"https:\/\/magazine.monapart.com\/sites\/default\/files\/mediabrowser\/iv-mercado-diseno-alicante_3_0.jpeg\" alt=\"Monapart participa en el IV Mercado de Dise\u00f1o de Alicante | Monapart \"\/><\/figure>\n\n\n\n<p>Te esperamos en nuestro stand Monapart, donde Coch\u00e9 y V\u00edctor te contar\u00e1n por qu\u00e9 les apasionan las <strong>#viviendasbonitas<\/strong> y te explicar\u00e1n c\u00f3mo pueden ayudarte a vender tu casa o a encontrarte tu nuevo hogar.<\/p>\n\n\n\n<p><\/p>","protected":false},"excerpt":{"rendered":"<p>Por segunda vez consecutiva, Monapart Alicante estar\u00e1 presente en el Mercado Dise\u00f1o Alicante que celebra su cuarta edici\u00f3n los d\u00edas 11, 12 y 13 de septiembre en el recinto de Las Cigarreras Centro Cultural (c\/ San Carlos 78).<\/p>","protected":false},"author":3,"featured_media":533,"comment_status":"closed","ping_status":"closed","sticky":false,"template":"","format":"standard","meta":{"_acf_changed":false,"footnotes":""},"categories":[2852,2854],"tags":[2950],"class_list":["post-532","post","type-post","status-publish","format-standard","has-post-thumbnail","hentry","category-noticias","category-actualidad","tag-alicante"],"acf":[],"_links":{"self":[{"href":"https:\/\/www.monapart.com\/magazine\/en\/wp-json\/wp\/v2\/posts\/532","targetHints":{"allow":["GET"]}}],"collection":[{"href":"https:\/\/www.monapart.com\/magazine\/en\/wp-json\/wp\/v2\/posts"}],"about":[{"href":"https:\/\/www.monapart.com\/magazine\/en\/wp-json\/wp\/v2\/types\/post"}],"author":[{"embeddable":true,"href":"https:\/\/www.monapart.com\/magazine\/en\/wp-json\/wp\/v2\/users\/3"}],"replies":[{"embeddable":true,"href":"https:\/\/www.monapart.com\/magazine\/en\/wp-json\/wp\/v2\/comments?post=532"}],"version-history":[{"count":3,"href":"https:\/\/www.monapart.com\/magazine\/en\/wp-json\/wp\/v2\/posts\/532\/revisions"}],"predecessor-version":[{"id":17875,"href":"https:\/\/www.monapart.com\/magazine\/en\/wp-json\/wp\/v2\/posts\/532\/revisions\/17875"}],"wp:featuredmedia":[{"embeddable":true,"href":"https:\/\/www.monapart.com\/magazine\/en\/wp-json\/wp\/v2\/media\/533"}],"wp:attachment":[{"href":"https:\/\/www.monapart.com\/magazine\/en\/wp-json\/wp\/v2\/media?parent=532"}],"wp:term":[{"taxonomy":"category","embeddable":true,"href":"https:\/\/www.monapart.com\/magazine\/en\/wp-json\/wp\/v2\/categories?post=532"},{"taxonomy":"post_tag","embeddable":true,"href":"https:\/\/www.monapart.com\/magazine\/en\/wp-json\/wp\/v2\/tags?post=532"}],"curies":[{"name":"wp","href":"https:\/\/api.w.org\/{rel}","templated":true}]}}