{"id":460,"date":"2011-01-11T00:00:00","date_gmt":"2011-01-10T23:00:00","guid":{"rendered":"https:\/\/www.monapart.com\/magazine\/?p=460"},"modified":"2025-08-05T15:54:03","modified_gmt":"2025-08-05T13:54:03","slug":"visiting-with-barcelona-tv","status":"publish","type":"post","link":"https:\/\/www.monapart.com\/magazine\/en\/noticias\/de-visita-amb-barcelona-tv","title":{"rendered":"Visiting Barcelona TV"},"content":{"rendered":"<h1 class=\"wp-block-heading\">Visiting Barcelona TV<\/h1>\n\n\n\n<h2 class=\"wp-block-heading\"><a href=\"https:\/\/www.monapart.com\/magazine\/en\/\">Monapart<\/a> participa a De visita, la secci\u00f3 setmanal que emet el magazine televisiu Connexi\u00f3 Barcelona de Barcelona TV. Cada setmana la Bea Rodr\u00edguez i el Jos\u00e9 Luis Echevarr\u00eda, visitaran un dels nostres habitatges bonics en venda o lloguer.<\/h2>\n\n\n<div class='post-info'>11 de January de 2011 por <a href='https:\/\/www.monapart.com\/magazine\/en\/autor\/monapart'>Monapart<\/a><\/div>\n\n\n\n<p>No es pot comen\u00e7ar l\u2019any amb millor peu. Estem molt contents d\u2019anunciar-vos que des d\u2019aquest mes de gener endavant, <a href=\"https:\/\/beteve.cat\/\" target=\"_blank\" rel=\"noopener\"><strong>Betev\u00e9<\/strong><\/a>&nbsp;dedicar\u00e0 una secci\u00f3 setmanal, De visita, a mostrar-vos un habitatge Monapart dins el seu magaz\u00edn de tarda, <strong>Connexi\u00f3 Barcelona<\/strong>. El programa, que s\u2019emet de dilluns a divendres a partir de les 6pm, est\u00e0 dirigit per Gabriela Gr\u00edfol i presentat per Emma Quadrada. La secci\u00f3 De visita \u00e9s de la Bea Rodr\u00edguez, qui visita els habitatges Monapart acompanyada de Jos\u00e9 Luis Echeverr\u00eda, un dels socis fundadors.<\/p>\n\n\n\n<p>Aquests s\u00f3n els reportatges emesos fins el moment ::<\/p>\n\n\n\n<p>De visita :: <a href=\"http:\/\/www.youtube.com\/watch?v=YrEz7B_BoMg\" target=\"_blank\" rel=\"noreferrer noopener\">dimarts 11 de gener<\/a> :: Una preciosa casa en el bell mig del Poble Sec.<\/p>\n\n\n\n<figure class=\"wp-block-embed is-type-video is-provider-youtube wp-block-embed-youtube wp-embed-aspect-16-9 wp-has-aspect-ratio\"><div class=\"wp-block-embed__wrapper\">\n<iframe loading=\"lazy\" title=\"Barcelona TV - HABITATGE PROP DEL PARC DE MONTJU\u00cfC\" width=\"500\" height=\"281\" src=\"https:\/\/www.youtube.com\/embed\/YrEz7B_BoMg?feature=oembed\" frameborder=\"0\" allow=\"accelerometer; autoplay; clipboard-write; encrypted-media; gyroscope; picture-in-picture; web-share\" referrerpolicy=\"strict-origin-when-cross-origin\" allowfullscreen><\/iframe>\n<\/div><\/figure>\n\n\n\n<p>De visita :: <a href=\"http:\/\/www.youtube.com\/watch?v=8gzAmaJ8nZs\" target=\"_blank\" rel=\"noreferrer noopener\">dijous 13 de gener<\/a> :: Un palauet de l\u2019any 1.550 en el Born.<\/p>\n\n\n\n<figure class=\"wp-block-embed is-type-video is-provider-youtube wp-block-embed-youtube wp-embed-aspect-16-9 wp-has-aspect-ratio\"><div class=\"wp-block-embed__wrapper\">\n<iframe loading=\"lazy\" title=\"Barcelona TV - PALAUET DEL 1.550 EN EL BORN\" width=\"500\" height=\"281\" src=\"https:\/\/www.youtube.com\/embed\/8gzAmaJ8nZs?feature=oembed\" frameborder=\"0\" allow=\"accelerometer; autoplay; clipboard-write; encrypted-media; gyroscope; picture-in-picture; web-share\" referrerpolicy=\"strict-origin-when-cross-origin\" allowfullscreen><\/iframe>\n<\/div><\/figure>\n\n\n\n<p>De visita ::&nbsp;<a href=\"http:\/\/www.youtube.com\/watch?v=5HZjiPUpRqA\" target=\"_blank\" rel=\"noreferrer noopener\">dijous 20 de gener<\/a>&nbsp;:: Un habitatge de tres habitacions en l&#8217;Eixample Dret.<\/p>\n\n\n\n<figure class=\"wp-block-embed is-type-video is-provider-youtube wp-block-embed-youtube wp-embed-aspect-16-9 wp-has-aspect-ratio\"><div class=\"wp-block-embed__wrapper\">\n<iframe loading=\"lazy\" title=\"Barcelona TV - HABITATGE DE TRES DORMITORIS EN LA DRETA DE L&#039;EIXAMPLE\" width=\"500\" height=\"281\" src=\"https:\/\/www.youtube.com\/embed\/5HZjiPUpRqA?feature=oembed\" frameborder=\"0\" allow=\"accelerometer; autoplay; clipboard-write; encrypted-media; gyroscope; picture-in-picture; web-share\" referrerpolicy=\"strict-origin-when-cross-origin\" allowfullscreen><\/iframe>\n<\/div><\/figure>\n\n\n\n<p><\/p>","protected":false},"excerpt":{"rendered":"<p>Monapart participa a De visita, la secci\u00f3 setmanal que emet el magazine televisiu Connexi\u00f3 Barcelona de Barcelona TV. Cada setmana la Bea Rodr\u00edguez i el Jos\u00e9 Luis Echevarr\u00eda, visitaran un dels nostres habitatges bonics en venda o lloguer.<\/p>","protected":false},"author":3,"featured_media":461,"comment_status":"closed","ping_status":"closed","sticky":false,"template":"","format":"standard","meta":{"_acf_changed":false,"footnotes":""},"categories":[2852,2853],"tags":[3232],"class_list":["post-460","post","type-post","status-publish","format-standard","has-post-thumbnail","hentry","category-noticias","category-hablan-de-nosotros","tag-tv"],"acf":[],"_links":{"self":[{"href":"https:\/\/www.monapart.com\/magazine\/en\/wp-json\/wp\/v2\/posts\/460","targetHints":{"allow":["GET"]}}],"collection":[{"href":"https:\/\/www.monapart.com\/magazine\/en\/wp-json\/wp\/v2\/posts"}],"about":[{"href":"https:\/\/www.monapart.com\/magazine\/en\/wp-json\/wp\/v2\/types\/post"}],"author":[{"embeddable":true,"href":"https:\/\/www.monapart.com\/magazine\/en\/wp-json\/wp\/v2\/users\/3"}],"replies":[{"embeddable":true,"href":"https:\/\/www.monapart.com\/magazine\/en\/wp-json\/wp\/v2\/comments?post=460"}],"version-history":[{"count":3,"href":"https:\/\/www.monapart.com\/magazine\/en\/wp-json\/wp\/v2\/posts\/460\/revisions"}],"predecessor-version":[{"id":18768,"href":"https:\/\/www.monapart.com\/magazine\/en\/wp-json\/wp\/v2\/posts\/460\/revisions\/18768"}],"wp:featuredmedia":[{"embeddable":true,"href":"https:\/\/www.monapart.com\/magazine\/en\/wp-json\/wp\/v2\/media\/461"}],"wp:attachment":[{"href":"https:\/\/www.monapart.com\/magazine\/en\/wp-json\/wp\/v2\/media?parent=460"}],"wp:term":[{"taxonomy":"category","embeddable":true,"href":"https:\/\/www.monapart.com\/magazine\/en\/wp-json\/wp\/v2\/categories?post=460"},{"taxonomy":"post_tag","embeddable":true,"href":"https:\/\/www.monapart.com\/magazine\/en\/wp-json\/wp\/v2\/tags?post=460"}],"curies":[{"name":"wp","href":"https:\/\/api.w.org\/{rel}","templated":true}]}}