{"id":434,"date":"2013-11-17T00:00:00","date_gmt":"2013-11-16T23:00:00","guid":{"rendered":"https:\/\/www.monapart.com\/magazine\/?p=434"},"modified":"2025-07-30T11:54:08","modified_gmt":"2025-07-30T09:54:08","slug":"the-essential-penthouse","status":"publish","type":"post","link":"https:\/\/www.monapart.com\/magazine\/en\/noticias\/el-atico-imprescindible","title":{"rendered":"The essential penthouse"},"content":{"rendered":"\n<h1 class=\"wp-block-heading\">El \u00e1tico imprescindible<\/h1>\n\n\n\n<h2 class=\"wp-block-heading\">El periodista Esteban Mercer publica en La Almudaina, suplemento del Diario de Mallorca, una cr\u00f3nica sobre este maravilloso \u00e1tico en venta en Monapart Palma situado en Santa Catalina, uno de los barrios m\u00e1s queridos y populares de la ciudad de Palma.<\/h2>\n\n\n<div class='post-info'>17 de November de 2013 por <a href='https:\/\/www.monapart.com\/magazine\/en\/autor\/monapart'>Monapart<\/a><\/div>\n\n\n\n<p><strong>LA ALMUDAINA (DIARIO DE MALLORCA)<\/strong> | 17.11.2013 | ESTEBAN MERCER<\/p>\n\n\n\n<p>[El pasado 17 de noviembre La Almudaina, suplemento del <a href=\"http:\/\/www.diariodemallorca.es\/\" target=\"_blank\" rel=\"noreferrer noopener\">Diario de Mallorca<\/a>, publicaba una cr\u00f3nica sobre este maravilloso <a href=\"\/node\/374\" target=\"_blank\" rel=\"noreferrer noopener\">\u00e1tico<\/a> situado en Santa Catalina, uno de los barrios m\u00e1s queridos y populares de la ciudad de Palma.]<\/p>\n\n\n\n<figure class=\"wp-block-image\"><img decoding=\"async\" src=\"https:\/\/magazine.monapart.com\/sites\/default\/files\/mediabrowser\/el-atico-imprescindible-diario_de_mallorca-la_almudaina_17.11.2013.jpg\" alt=\"El \u00e1tico imprescindible | Monapart \"\/><\/figure>\n\n\n\n<p>Vivir el barrio de Santa Catalina, vivir El Jonquet ya es una elecci\u00f3n que convierte en distinto al que lo elije porque en el hecho ya hay ciertas dosis de creatividad y distinci\u00f3n que otras zonas m\u00e1s lujosas nunca podr\u00e1n ofrecer. Ah\u00ed est\u00e1n ya las tiendas m\u00e1s vanguardistas de la ciudad, iconos como B Connected, un espacio industrial, sincero, que est\u00e1n cambiando el concepto de vida contempor\u00e1nea junto a restaurantes tan cool como el Patr\u00f3n Lunares o el Monolisto en el Mercat de Santa Catalina, otro de los imprescindibles que rodean esta vivienda de <a href=\"https:\/\/www.monapart.com\/es\">Monapart<\/a>, una nueva forma de inmobiliaria con sedes en Palma y Barcelona.<\/p>\n\n\n\n<figure class=\"wp-block-image\"><img decoding=\"async\" src=\"https:\/\/magazine.monapart.com\/sites\/default\/files\/mediabrowser\/salon-atico-venta-torrent-santa_catalina-palma_3.jpg\" alt=\"El \u00e1tico imprescindible | Monapart \"\/><\/figure>\n\n\n\n<p>La casa, creada por su propietario con cuidado extremo de los detalles es el ejemplo, creemos que perfecto, que resume lo que es, lo que significa vivir en uno de los barrios m\u00e1s queridos y populares de la ciudad de Palma. Se trata de una vivienda de solo 69 metros cuadrados, con un ba\u00f1o, un solo dormitorio y una preciosa terraza. No necesita de m\u00e1s. Esta situada en un edifico esquinero entre medianeras, de planta baja y cuatro alturas, con ascensor y dos vecinos por planta, lo que proporciona la sensaci\u00f3n de estar viviendo en una casa de pueblo, pudiendo disfrutar de las ventajas del centro de la ciudad en un \u00e1tico con terraza de 62 m2 de superficie construida m\u00e1s dos terrazas en dos niveles de 20m2 y 12m2, de un dormitorio y un ba\u00f1o, magn\u00edficamente vestidos, ubicados en una cuarta planta de un edificio con ascensor, orientaci\u00f3n a noreste y vistas frontales sobre Santa Catalina y laterales al mar.<\/p>\n\n\n\n<figure class=\"wp-block-image\"><img decoding=\"async\" src=\"https:\/\/magazine.monapart.com\/sites\/default\/files\/mediabrowser\/salon-atico-venta-torrent-santa_catalina-palma_4.jpg\" alt=\"El \u00e1tico imprescindible | Monapart \"\/><\/figure>\n\n\n\n<p>Reformado completamente en el a\u00f1o 2010, y sin estrenar, dispone de materiales y soluciones constructivas de alta calidad. Llama la atenci\u00f3n el dise\u00f1o interior, muy cuidado y acogedor, sin pretensiones que en un lugar como este no vendr\u00edan al caso y rematado con un conjunto de muebles a medida en madera lacada color blanco que regalan una luz, una limpieza especial\u00edsima. El recibidor se ha convertido en pasillo-librer\u00eda, la sala de estar es abierta y esta comunicada con la amplia terraza en un aprovechamiento muy sabio del espacio y la luz. Otro ejemplo, la cocina nueva y perfectamente equipada est\u00e1 abierta hacia el sal\u00f3n y con iluminaci\u00f3n natural. Regala, favorece la comunicaci\u00f3n y el disfrute.<\/p>\n\n\n\n<figure class=\"wp-block-image\"><img decoding=\"async\" src=\"https:\/\/magazine.monapart.com\/sites\/default\/files\/mediabrowser\/dormitorio-atico-venta-torrent-santa_catalina-palma_3.jpg\" alt=\"El \u00e1tico imprescindible | Monapart \"\/><\/figure>\n\n\n\n<p>El dormitorio doble en suite con ba\u00f1o muy generoso con ba\u00f1era y ducha y con iluminaci\u00f3n cenital es el punto de perfecci\u00f3n estil\u00edstica que marca la diferencia. Destacan el alto nivel de los acabados, el exquisito dise\u00f1o de los espacios y la luminosidad de las estancias en lo que el que escribe define como el nuevo lujo que est\u00e1 cambiando Palma de Mallorca como ciudad cosmopolita, como un Nueva York mediterr\u00e1neo descubri\u00e9ndose y reinvent\u00e1ndose continuamente.<\/p>\n\n\n\n<p><\/p>\n\n\n\n<p><\/p>\n","protected":false},"excerpt":{"rendered":"<p>The journalist Esteban Mercer publishes in La Almudaina, supplement of the Diario de Mallorca, a chronicle about this wonderful penthouse for sale in Monapart Palma located in Santa Catalina, one of the most beloved and popular neighbourhoods of the city of Palma.<\/p>","protected":false},"author":3,"featured_media":435,"comment_status":"closed","ping_status":"closed","sticky":false,"template":"","format":"standard","meta":{"_acf_changed":false,"footnotes":""},"categories":[2852,2853],"tags":[3246,2905],"class_list":["post-434","post","type-post","status-publish","format-standard","has-post-thumbnail","hentry","category-noticias","category-hablan-de-nosotros","tag-palma-de-mallorca","tag-prensa"],"acf":[],"_links":{"self":[{"href":"https:\/\/www.monapart.com\/magazine\/en\/wp-json\/wp\/v2\/posts\/434","targetHints":{"allow":["GET"]}}],"collection":[{"href":"https:\/\/www.monapart.com\/magazine\/en\/wp-json\/wp\/v2\/posts"}],"about":[{"href":"https:\/\/www.monapart.com\/magazine\/en\/wp-json\/wp\/v2\/types\/post"}],"author":[{"embeddable":true,"href":"https:\/\/www.monapart.com\/magazine\/en\/wp-json\/wp\/v2\/users\/3"}],"replies":[{"embeddable":true,"href":"https:\/\/www.monapart.com\/magazine\/en\/wp-json\/wp\/v2\/comments?post=434"}],"version-history":[{"count":3,"href":"https:\/\/www.monapart.com\/magazine\/en\/wp-json\/wp\/v2\/posts\/434\/revisions"}],"predecessor-version":[{"id":18401,"href":"https:\/\/www.monapart.com\/magazine\/en\/wp-json\/wp\/v2\/posts\/434\/revisions\/18401"}],"wp:featuredmedia":[{"embeddable":true,"href":"https:\/\/www.monapart.com\/magazine\/en\/wp-json\/wp\/v2\/media\/435"}],"wp:attachment":[{"href":"https:\/\/www.monapart.com\/magazine\/en\/wp-json\/wp\/v2\/media?parent=434"}],"wp:term":[{"taxonomy":"category","embeddable":true,"href":"https:\/\/www.monapart.com\/magazine\/en\/wp-json\/wp\/v2\/categories?post=434"},{"taxonomy":"post_tag","embeddable":true,"href":"https:\/\/www.monapart.com\/magazine\/en\/wp-json\/wp\/v2\/tags?post=434"}],"curies":[{"name":"wp","href":"https:\/\/api.w.org\/{rel}","templated":true}]}}