{"id":418,"date":"2014-05-08T00:00:00","date_gmt":"2014-05-07T22:00:00","guid":{"rendered":"https:\/\/www.monapart.com\/magazine\/?p=418"},"modified":"2025-07-29T16:22:09","modified_gmt":"2025-07-29T14:22:09","slug":"monapart-no-solo-vende-pisos-sino-historias-y-emociones","status":"publish","type":"post","link":"https:\/\/www.monapart.com\/magazine\/en\/noticias\/monapart-no-solo-vende-pisos-sino-historias-y-emociones","title":{"rendered":"Monapart no s\u00f3lo vende pisos, sino historias y emociones"},"content":{"rendered":"<h1 class=\"wp-block-heading\">Monapart no s\u00f3lo vende pisos, sino historias y emociones<\/h1>\n\n\n\n<h2 class=\"wp-block-heading\">La periodista Elena Sanz publica un art\u00edculo sobre Monapart en el diario El Confidencial en el que explica c\u00f3mo trabajamos y habla de nuestro car\u00e1cter diferencial dentro del sector inmobiliario.<\/h2>\n\n\n<div class='post-info'>8 de May de 2014 por <a href='https:\/\/www.monapart.com\/magazine\/en\/autor\/monapart'>Monapart<\/a><\/div>\n\n\n\n<p><strong>EL CONFIDENCIAL<\/strong> | 08.05.2014 | ELENA SANZ<\/p>\n\n\n\n<figure class=\"wp-block-image\"><img decoding=\"async\" src=\"https:\/\/www.monapart.com\/sites\/default\/files\/styles\/scale_960x960_\/public\/mediabrowser\/monapart-cuando-las-agencias-no-solo-venden-pisos-sino-historias-y-emociones-el_confidencial-05.05.2014.jpg?itok=21Zm8J9C\" alt=\"Monapart no s\u00f3lo vende pisos, sino historias y emociones | Monapart \"\/><\/figure>\n\n\n\n<p><em>\"<strong>Una vivienda no son&nbsp;s\u00f3lo cuatro paredes y un techo<\/strong>. Representa much\u00edsimas cosas m\u00e1s. Las casas hablan de las personas que las habitan. Reflejan sus personalidades y, a veces incluso, llegan a asumir&nbsp;un rol fundamental en la historia de sus inquilinos\u00bb.&nbsp;<\/em><\/p>\n\n\n\n<p>As\u00ed es como entiende la compraventa de viviendas el&nbsp;arquitecto <a href=\"\/magazine\/en\/node\/12\/\">Jos\u00e9 Luis Echeverr\u00eda<\/a>, que hace ya cuatro a\u00f1os fund\u00f3 junto a la editora <a href=\"\/magazine\/en\/node\/13\/\">Olga Sala<\/a> y el periodista <a href=\"\/magazine\/en\/node\/15\/\">Eduard Sol\u00e9<\/a> la agencia inmobiliaria Monapart. No ve las viviendas ni a sus propietarios como un n\u00famero ni como una transacci\u00f3n m\u00e1s, sino que va m\u00e1s all\u00e1 de las agencias tradicionales.&nbsp;<\/p>\n\n\n\n<figure class=\"wp-block-image\"><img decoding=\"async\" src=\"https:\/\/www.monapart.com\/sites\/default\/files\/styles\/scale_960x960_\/public\/mediabrowser\/socios-monapart_1.jpg?itok=4w6xRoq0\" alt=\"Monapart no s\u00f3lo vende pisos, sino historias y emociones | Monapart \"\/><\/figure>\n\n\n\n<p>Una filosof\u00eda que trasciende las palabras de sus fundadores y que gu\u00eda el d\u00eda a d\u00eda de su compa\u00f1\u00eda, lo que&nbsp;les est\u00e1 permitiendo diferenciarse del sector.&nbsp;<strong>No venden o alquilan simplemente casas.<\/strong>&nbsp;Venden emociones. Las historias de quienes vivieron en ellas: noches de fiesta, de pasi\u00f3n y&nbsp;desvelo&#8230;<\/p>\n\n\n\n<p>Un componente emocional muy presente&nbsp;en el esp\u00edritu y el trabajo&nbsp;de estos emprendedores y que queda totalmente de manifiesto al realizar un peque\u00f1o viaje por su p\u00e1gina web. Los&nbsp;anuncios de los inmuebles no son anuncios al uso.<\/p>\n\n\n\n<p>\u00abMe lo est\u00e1 ense\u00f1ando y su voz empuja un &#8216;pero&#8217; cuando nos acercamos a la ventana para apreciarlas. Visto lo visto, <strong>me gustan las vistas, pero salta a la vista que a ella le disgustan <\/strong>(ten\u00eda que hacerlo). Los pilares de hormig\u00f3n con las armaduras expuestas le son un problema y no se pregunta qu\u00e9&nbsp;hay detr\u00e1s de los pa\u00f1os de pav\u00e9s que se repiten a lo largo de la fachada interior&#8230; Me dice que es muy silencioso&nbsp;pero&nbsp;que, habiendo una escuela y siendo lo que vemos el patio de esta, hay dos franjas de treinta minutos de&nbsp;ruido&nbsp;de ni\u00f1os jugando. Sus problemas no son los m\u00edos y sus &#8216;peros&#8217; mis &#8216;adem\u00e1s&#8217;, pero la realidad es que no importa nada, porque ella se lo vende y yo no estoy aqu\u00ed para comprarlo. Una pena\u00bb.<\/p>\n\n\n\n<figure class=\"wp-block-image\"><img decoding=\"async\" src=\"https:\/\/magazine.monapart.com\/sites\/default\/files\/mediabrowser\/monapart-ficha-del-inmueble.png\" alt=\"Monapart no s\u00f3lo vende pisos, sino historias y emociones | Monapart \"\/><\/figure>\n\n\n\n<p><a href=\"https:\/\/www.monapart.com\/es\/viviendas-barcelona\/piso-de-un-dormitorio-en-sant-antoni\" target=\"_blank\" rel=\"noreferrer noopener\">As\u00ed reza la &#8216;emoci\u00f3n&#8217; de uno de estos anuncios<\/a>. La &#8216;raz\u00f3n&#8217;, por el contrario, nos expone con mayor frialdad c\u00f3mo es la vivienda que estamos a punto de conocer: 61 metros cuadrados, 198.000 euros, un dormitorio, un ba\u00f1o&#8230; Sala de estar, cocina-comedor y un espacio que admite diferentes usos (comedor, despacho, dormitorio&#8230;).<\/p>\n\n\n\n<p>La emoci\u00f3n emana por todos y cada uno de los poros de este proyecto. Incluso&nbsp;a trav\u00e9s de las palabras de quienes han decidido vender su casa. \u00abNo es dif\u00edcil adivinar,&nbsp;alguna l\u00e1grima nos da la pista,&nbsp;que <strong>van a echar de menos vivir aqu\u00ed.<\/strong> Pero la familia crece, los ni\u00f1os crecen, las personas van y vienen y las casas se quedan. Por suerte los recuerdos viajan con nosotros. Y me da a m\u00ed que la fiesta de despedida que se monten en la terraza tambi\u00e9n ser\u00e1 dif\u00edcil de olvidar\u00bb. Con total franqueza y sensibilidad habla&nbsp;en este v\u00eddeo&nbsp;una pareja del que ha sido su hogar durante m\u00e1s de diez a\u00f1os.<\/p>\n\n\n\n<p>\/\/www.youtube.com\/embed\/ArmYugFNBLM<\/p>\n\n\n\n<p>Precisamente por ser especiales, <strong>no todas las viviendas tienen cabida en Monapart<\/strong>. <em>\u00abB\u00e1sicamente me tienen que gustar a m\u00ed. Tienen que ser casas aut\u00e9nticas,&nbsp;especiales, alucinantes. De una manera u otra. Es lo que nos diferencia de las agencias convencionales. De hecho, a&nbsp;muchos vendedores les decimos que no somos el proveedor adecuado para vender su vivienda\u00bb<\/em>, explica a <em>El Confidencial<\/em> Jos\u00e9 Luis Echeverr\u00eda, quien critica que este trabajo&nbsp;<em>\u00abse ha transaccionalizado en exceso. Parece que s\u00f3lo importa vender. Y la decisi\u00f3n de <a href=\"\/magazine\/en\/node\/9\/\">vender la casa<\/a> en la que has vivido tantas experiencias y llena de recuerdos es una decisi\u00f3n vital que requiere sosiego\u00bb.<\/em><\/p>\n\n\n\n<p>Pero \u00bfqu\u00e9 entiende Monapart por especial?&nbsp;<em>\u00abEstamos hablando de&nbsp;gusto, no de lujo. Por ejemplo, hemos vendido una casa de 90.000 euros y otra de&nbsp;un mill\u00f3n\u00bb<\/em>, aclara.<\/p>\n\n\n\n<figure class=\"wp-block-image\"><img decoding=\"async\" src=\"https:\/\/magazine.monapart.com\/sites\/default\/files\/mediabrowser\/01_salon-loft-venta-bejar-hostafrancs-barcelona_1.jpg\" alt=\"Monapart no s\u00f3lo vende pisos, sino historias y emociones | Monapart \"\/><\/figure>\n\n\n\n<h5 class=\"wp-block-heading\"><strong>Viviendas especiales para clientes especiales<\/strong><\/h5>\n\n\n\n<p>\u00abLa de 90.000 euros era un espacio \u00fanico. Un \u00e1tico de apenas 35 metros cuadrados en la Barceloneta. Nada de lujo. Muy sencillo. Con una orientaci\u00f3n y unas vistas perfectas. El apartamento anticipaba una experiencia vital muy gratificante y reun\u00eda todos los alicientes para tener una vida feliz. Ese mismo espacio en una planta baja no hubiera sido en absoluto especial y no lo habr\u00edamos vendido\u00bb, insiste Echeverr\u00eda.&nbsp;<\/p>\n\n\n\n<figure class=\"wp-block-image\"><img decoding=\"async\" src=\"https:\/\/www.monapart.com\/sites\/default\/files\/styles\/scale_960x960_\/public\/mediabrowser\/atico_terraza_1_gotic_barcelona.jpg?itok=_Auu6VK9\" alt=\"Monapart no s\u00f3lo vende pisos, sino historias y emociones | Monapart \"\/><\/figure>\n\n\n\n<p><strong>Tambi\u00e9n sus clientes o sus potenciales clientes son especiales<\/strong>. <em>\u00abNuestros pisos son m\u00e1s bonitos que la media y tambi\u00e9n nuestros clientes m\u00e1s vanidosos. Pero no es un particular especialmente adinerado, sino de clase media, media-alta que normalmente procede&nbsp;de profesiones creativas, del mundo del dise\u00f1o o la moda, de la publicidad\u2026 Personas en cuyo estilo de vida e intereses encajan con el tipo de viviendas que vendemos\u00bb.&nbsp;<\/em><\/p>\n\n\n\n<figure class=\"wp-block-image\"><img decoding=\"async\" src=\"https:\/\/magazine.monapart.com\/sites\/default\/files\/mediabrowser\/clientes-creativos.jpg\" alt=\"Monapart no s\u00f3lo vende pisos, sino historias y emociones | Monapart \"\/><\/figure>\n\n\n\n<p>Con esta filosof\u00eda han provocado un <strong>vuelco en el modelo tradicional de venta de inmuebles <\/strong>contra el que se revelan continuamente, en cada comentario, en cada palabra. <em>\u00ab\u00bfY si revolucionamos el mercado inmobiliario&nbsp;como Arzak, Adri\u00e0 &amp; cia. revolucionaron la cocina? \u00bfY si convertimos este oficio en arte y ciencia?\u00bb<\/em>, se pregunta Echeverr\u00eda en su cuenta de <a href=\"https:\/\/twitter.com\/jl_echeverria\" target=\"_blank\" rel=\"noreferrer noopener\">Twitter<\/a>.<\/p>\n\n\n\n<p><em>\u00abEn 2013, en Catalu\u00f1a se vendieron 35.000 viviendas. Hay 10.000 agentes de la propiedad inmobiliaria (API), lo que se traduce en 3,5 viviendas vendidas por cada API al a\u00f1o, lo que pone de manifiesto que <strong>estamos ante un sector muy ineficiente.<\/strong> No tiene sentido que haya tanta gente compitiendo por vender un piso\u00bb<\/em>, lamenta Echeverr\u00eda.<\/p>\n\n\n\n<p>Esta manera de entender el negocio inmobiliario les ha permitido vender alguna vivienda en&nbsp;24 horas. <em>\u00abNo es lo normal, pero se puede. Si el inmueble est\u00e1 en precio, en 30 d\u00edas podemos cerrar una operaci\u00f3n\u00bb<\/em>, aclara. <em>\u00abY eso no es f\u00e1cil porque&nbsp;en&nbsp;ocasiones el propietario no te escucha y se convierte en tu peor enemigo. No entiende que la venta de su piso es un trabajo en equipo\u00bb<\/em>, apunta Echeverr\u00eda, que se rebela contra quienes est\u00e1n dispuestos a&nbsp;a trabajar con clientes que tambi\u00e9n quieren <a href=\"\/magazine\/en\/node\/1488\/\">vender su casa por su cuenta.<\/a><\/p>\n\n\n\n<p><em>\"<strong>Es una l\u00ednea roja que ning\u00fan agente deber\u00eda cruzar.<\/strong> En ning\u00fan otro sector el cliente chulea tanto. Esto sucede, en gran medida, porque contratar a una agencia no tiene coste para el propietario. Si fuera un sector tarifado, si se cobrase al cliente tanto si se vende la vivienda como si no, muchos se tomar\u00edan la venta m\u00e1s en serio y no nos har\u00edan perder el tiempo.&nbsp;Todo el riesgo lo asume el agente inmobiliario. El cliente, sin embargo, se puede permitir especular. Y confiar en tener un golpe de suerte\u00bb.<\/em><\/p>\n\n\n\n<figure class=\"wp-block-image\"><img decoding=\"async\" src=\"https:\/\/magazine.monapart.com\/sites\/default\/files\/mediabrowser\/pelotas-de-bronce.jpg\" alt=\"Monapart no s\u00f3lo vende pisos, sino historias y emociones | Monapart \"\/><\/figure>\n\n\n\n<p>Monapart ha cumplido cuatro a\u00f1os. <strong>Naci\u00f3 en plena crisis inmobiliaria. <\/strong>Como tantos otros emprendedores, este triunvirato pens\u00f3&nbsp;que una coyuntura&nbsp;tan desfavorable como la que ten\u00edan ante sus ojos&nbsp;<strong>pod\u00eda ser su gran oportunidad para dar un vuelco al sector<\/strong>. Abrieron oficina en <a href=\"\/magazine\/en\/node\/2\/\">Barcelona<\/a>. Posteriormente, llegaron las franquicias de <a href=\"\/magazine\/en\/node\/4\/\">Alicante<\/a> y Palma de Mallorca, y este a\u00f1o nacer\u00e1n otras tres m\u00e1s, una de ellas en <a href=\"\/magazine\/en\/node\/1252\/\">Madrid<\/a>.&nbsp;<\/p>\n\n\n\n<p><em>\u00abNo provenir de este sector supon\u00eda un h\u00e1ndicap muy importante. En estos cuatro a\u00f1os ha habido un enorme aprendizaje de por medio. Hemos hecho las cosas bien, aunque tambi\u00e9n nos hemos equivocado.&nbsp;El objetivo es operar en un nuevo paradigma y es en eso, precisamente, en lo que estamos trabajando. Pensamos que nos estamos desmarcando de los dem\u00e1s, pero somos conscientes de que nos queda mucho por aprender\u00bb<\/em>, concluye.<\/p>\n\n\n\n<p><\/p>","protected":false},"excerpt":{"rendered":"<p>La periodista Elena Sanz publica un art\u00edculo sobre Monapart en el diario El Confidencial en el que explica c\u00f3mo trabajamos y habla de nuestro car\u00e1cter diferencial dentro del sector inmobiliario.<\/p>","protected":false},"author":3,"featured_media":419,"comment_status":"closed","ping_status":"closed","sticky":false,"template":"","format":"standard","meta":{"_acf_changed":false,"footnotes":""},"categories":[2852,2853],"tags":[2905],"class_list":["post-418","post","type-post","status-publish","format-standard","has-post-thumbnail","hentry","category-noticias","category-hablan-de-nosotros","tag-prensa"],"acf":[],"_links":{"self":[{"href":"https:\/\/www.monapart.com\/magazine\/en\/wp-json\/wp\/v2\/posts\/418","targetHints":{"allow":["GET"]}}],"collection":[{"href":"https:\/\/www.monapart.com\/magazine\/en\/wp-json\/wp\/v2\/posts"}],"about":[{"href":"https:\/\/www.monapart.com\/magazine\/en\/wp-json\/wp\/v2\/types\/post"}],"author":[{"embeddable":true,"href":"https:\/\/www.monapart.com\/magazine\/en\/wp-json\/wp\/v2\/users\/3"}],"replies":[{"embeddable":true,"href":"https:\/\/www.monapart.com\/magazine\/en\/wp-json\/wp\/v2\/comments?post=418"}],"version-history":[{"count":3,"href":"https:\/\/www.monapart.com\/magazine\/en\/wp-json\/wp\/v2\/posts\/418\/revisions"}],"predecessor-version":[{"id":18363,"href":"https:\/\/www.monapart.com\/magazine\/en\/wp-json\/wp\/v2\/posts\/418\/revisions\/18363"}],"wp:featuredmedia":[{"embeddable":true,"href":"https:\/\/www.monapart.com\/magazine\/en\/wp-json\/wp\/v2\/media\/419"}],"wp:attachment":[{"href":"https:\/\/www.monapart.com\/magazine\/en\/wp-json\/wp\/v2\/media?parent=418"}],"wp:term":[{"taxonomy":"category","embeddable":true,"href":"https:\/\/www.monapart.com\/magazine\/en\/wp-json\/wp\/v2\/categories?post=418"},{"taxonomy":"post_tag","embeddable":true,"href":"https:\/\/www.monapart.com\/magazine\/en\/wp-json\/wp\/v2\/tags?post=418"}],"curies":[{"name":"wp","href":"https:\/\/api.w.org\/{rel}","templated":true}]}}