{"id":17109,"date":"2025-01-13T15:46:00","date_gmt":"2025-01-13T14:46:00","guid":{"rendered":"https:\/\/www.monapart.com\/magazine\/?p=17109"},"modified":"2025-06-23T11:55:41","modified_gmt":"2025-06-23T09:55:41","slug":"the-main-corsega-art-gallery-floor","status":"publish","type":"post","link":"https:\/\/www.monapart.com\/magazine\/en\/hogar\/el-principal-de-corsega-piso-galeria-arte","title":{"rendered":"El Principal de C\u00f2rsega: a gallery-floor to experience art"},"content":{"rendered":"<h1 class=\"wp-block-heading\">El Principal de C\u00f2rsega: a gallery-floor to experience art<\/h1>\n\n\n\n<h2 class=\"wp-block-heading\">S\u00f2nia Villegas, an art historian with an outstanding career at the Museu Picasso and the Fundaci\u00f3 Joan Mir\u00f3, has transformed her own flat into a unique gallery: El Principal de C\u00f2rsega.<\/h2>\n\n\n<div class='post-info'>13 January 2025 by <a href='https:\/\/www.monapart.com\/magazine\/en\/autor\/monapart'>Monapart<\/a><\/div>\n\n\n\n<h5 class=\"wp-block-heading has-medium-font-size\"><\/h5>\n\n\n\n<figure class=\"wp-block-image\"><img decoding=\"async\" src=\"https:\/\/lh7-rt.googleusercontent.com\/docsz\/AD_4nXe2aUiPw7PAu8flViUivWaBWcWzo4sbAkbHUMip6SRnJI-PVBalJbgS6vwveKrucFnOErhqUtjHMoPTPw2p6SlDXBq2zo1e7xbq1haqpyeQxxvI7FCDUNlXSWxV09RIhUE7o-U?key=UU54W93ateklfYC0iriiXg\" alt=\"El Principal de C\u00f2rsega: a gallery-flat to experience art | Monapart \"\/><figcaption class=\"wp-element-caption\">Photograph:&nbsp;<a href=\"https:\/\/www.instagram.com\/leila_mendez\/\" target=\"_blank\" rel=\"noopener\">@leila_mendez<\/a><\/figcaption><\/figure>\n\n\n\n<p>In a city like Barcelona, where art is often perceived from the distance of large institutions, there are places that bring it closer, humanise it and return it to a more intimate scale. <a href=\"https:\/\/www.elprincipaldecorsega.com\/\" target=\"_blank\" rel=\"noopener\"><em>El Principal de C\u00f2rsega<\/em><\/a>in the heart of Barcelona's Eixample district is one of these spaces: a stately home converted into an art gallery where the works are not only exhibited, but also integrated into everyday life.<\/p>\n\n\n\n<div class=\"wp-block-group is-nowrap is-layout-flex wp-container-core-group-is-layout-ad2f72ca wp-block-group-is-layout-flex\"><div class=\"wp-block-image\">\n<figure class=\"aligncenter is-resized\"><img decoding=\"async\" src=\"https:\/\/lh7-rt.googleusercontent.com\/docsz\/AD_4nXc-bT3VbjJSCglKA_QAM4GudMotn8xQVNGfRNONLsdUel2RjzBVl6Ao0ROnYdk6BObiaJOn9M2TTWbG25xHfR8r9lP85qHISkFWKrqH7Sd993WsnZ3QaXqa36yR4fYJjETymVka?key=UU54W93ateklfYC0iriiXg\" alt=\"El Principal de C\u00f2rsega: a gallery-flat to experience art | Monapart \" style=\"width:506px;height:auto\"\/><\/figure>\n<\/div>\n\n\n<blockquote class=\"wp-block-quote is-layout-flow wp-block-quote-is-layout-flow\">\n<p class=\"has-text-align-right\"><em>\"At El Principal de C\u00f2rsega art is not hung just to be looked at, but to be lived\".<\/em><\/p>\n<\/blockquote>\n<\/div>\n\n\n\n<p>Behind this unique project is <strong>S\u00f2nia Villegas<\/strong>who, after three decades as chief curator at museums such as the Museu Picasso and the Fundaci\u00f3 Joan Mir\u00f3, decided to open her home and her <strong>private collection<\/strong> to the public. His aim is to share his passion for art from a more personal and close perspective, as he understands that art merges with furniture and memories, creating a space full of character and intention where the works are not only observed, they are lived.<\/p>\n\n\n\n<p>\u00a0<\/p>\n\n\n\n<div class=\"wp-block-group extended-image-group\"><div class=\"wp-block-group__inner-container is-layout-constrained wp-block-group-is-layout-constrained\">\n<div class=\"wp-block-columns is-layout-flex wp-container-core-columns-is-layout-9d6595d7 wp-block-columns-is-layout-flex\">\n<div class=\"wp-block-column is-layout-flow wp-block-column-is-layout-flow\">\n<figure class=\"wp-block-image size-large\"><img loading=\"lazy\" decoding=\"async\" width=\"1024\" height=\"819\" src=\"https:\/\/www.monapart.com\/magazine\/wp-content\/uploads\/2025\/01\/El-Principal-de-Corsega_1-1024x819.png\" alt=\"\" class=\"wp-image-17531\" style=\"aspect-ratio:1;object-fit:cover\" srcset=\"https:\/\/www.monapart.com\/magazine\/wp-content\/uploads\/2025\/01\/El-Principal-de-Corsega_1-1024x819.png 1024w, https:\/\/www.monapart.com\/magazine\/wp-content\/uploads\/2025\/01\/El-Principal-de-Corsega_1-300x240.png 300w, https:\/\/www.monapart.com\/magazine\/wp-content\/uploads\/2025\/01\/El-Principal-de-Corsega_1-768x614.png 768w, https:\/\/www.monapart.com\/magazine\/wp-content\/uploads\/2025\/01\/El-Principal-de-Corsega_1-15x12.png 15w, https:\/\/www.monapart.com\/magazine\/wp-content\/uploads\/2025\/01\/El-Principal-de-Corsega_1.png 1350w\" sizes=\"auto, (max-width: 1024px) 100vw, 1024px\" \/><\/figure>\n<\/div>\n\n\n\n<div class=\"wp-block-column is-layout-flow wp-block-column-is-layout-flow\">\n<figure class=\"wp-block-image size-large\"><img loading=\"lazy\" decoding=\"async\" width=\"818\" height=\"1024\" src=\"https:\/\/www.monapart.com\/magazine\/wp-content\/uploads\/2025\/01\/El-Principal-de-Corsega_\u00a9Leila-Mendez-818x1024.png\" alt=\"\" class=\"wp-image-17532\" style=\"aspect-ratio:1;object-fit:cover\" srcset=\"https:\/\/www.monapart.com\/magazine\/wp-content\/uploads\/2025\/01\/El-Principal-de-Corsega_\u00a9Leila-Mendez-818x1024.png 818w, https:\/\/www.monapart.com\/magazine\/wp-content\/uploads\/2025\/01\/El-Principal-de-Corsega_\u00a9Leila-Mendez-240x300.png 240w, https:\/\/www.monapart.com\/magazine\/wp-content\/uploads\/2025\/01\/El-Principal-de-Corsega_\u00a9Leila-Mendez-768x961.png 768w, https:\/\/www.monapart.com\/magazine\/wp-content\/uploads\/2025\/01\/El-Principal-de-Corsega_\u00a9Leila-Mendez-10x12.png 10w, https:\/\/www.monapart.com\/magazine\/wp-content\/uploads\/2025\/01\/El-Principal-de-Corsega_\u00a9Leila-Mendez.png 1160w\" sizes=\"auto, (max-width: 818px) 100vw, 818px\" \/><\/figure>\n<\/div>\n\n\n\n<div class=\"wp-block-column is-layout-flow wp-block-column-is-layout-flow\">\n<figure class=\"wp-block-image size-large\"><img loading=\"lazy\" decoding=\"async\" width=\"878\" height=\"1024\" src=\"https:\/\/www.monapart.com\/magazine\/wp-content\/uploads\/2025\/01\/El-Principal-de-Corsega_\u00a9balu_the_light_-878x1024.png\" alt=\"\" class=\"wp-image-17533\" style=\"aspect-ratio:1;object-fit:cover\" srcset=\"https:\/\/www.monapart.com\/magazine\/wp-content\/uploads\/2025\/01\/El-Principal-de-Corsega_\u00a9balu_the_light_-878x1024.png 878w, https:\/\/www.monapart.com\/magazine\/wp-content\/uploads\/2025\/01\/El-Principal-de-Corsega_\u00a9balu_the_light_-257x300.png 257w, https:\/\/www.monapart.com\/magazine\/wp-content\/uploads\/2025\/01\/El-Principal-de-Corsega_\u00a9balu_the_light_-768x895.png 768w, https:\/\/www.monapart.com\/magazine\/wp-content\/uploads\/2025\/01\/El-Principal-de-Corsega_\u00a9balu_the_light_-10x12.png 10w, https:\/\/www.monapart.com\/magazine\/wp-content\/uploads\/2025\/01\/El-Principal-de-Corsega_\u00a9balu_the_light_.png 1158w\" sizes=\"auto, (max-width: 878px) 100vw, 878px\" \/><\/figure>\n<\/div>\n<\/div>\n\n\n\n<p class=\"has-text-align-center pie-de-foto\"><\/p>\n<\/div><\/div>\n\n\n\n<p>Located in a <a href=\"https:\/\/www.monapart.com\/magazine\/en\/real-people\/which-is-a-royal-estate-and-which-is-not\/\">royal estate<\/a> in the Eixample, El Principal de C\u00f2rsega maintains the essence of modernist architecture with its high ceilings, mouldings and hydraulic floors. These historical elements are harmoniously combined with a careful selection of contemporary works, objects with history and fresh flowers that S\u00f2nia renews weekly. The result is a warm and serene atmosphere that invites contemplation without solemnity.<\/p>\n\n\n\n<h5 class=\"wp-block-heading\"><em>An art gallery flat?<\/em><\/h5>\n\n\n\n<p>El Principal de C\u00f2rsega is a personal project that calls for a return to direct contact with art and artists. Inspired by the gallery flats that existed in Paris in the sixties and seventies, where meetings of different types and audiences took place, it proposes a way of approaching contemporary creation and collecting that is committed to the closeness between artists, their works and all those who want to get to know them in the private, even \"secret\" environment of a private home. For this reason, access is by invitation only or by appointment.<\/p>\n\n\n\n<p>Its programme focuses mainly - though not exclusively - on senior artists with a long and consolidated career. In addition to solo and group exhibitions, the space hosts meetings, debates, talks, presentations and other activities that generate connections between artists, collectors and people interested in or simply attracted by culture in general.<\/p>\n\n\n<div class=\"wp-block-image\">\n<figure class=\"aligncenter is-resized\"><img decoding=\"async\" src=\"https:\/\/lh7-rt.googleusercontent.com\/docsz\/AD_4nXf48-qsQ70S3JzfknCcdGAZE9THU7Sbp5InAiBFXfVe-Woqax6vq9clwH17SK0WNoQed8TUdr67Nxc_zh4XPhc1R_zS6Uvr1hbM3nKFoy7eA2Svgv2GVavrS-B4kKvtfCOtZ6o?key=UU54W93ateklfYC0iriiXg\" alt=\"El Principal de C\u00f2rsega: a gallery-flat to experience art | Monapart \" style=\"width:569px;height:auto\"\/><figcaption class=\"wp-element-caption\">Photograph:&nbsp;<a href=\"https:\/\/www.instagram.com\/leila_mendez\/\" target=\"_blank\" rel=\"noopener\">@leila_mendez<\/a><\/figcaption><\/figure>\n<\/div>\n\n\n<p><\/p>\n\n\n\n<p>We talked to S\u00f2nia about this project, her love of books, silence, gardens, and how art can inhabit and transform our homes.<\/p>\n\n\n\n<h5 class=\"wp-block-heading\"><strong>Tell us about yourself and your work. Where did your vocation start? Any first memories?<\/strong><\/h5>\n\n\n\n<p>In October 2024, after 30 years as chief curator of the Museu Picasso and the Fundaci\u00f3 Joan Mir\u00f3 in Barcelona, I decided to open my own gallery flat, <a href=\"https:\/\/www.instagram.com\/elprincipaldecorsega\/\" target=\"_blank\" rel=\"noopener\">El Principal de C\u00f2rsega,<\/a> to bring art closer to people in a more intimate and personalised way.<\/p>\n\n\n\n<p>My vocation for art has existed since childhood. My father was a great lover of music, literature and history, and many of his friends were artists. I myself studied piano and always knew that I would go into art history. For me it was the natural choice, the only one in fact.<\/p>\n\n\n<div class=\"wp-block-image is-style-default\">\n<figure class=\"aligncenter size-large is-resized\"><img loading=\"lazy\" decoding=\"async\" width=\"765\" height=\"1024\" src=\"https:\/\/www.monapart.com\/magazine\/wp-content\/uploads\/2025\/01\/Captura-de-pantalla-2025-06-17-a-las-16.21.41-765x1024.png\" alt=\"\" class=\"wp-image-17124\" style=\"width:433px;height:auto\" srcset=\"https:\/\/www.monapart.com\/magazine\/wp-content\/uploads\/2025\/01\/Captura-de-pantalla-2025-06-17-a-las-16.21.41-765x1024.png 765w, https:\/\/www.monapart.com\/magazine\/wp-content\/uploads\/2025\/01\/Captura-de-pantalla-2025-06-17-a-las-16.21.41-224x300.png 224w, https:\/\/www.monapart.com\/magazine\/wp-content\/uploads\/2025\/01\/Captura-de-pantalla-2025-06-17-a-las-16.21.41-768x1029.png 768w, https:\/\/www.monapart.com\/magazine\/wp-content\/uploads\/2025\/01\/Captura-de-pantalla-2025-06-17-a-las-16.21.41-9x12.png 9w, https:\/\/www.monapart.com\/magazine\/wp-content\/uploads\/2025\/01\/Captura-de-pantalla-2025-06-17-a-las-16.21.41.png 825w\" sizes=\"auto, (max-width: 765px) 100vw, 765px\" \/><figcaption class=\"wp-element-caption\">Photograph:&nbsp;<a href=\"https:\/\/www.instagram.com\/leila_mendez\/\" target=\"_blank\" rel=\"noopener\"><\/a><a href=\"https:\/\/www.instagram.com\/lopezgarrell\/\" target=\"_blank\" rel=\"noopener\">@lopezgarrell<\/a><\/figcaption><\/figure>\n<\/div>\n\n\n<p><\/p>\n\n\n\n<h5 class=\"wp-block-heading\"><strong>What do you find most satisfying about your work, and is there anything you are particularly proud of?<\/strong><\/h5>\n\n\n\n<p>Undoubtedly, to bring art closer to people, to accompany them, to make it part of their lives as it is part of mine. One of the mottos of El Principal de C\u00f2rsega is Degas' phrase. And that is what I try to do every day.<\/p>\n\n\n\n<blockquote class=\"wp-block-quote is-layout-flow wp-block-quote-is-layout-flow\">\n<p><em>Degas: \"Art is not what you see, but what you make others see\".<\/em><\/p>\n<\/blockquote>\n\n\n\n<h5 class=\"wp-block-heading\"><strong>What is your creative process like, what are your sources of inspiration, any particular music while working?<\/strong><\/h5>\n\n\n\n<p>I like to work in silence or, at most, with classical music or the sounds of the forest. I think silence is undervalued. Very often, ideas come to me while I'm walking, in moments of contemplation or even sleep. I always write them down by hand, in a notebook. I can't conceive of thinking digitally.<\/p>\n\n\n\n<h5 class=\"wp-block-heading\"><strong>Favourite colour, book, film and record - in that order! ;D<\/strong><\/h5>\n\n\n<div class=\"wp-block-image\">\n<figure class=\"aligncenter is-resized\"><img decoding=\"async\" src=\"https:\/\/lh7-rt.googleusercontent.com\/docsz\/AD_4nXfcQhPywSv4PGV0SJ6CLjHm83zR4421EiFrM7-V5NDie5Niuwt0szTkcg2mAb0IrZcjdRPpZnNl1U7e2Bu9yjcdvQDn6MIO5LYSGZAqOjFQ7SC620ra87mWEkOKaGmkZ28H2e0?key=UU54W93ateklfYC0iriiXg\" alt=\"El Principal de C\u00f2rsega: a gallery-flat to experience art | Monapart \" style=\"width:670px;height:auto\"\/><\/figure>\n<\/div>\n\n\n<p><\/p>\n\n\n\n<figure class=\"wp-block-image\"><img decoding=\"async\" src=\"https:\/\/lh7-rt.googleusercontent.com\/docsz\/AD_4nXckVnpnD8_Dsub5N3x8Z4eRgJmG-7WdXlaAT_5Zm5oLBzmY8Y0-KbIU8y6RSMJRlQ-y7QjPzJ1Ul1qTg0jKQn-w3HD124BQwyEh6L7rwA23Phwf5FaqFToGz-VC1951AKLi5x0S?key=UU54W93ateklfYC0iriiXg\" alt=\"El Principal de C\u00f2rsega: a gallery-flat to experience art | Monapart \"\/><figcaption class=\"wp-element-caption\">Photograph:&nbsp;<a href=\"https:\/\/www.instagram.com\/leila_mendez\/\" target=\"_blank\" rel=\"noopener\">@leila_mendez<\/a><\/figcaption><\/figure>\n\n\n\n<p><\/p>\n\n\n\n<div class=\"wp-block-media-text is-stacked-on-mobile\" style=\"grid-template-columns:41% auto\"><figure class=\"wp-block-media-text__media\"><img loading=\"lazy\" decoding=\"async\" width=\"821\" height=\"1024\" src=\"https:\/\/www.monapart.com\/magazine\/wp-content\/uploads\/2025\/01\/El-Principal-de-Corsega_\u00a9-1-821x1024.png\" alt=\"\" class=\"wp-image-17540 size-full\" srcset=\"https:\/\/www.monapart.com\/magazine\/wp-content\/uploads\/2025\/01\/El-Principal-de-Corsega_\u00a9-1-821x1024.png 821w, https:\/\/www.monapart.com\/magazine\/wp-content\/uploads\/2025\/01\/El-Principal-de-Corsega_\u00a9-1-240x300.png 240w, https:\/\/www.monapart.com\/magazine\/wp-content\/uploads\/2025\/01\/El-Principal-de-Corsega_\u00a9-1-768x958.png 768w, https:\/\/www.monapart.com\/magazine\/wp-content\/uploads\/2025\/01\/El-Principal-de-Corsega_\u00a9-1-10x12.png 10w, https:\/\/www.monapart.com\/magazine\/wp-content\/uploads\/2025\/01\/El-Principal-de-Corsega_\u00a9-1.png 1162w\" sizes=\"auto, (max-width: 821px) 100vw, 821px\" \/><\/figure><div class=\"wp-block-media-text__content\">\n<p><strong>Is your home a reflection of who you are? Tell us what it smells like, your favourite corner, your favourite decorative object or piece of furniture, if you treasure a collection... And if you have a pet, introduce it to us!<\/strong><\/p>\n\n\n\n<p>My houses are a true reflection of my professional and personal life. I have been collecting art for years and I love sculptures, illustrated books and paintings. In the Principal I always try to have fresh flowers, sometimes brought from our country house, and the scents I like are those of aromatic plants -salvia, lavender- and citrus fruits.<\/p>\n<\/div><\/div>\n\n\n\n<p><\/p>\n\n\n\n<h5 class=\"wp-block-heading\"><strong>If you could buy anything right now and take it home, what would it be? Anything!<\/strong><\/h5>\n\n\n\n<p>A work of art. It's the one thing I would never stop buying. It gets me.<\/p>\n\n\n\n<p><strong>A great plan at home always includes...<\/strong><\/p>\n\n\n\n<p>A good dinner made by my husband, with a good wine, and the company of my two children. And afterwards, a good film.<\/p>\n\n\n\n<h5 class=\"wp-block-heading\"><strong>Do you have a signature dish?<\/strong><\/h5>\n\n\n\n<p>I am a terrible cook, I admit it. But I am extremely lucky that my husband cooks wonderfully. Paella (his and that of some of the restaurants we like) is my favourite dish.<\/p>\n\n\n\n<h5 class=\"wp-block-heading\"><strong>Where is your favourite place in your city and abroad?<\/strong><\/h5>\n\n\n\n<p>In Barcelona, I love the few gardens in the centre: the Palau Robert, the Mu\u00f1oz Ramonet gardens, Tur\u00f3 Park... and, of course, Parc G\u00fcell and the gardens of Montju\u00efc. Outside the city, I spend a lot of time in the countryside, in the Conca de Barber\u00e0, where the landscape surrounding the Monastery of Poblet seems to me to be the best in the world.<\/p>\n\n\n\n<p>And abroad, I always travel to places with parks and gardens. I am fascinated by those in London, the English countryside, the Luxembourg Gardens in Paris, Provence, Tuscany, the lakes of northern Italy... I also often go back to heritage cities with good museums and art centres: Madrid, Rome, Flanders, Portugal, the south of France...<\/p>\n\n\n\n<h5 class=\"wp-block-heading\"><strong>Anything you want to tell us that we haven't asked you, speak now or forever hold your peace!<\/strong><\/h5>\n\n\n\n<p>One of the best lessons I learned from my father is to always live the same way, whether things are going well or not. It's not about money, it's about time. That's the key: to have time.<\/p>\n\n\n\n<h3 class=\"wp-block-heading\">At El Principal de C\u00f2rsega, S\u00f2nia Villegas invites us not only to see art in a different way, but to live it. In this flat in the Eixample, each work tells us a story and each corner invites us to stay a little longer. Here, art is not something you own, but something that accompanies you in your everyday life. It is a refuge, a mirror that reflects our essence and a constant conversation with what is beautiful and important. A meeting point in Barcelona that fosters closeness with artists and connects them with those who value art as an essential part of their lives.\u00a0<\/h3>","protected":false},"excerpt":{"rendered":"<p>Discover El Principal de C\u00f2rsega, a gallery flat in Barcelona where S\u00f2nia Villegas fuses art and design so that you can experience each work in your home.<\/p>","protected":false},"author":3,"featured_media":17110,"comment_status":"closed","ping_status":"closed","sticky":false,"template":"","format":"standard","meta":{"_acf_changed":false,"footnotes":""},"categories":[2844,2846],"tags":[3254,2868,2872],"class_list":["post-17109","post","type-post","status-publish","format-standard","has-post-thumbnail","hentry","category-hogar","category-espacios-y-vida","tag-time-in","tag-arte","tag-barcelona"],"acf":[],"_links":{"self":[{"href":"https:\/\/www.monapart.com\/magazine\/en\/wp-json\/wp\/v2\/posts\/17109","targetHints":{"allow":["GET"]}}],"collection":[{"href":"https:\/\/www.monapart.com\/magazine\/en\/wp-json\/wp\/v2\/posts"}],"about":[{"href":"https:\/\/www.monapart.com\/magazine\/en\/wp-json\/wp\/v2\/types\/post"}],"author":[{"embeddable":true,"href":"https:\/\/www.monapart.com\/magazine\/en\/wp-json\/wp\/v2\/users\/3"}],"replies":[{"embeddable":true,"href":"https:\/\/www.monapart.com\/magazine\/en\/wp-json\/wp\/v2\/comments?post=17109"}],"version-history":[{"count":43,"href":"https:\/\/www.monapart.com\/magazine\/en\/wp-json\/wp\/v2\/posts\/17109\/revisions"}],"predecessor-version":[{"id":17554,"href":"https:\/\/www.monapart.com\/magazine\/en\/wp-json\/wp\/v2\/posts\/17109\/revisions\/17554"}],"wp:featuredmedia":[{"embeddable":true,"href":"https:\/\/www.monapart.com\/magazine\/en\/wp-json\/wp\/v2\/media\/17110"}],"wp:attachment":[{"href":"https:\/\/www.monapart.com\/magazine\/en\/wp-json\/wp\/v2\/media?parent=17109"}],"wp:term":[{"taxonomy":"category","embeddable":true,"href":"https:\/\/www.monapart.com\/magazine\/en\/wp-json\/wp\/v2\/categories?post=17109"},{"taxonomy":"post_tag","embeddable":true,"href":"https:\/\/www.monapart.com\/magazine\/en\/wp-json\/wp\/v2\/tags?post=17109"}],"curies":[{"name":"wp","href":"https:\/\/api.w.org\/{rel}","templated":true}]}}