{"id":1440,"date":"2023-09-28T17:05:44","date_gmt":"2023-09-28T15:05:44","guid":{"rendered":"https:\/\/www.monapart.com\/magazine\/?p=1440"},"modified":"2025-08-06T17:21:44","modified_gmt":"2025-08-06T15:21:44","slug":"monica-prieto-in-com-ex","status":"publish","type":"post","link":"https:\/\/www.monapart.com\/magazine\/en\/noticias\/monica-prieto-en-com-ex","title":{"rendered":"M\u00f3nica Prieto in COM-EX"},"content":{"rendered":"<h1 class=\"wp-block-heading\">M\u00f3nica Prieto in COM-EX<\/h1>\n\n\n\n<h2 class=\"wp-block-heading\">A unique opportunity to learn about the most innovative trends and strategies in community management.<\/h2>\n\n\n<div class='post-info'>28 September 2023 by <a href='https:\/\/www.monapart.com\/magazine\/en\/autor\/monapart'>Monapart<\/a><\/div>\n\n\n\n<p>Last June, M\u00f3nica Prieto, director of <a href=\"https:\/\/www.monapart.com\/magazine\/en\/agentes\/\">Monapart community<\/a>participated as a panelist in the <a href=\"https:\/\/www.groundinn.world\/events\/example-event\" target=\"_blank\" rel=\"noopener\">second edition of the COM-EX meeting<\/a> organised by GroundInn in Barcelona together with other business experts in the real estate sector that promote the creation of a community as a growth strategy.\u00a0<\/p>\n\n\n\n<figure class=\"wp-block-image\"><img loading=\"lazy\" decoding=\"async\" width=\"480\" height=\"320\" src=\"https:\/\/www.monapart.com\/magazine\/wp-content\/uploads\/2023\/09\/groundinn-comex-monica-prieto-comunidad-monapart.png\" alt=\"monica prieto at com-ex | Monapart\" class=\"wp-image-1441\" srcset=\"https:\/\/www.monapart.com\/magazine\/wp-content\/uploads\/2023\/09\/groundinn-comex-monica-prieto-comunidad-monapart.png 480w, https:\/\/www.monapart.com\/magazine\/wp-content\/uploads\/2023\/09\/groundinn-comex-monica-prieto-comunidad-monapart-300x200.png 300w\" sizes=\"auto, (max-width: 480px) 100vw, 480px\" \/><\/figure>\n\n\n\n<p>The meeting took place at Club Caramel, a former candy factory in the Born neighbourhood converted into a shared space for artists of all disciplines, the perfect setting for an event dedicated to reflecting on and discovering new ways to strengthen and empower communities.<\/p>\n\n\n\n<h5 class=\"wp-block-heading has-medium-font-size\">Local Collaboration in Real Estate<\/h5>\n\n\n\n<figure class=\"wp-block-image\"><img loading=\"lazy\" decoding=\"async\" width=\"800\" height=\"450\" src=\"https:\/\/www.monapart.com\/magazine\/wp-content\/uploads\/2023\/09\/monica_priero_en_com-ex.png\" alt=\"monica prieto at com-ex | Monapart\" class=\"wp-image-1442\" srcset=\"https:\/\/www.monapart.com\/magazine\/wp-content\/uploads\/2023\/09\/monica_priero_en_com-ex.png 800w, https:\/\/www.monapart.com\/magazine\/wp-content\/uploads\/2023\/09\/monica_priero_en_com-ex-300x169.png 300w, https:\/\/www.monapart.com\/magazine\/wp-content\/uploads\/2023\/09\/monica_priero_en_com-ex-768x432.png 768w\" sizes=\"auto, (max-width: 800px) 100vw, 800px\" \/><\/figure>\n\n\n\n<figure class=\"wp-block-image\"><img loading=\"lazy\" decoding=\"async\" width=\"800\" height=\"450\" src=\"https:\/\/www.monapart.com\/magazine\/wp-content\/uploads\/2023\/09\/jose_luis_echeverria_en_com-ex.png\" alt=\"monica prieto at com-ex | Monapart\" class=\"wp-image-1443\" srcset=\"https:\/\/www.monapart.com\/magazine\/wp-content\/uploads\/2023\/09\/jose_luis_echeverria_en_com-ex.png 800w, https:\/\/www.monapart.com\/magazine\/wp-content\/uploads\/2023\/09\/jose_luis_echeverria_en_com-ex-300x169.png 300w, https:\/\/www.monapart.com\/magazine\/wp-content\/uploads\/2023\/09\/jose_luis_echeverria_en_com-ex-768x432.png 768w\" sizes=\"auto, (max-width: 800px) 100vw, 800px\" \/><\/figure>\n\n\n\n<p>Monica shared a panel with Samuel Toribio, director of international markets at Homelike and Enric Sol\u00e9, co-founder and CEO of Circles Houses, both experts in coliving and short-medium stay accommodation. Together, they discussed the importance and challenges of creating communities in a traditionally conservative sector that needs to listen more actively to its customers in order to adapt to their real needs.&nbsp;<\/p>\n\n\n\n<p>Samuel Toribio began the talk by providing statistics and trends observed since 2020 in Homelike, a platform that offers monthly stays in more than 500 cities, to analyse how the needs of its users have evolved and how new demands have arisen in terms of creating communities in this area.<\/p>\n\n\n\n<figure class=\"wp-block-image\"><img loading=\"lazy\" decoding=\"async\" width=\"960\" height=\"768\" src=\"https:\/\/www.monapart.com\/magazine\/wp-content\/uploads\/2023\/09\/com-ex_barcelona_groundinn_x_monapart.png\" alt=\"monica prieto at com-ex | Monapart\" class=\"wp-image-1444\" srcset=\"https:\/\/www.monapart.com\/magazine\/wp-content\/uploads\/2023\/09\/com-ex_barcelona_groundinn_x_monapart.png 960w, https:\/\/www.monapart.com\/magazine\/wp-content\/uploads\/2023\/09\/com-ex_barcelona_groundinn_x_monapart-300x240.png 300w, https:\/\/www.monapart.com\/magazine\/wp-content\/uploads\/2023\/09\/com-ex_barcelona_groundinn_x_monapart-768x614.png 768w\" sizes=\"auto, (max-width: 960px) 100vw, 960px\" \/><\/figure>\n\n\n\n<p>Next, Monica shared her experience in Airbnb managing for almost seven years the home sharing community in Spain and Portugal, applying these learnings to projects with soul as the #buenagente community of Monapart that grows strong and healthy with the agents as protagonists of a different way of doing and being a real estate agent.&nbsp;<\/p>\n\n\n\n<blockquote class=\"wp-block-quote alignright is-layout-flow wp-block-quote-is-layout-flow\">\n<p><em>A community is not owned, it is led. Communities have to become what communities want to be... Only then does the community become an ally of the company.&nbsp;<\/em><\/p>\n<\/blockquote>\n\n\n\n<p>For his part, Enric Sol\u00e9 explained his proposal for coliving and coworking for international entrepreneurs in Barcelona. Circles stands out for generating intergenerational synergies in a space where not only young digital nomads live together. The boomer generation also actively seeks the opportunity to be part of a community full of dynamism.&nbsp;<\/p>\n\n\n\n<p>The meeting also heard the opinions of experts such as Cot\u00e9 Soler, actor and CEO of BeLiquid, who shared innovative ideas on how to design more inclusive and sustainable communities; or our CEO Jos\u00e9 Luis Echeverr\u00eda who highlighted the importance of building a strong and healthy internal community in the current business context.&nbsp;<\/p>\n\n\n\n<blockquote class=\"wp-block-quote alignright is-layout-flow wp-block-quote-is-layout-flow\">\n<p><em>We are building a railway track while the train is moving forward... How do you manage so many wills? We need professionals to manage all these energies.<\/em><\/p>\n<\/blockquote>\n\n\n\n<h5 class=\"wp-block-heading has-medium-font-size\">The challenges facing the real estate sector<\/h5>\n\n\n\n<p>Real estate agents are self-employed professionals to whom society does not grant recognition or prestige regardless of their level of competence. They tend to work alone, with irregular and uncertain incomes, often with no brand other than their own and without the right support to offer the best service to their clients. This point is particularly worrying because, as our community manager pointed out during the COM-EX meeting, according to the longest-running Harvard University study of adults, loneliness and isolation are as much of a problem as smoking or alcoholism.&nbsp;<\/p>\n\n\n\n<p>Even in the most difficult times, such as in the midst of a global pandemic, humans naturally tend to seek contact and belonging. We are gregarious animals, both personally and professionally. That is why networking, celebrations and face-to-face meetings are so important. If society deserves the best possible agents, agents at their best, they also deserve the best possible support and the best possible economic retribution.<\/p>\n\n\n\n<blockquote class=\"wp-block-quote alignright is-layout-flow wp-block-quote-is-layout-flow\">\n<p><em>You don't just share what you have, you share who you are.<\/em><\/p>\n<\/blockquote>\n\n\n\n<figure class=\"wp-block-image\"><img loading=\"lazy\" decoding=\"async\" width=\"800\" height=\"450\" src=\"https:\/\/www.monapart.com\/magazine\/wp-content\/uploads\/2023\/09\/jose_luis_echeverria_en_com-ex_2.jpeg\" alt=\"monica prieto at com-ex | Monapart\" class=\"wp-image-1445\" srcset=\"https:\/\/www.monapart.com\/magazine\/wp-content\/uploads\/2023\/09\/jose_luis_echeverria_en_com-ex_2.jpeg 800w, https:\/\/www.monapart.com\/magazine\/wp-content\/uploads\/2023\/09\/jose_luis_echeverria_en_com-ex_2-300x169.jpeg 300w, https:\/\/www.monapart.com\/magazine\/wp-content\/uploads\/2023\/09\/jose_luis_echeverria_en_com-ex_2-768x432.jpeg 768w\" sizes=\"auto, (max-width: 800px) 100vw, 800px\" \/><\/figure>\n\n\n\n<figure class=\"wp-block-image\"><img loading=\"lazy\" decoding=\"async\" width=\"800\" height=\"450\" src=\"https:\/\/www.monapart.com\/magazine\/wp-content\/uploads\/2023\/09\/eduard_sole_en_com-ex_2.jpeg\" alt=\"monica prieto at com-ex | Monapart\" class=\"wp-image-1446\" srcset=\"https:\/\/www.monapart.com\/magazine\/wp-content\/uploads\/2023\/09\/eduard_sole_en_com-ex_2.jpeg 800w, https:\/\/www.monapart.com\/magazine\/wp-content\/uploads\/2023\/09\/eduard_sole_en_com-ex_2-300x169.jpeg 300w, https:\/\/www.monapart.com\/magazine\/wp-content\/uploads\/2023\/09\/eduard_sole_en_com-ex_2-768x432.jpeg 768w\" sizes=\"auto, (max-width: 800px) 100vw, 800px\" \/><\/figure>\n\n\n\n<p>You can follow the full video of the talk on this link <a href=\"https:\/\/youtu.be\/kuu6Hn2Ifqg\" target=\"_blank\" rel=\"noreferrer noopener\">link<\/a>.&nbsp;<\/p>\n\n\n\n<p>Monapart serves a <a href=\"https:\/\/www.monapart.com\/magazine\/en\/agentes\/comunidad\/\">community of estate agents<\/a> independent and experienced retailers to whom it provides marketing, method, technology, training and comprehensive support, offering them to retain between 70% and 100% of their turnover and boost their own brand. At Monapart, community is a strategic business element because we understand the importance of one of the biggest commercial motivators for retention and recruitment: belonging.\u00a0<br><br><br><\/p>\n\n\n\n<p><\/p>","protected":false},"excerpt":{"rendered":"<p>M\u00f3nica Prieto en COM-EX Una oportunidad \u00fanica para conocer las tendencias y estrategias m\u00e1s innovadoras en la gesti\u00f3n de comunidades. El pasado mes de junio, M\u00f3nica Prieto, directora de comunidad de Monapart, particip\u00f3 como panelista en la segunda edici\u00f3n del encuentro COM-EX organizado por GroundInn en Barcelona junto a otros expertos en negocios del sector [&hellip;]<\/p>\n","protected":false},"author":3,"featured_media":1447,"comment_status":"closed","ping_status":"closed","sticky":false,"template":"","format":"standard","meta":{"_acf_changed":false,"footnotes":""},"categories":[2852,2854],"tags":[2967,2872],"class_list":["post-1440","post","type-post","status-publish","format-standard","has-post-thumbnail","hentry","category-noticias","category-actualidad","tag-eventos","tag-barcelona"],"acf":[],"_links":{"self":[{"href":"https:\/\/www.monapart.com\/magazine\/en\/wp-json\/wp\/v2\/posts\/1440","targetHints":{"allow":["GET"]}}],"collection":[{"href":"https:\/\/www.monapart.com\/magazine\/en\/wp-json\/wp\/v2\/posts"}],"about":[{"href":"https:\/\/www.monapart.com\/magazine\/en\/wp-json\/wp\/v2\/types\/post"}],"author":[{"embeddable":true,"href":"https:\/\/www.monapart.com\/magazine\/en\/wp-json\/wp\/v2\/users\/3"}],"replies":[{"embeddable":true,"href":"https:\/\/www.monapart.com\/magazine\/en\/wp-json\/wp\/v2\/comments?post=1440"}],"version-history":[{"count":2,"href":"https:\/\/www.monapart.com\/magazine\/en\/wp-json\/wp\/v2\/posts\/1440\/revisions"}],"predecessor-version":[{"id":18943,"href":"https:\/\/www.monapart.com\/magazine\/en\/wp-json\/wp\/v2\/posts\/1440\/revisions\/18943"}],"wp:featuredmedia":[{"embeddable":true,"href":"https:\/\/www.monapart.com\/magazine\/en\/wp-json\/wp\/v2\/media\/1447"}],"wp:attachment":[{"href":"https:\/\/www.monapart.com\/magazine\/en\/wp-json\/wp\/v2\/media?parent=1440"}],"wp:term":[{"taxonomy":"category","embeddable":true,"href":"https:\/\/www.monapart.com\/magazine\/en\/wp-json\/wp\/v2\/categories?post=1440"},{"taxonomy":"post_tag","embeddable":true,"href":"https:\/\/www.monapart.com\/magazine\/en\/wp-json\/wp\/v2\/tags?post=1440"}],"curies":[{"name":"wp","href":"https:\/\/api.w.org\/{rel}","templated":true}]}}