{"id":1353,"date":"2023-04-01T13:47:51","date_gmt":"2023-04-01T11:47:51","guid":{"rendered":"https:\/\/www.monapart.com\/magazine\/?p=1353"},"modified":"2025-03-25T12:31:43","modified_gmt":"2025-03-25T11:31:43","slug":"training-we-are-time-60-minutes-that-will-make-you-win-30-days-with-eduard","status":"publish","type":"post","link":"https:\/\/www.monapart.com\/magazine\/en\/gente-real\/formacion-somos-tiempo-60-minutos-que-te-haran-ganar-30-dias-con-eduard","title":{"rendered":"Training \"We are time: 60 minutes that will make you win 30 days\" with Eduard Sol\u00e9"},"content":{"rendered":"<h1 class=\"wp-block-heading\">Training \"We are time: 60 minutes that will make you win 30 days\" with Eduard Sol\u00e9<\/h1>\n\n\n\n<h2 class=\"wp-block-heading\">The importance of time management and everything we can do (or try to do) to make the most of our time and not succumb to procrastination was demonstrated and explained.<\/h2>\n\n\n<div class='post-info'>1 April 2023 by <a href='https:\/\/www.monapart.com\/magazine\/en\/autor\/monapart'>Monapart<\/a><\/div>\n\n\n\n<p>On 30 March, the second face-to-face training session for the <a href=\"https:\/\/www.monapart.com\/magazine\/en\/\">Monapart<\/a>&nbsp;so far this year. On this occasion it was <a href=\"https:\/\/www.linkedin.com\/in\/eduardsolea\/\" target=\"_blank\" rel=\"noopener\">Eduard Sol\u00e9<\/a>The partner and director of operations, who gave us a talk on something really important: time. \"We are time: 60 minutes that will make you win 30 days\" where he demonstrated and explained the importance of time management and everything we can do (or try to do) to make the most of it and not succumb to procrastination.<\/p>\n\n\n\n<figure class=\"wp-block-image\"><img loading=\"lazy\" decoding=\"async\" width=\"600\" height=\"400\" src=\"https:\/\/www.monapart.com\/magazine\/wp-content\/uploads\/2023\/04\/formacion-somos-tiempo-monapart-2.png\" alt=\"Training &quot;We are time: 60 minutes that will make you win 30 days&quot; | Monapart\" class=\"wp-image-1354\" title=\"training-we-are-time-monapart-2\" srcset=\"https:\/\/www.monapart.com\/magazine\/wp-content\/uploads\/2023\/04\/formacion-somos-tiempo-monapart-2.png 600w, https:\/\/www.monapart.com\/magazine\/wp-content\/uploads\/2023\/04\/formacion-somos-tiempo-monapart-2-300x200.png 300w\" sizes=\"auto, (max-width: 600px) 100vw, 600px\" \/><\/figure>\n\n\n\n<p>It was also a very exciting meeting between more than 50 people gathered in the Raima space (Barcelona), since we were not only offering a top training for our associated agents and for those external ones who wanted to join us, but we were also celebrating our 13th anniversary! We put an end to an emotional afternoon by exchanging all our impressions over a drink on the rooftop terrace ;D<\/p>\n\n\n\n<h5 class=\"wp-block-heading has-medium-font-size\">What do those attending the event say?<\/h5>\n\n\n\n<p><em>\"Thank you Eduard Sol\u00e9 Agustench for sharing with us yesterday your learning about time management and for doing it in such a personal and refreshing way - and not only because of the references to the sea\". - <\/em><a href=\"https:\/\/www.linkedin.com\/in\/natalia-martinez-mustienes-000b44125\/\" target=\"_blank\" rel=\"noreferrer noopener\">Natalia Mart\u00ednez<\/a>Fundaci\u00f3 H\u00e0bitat3<\/p>\n\n\n\n<p><em>\"A session full of quality content in a relaxed and friendly atmosphere. A great success and a way of doing things differently (in my opinion, much better)\". -<\/em>&nbsp;<a href=\"https:\/\/www.linkedin.com\/in\/jacoboperezconde\/\" target=\"_blank\" rel=\"noreferrer noopener\">Jacobo P\u00e9rez<\/a>, Responsible at Gibobs allbanks<\/p>\n\n\n\n<p><em>\"Time is money, and most of us manage it badly. With the guidelines recommended in the workshop, we can not only optimise it, but we can live better and more relaxed lives!<\/em> - <a href=\"https:\/\/www.linkedin.com\/in\/betsala\/\" target=\"_blank\" rel=\"noreferrer noopener\">Bet Sala<\/a>Monapart's agent partner, Monapart<\/p>\n\n\n\n<p><em>\"Interesting topic and very well focused.\"<\/em> -&nbsp; <a href=\"https:\/\/www.linkedin.com\/in\/albert-vila-llopart\/\" target=\"_blank\" rel=\"noreferrer noopener\">Albert Vila<\/a>Monapart partner agent<\/p>","protected":false},"excerpt":{"rendered":"<p>Formaci\u00f3n \u00abSomos tiempo: 60 minutos que te har\u00e1n ganar 30 d\u00edas\u00bb con Eduard Sol\u00e9 Se demostr\u00f3 y explic\u00f3 la importancia de la gesti\u00f3n del tiempo y todo lo que podemos hacer (o intentar hacer) para exprimirlo al m\u00e1ximo y no sucumbir a la procrastinaci\u00f3n. El pasado d\u00eda 30 de marzo tuvo lugar la segunda formaci\u00f3n [&hellip;]<\/p>\n","protected":false},"author":3,"featured_media":1355,"comment_status":"closed","ping_status":"closed","sticky":false,"template":"","format":"standard","meta":{"_acf_changed":true,"footnotes":""},"categories":[2849,2850],"tags":[2876],"class_list":["post-1353","post","type-post","status-publish","format-standard","has-post-thumbnail","hentry","category-gente-real","category-formacion-inmobiliaria","tag-productividad"],"acf":[],"_links":{"self":[{"href":"https:\/\/www.monapart.com\/magazine\/en\/wp-json\/wp\/v2\/posts\/1353","targetHints":{"allow":["GET"]}}],"collection":[{"href":"https:\/\/www.monapart.com\/magazine\/en\/wp-json\/wp\/v2\/posts"}],"about":[{"href":"https:\/\/www.monapart.com\/magazine\/en\/wp-json\/wp\/v2\/types\/post"}],"author":[{"embeddable":true,"href":"https:\/\/www.monapart.com\/magazine\/en\/wp-json\/wp\/v2\/users\/3"}],"replies":[{"embeddable":true,"href":"https:\/\/www.monapart.com\/magazine\/en\/wp-json\/wp\/v2\/comments?post=1353"}],"version-history":[{"count":0,"href":"https:\/\/www.monapart.com\/magazine\/en\/wp-json\/wp\/v2\/posts\/1353\/revisions"}],"wp:featuredmedia":[{"embeddable":true,"href":"https:\/\/www.monapart.com\/magazine\/en\/wp-json\/wp\/v2\/media\/1355"}],"wp:attachment":[{"href":"https:\/\/www.monapart.com\/magazine\/en\/wp-json\/wp\/v2\/media?parent=1353"}],"wp:term":[{"taxonomy":"category","embeddable":true,"href":"https:\/\/www.monapart.com\/magazine\/en\/wp-json\/wp\/v2\/categories?post=1353"},{"taxonomy":"post_tag","embeddable":true,"href":"https:\/\/www.monapart.com\/magazine\/en\/wp-json\/wp\/v2\/tags?post=1353"}],"curies":[{"name":"wp","href":"https:\/\/api.w.org\/{rel}","templated":true}]}}