{"id":1230,"date":"2022-10-18T13:27:50","date_gmt":"2022-10-18T11:27:50","guid":{"rendered":"https:\/\/www.monapart.com\/magazine\/?p=1230"},"modified":"2025-03-27T10:38:34","modified_gmt":"2025-03-27T09:38:34","slug":"marta-alonso-connecting-with-the-origin","status":"publish","type":"post","link":"https:\/\/www.monapart.com\/magazine\/en\/hogar\/marta-alonso-conectando-con-el-origen","title":{"rendered":"Marta Alonso: connecting with the origin"},"content":{"rendered":"<h1 class=\"wp-block-heading\">Marta Alonso: connecting with the origin<\/h1>\n\n\n\n<h2 class=\"wp-block-heading\">For her, jewellery and also interior design are an act of self-care and self-love.<\/h2>\n\n\n<div class='post-info'>18 October 2022 by <a href='https:\/\/www.monapart.com\/magazine\/en\/autor\/monapart'>Monapart<\/a><\/div>\n\n\n\n<figure class=\"wp-block-image\"><img loading=\"lazy\" decoding=\"async\" width=\"960\" height=\"999\" src=\"https:\/\/www.monapart.com\/magazine\/wp-content\/uploads\/2022\/10\/marta-alonso-monapart.jpeg\" alt=\"Marta Alonso: connecting with the origin | Monapart \" class=\"wp-image-1231\" title=\"marta-alonso-monapart\" srcset=\"https:\/\/www.monapart.com\/magazine\/wp-content\/uploads\/2022\/10\/marta-alonso-monapart.jpeg 960w, https:\/\/www.monapart.com\/magazine\/wp-content\/uploads\/2022\/10\/marta-alonso-monapart-288x300.jpeg 288w, https:\/\/www.monapart.com\/magazine\/wp-content\/uploads\/2022\/10\/marta-alonso-monapart-768x799.jpeg 768w\" sizes=\"auto, (max-width: 960px) 100vw, 960px\" \/><\/figure>\n\n\n\n<p>Photograph by Mario Wurzbuger<\/p>\n\n\n\n<h3 class=\"wp-block-heading\">An interior designer by profession and for some years now, a jeweller. Marta Alonso is said to have the soul of an artist, and how could she not! Her curious mind, her interest in craftsmanship, her love of art and craftsmanship, her love of travelling and getting to know new cultures and her sensitivity connect her with the need to create.\u00a0<\/h3>\n\n\n\n<h5 class=\"wp-block-heading has-medium-font-size\"><strong>Tell us about yourself and your work. Where did your vocation start? Any first memories?<\/strong><\/h5>\n\n\n\n<p>I introduce myself, I am <a href=\"https:\/\/www.instagram.com\/martaalonso.design\/\" target=\"_blank\" rel=\"noreferrer noopener\">Marta Alonso<\/a> interior designer and jeweller from Barcelona. I am very restless. I love travelling, learning about other cultures and artistic creation. As a child I was always creating things and drawing. My dyslexia always led me to the creative and artistic side and that's how I decided to study design at the Elisava school. I remember that in the first year they showed you the different disciplines: graphic, product, interior design... and I immediately knew that interior design was my thing. Modifying a space, dignifying it, magnifying what characterises it, giving it personality... that's what fascinates me the most. And since then I haven't stopped.<\/p>\n\n\n\n<p>But this is not the end of my story. After working for 15 years in different interior design studios in Barcelona, soaking up various experiences, interesting clients, etc. in 2016 I made the trip of a lifetime: I went to Japan and everything changed there. On my return I decided to give myself the time and space that my inner self was asking for and to give voice to my creativity. And so it was, I created my own interior design studio and launched my personal jewellery brand where I enjoy creating with complete freedom.<\/p>\n\n\n\n<blockquote class=\"wp-block-quote alignleft is-layout-flow wp-block-quote-is-layout-flow\">\n<p>\"For me, interior design and jewellery are an act of self-care and love for oneself\".<\/p>\n<\/blockquote>\n\n\n\n<p><\/p>\n\n\n\n<p><\/p>\n\n\n\n<h5 class=\"wp-block-heading has-medium-font-size\"><strong>What do you find most satisfying about your work, and is there anything you are particularly proud of?<\/strong><\/h5>\n\n\n\n<p>To create a space that speaks of the person who will inhabit it, that represents him or her. Finding that balance and harmony of materials and shapes. And to think about good lighting that adapts to each mood. It is a basic requirement for good interior design, both residential and commercial.<\/p>\n\n\n\n<p>One residential project I am proud of is the refurbishment of the Diagonal flat. The clients were fantastic. They were very clear about what they wanted, but best of all, they were free to propose options that led them to have a space in which they now feel happy. And like in another house, they tell me. They had been living in the house for 35 years. I was delighted when they told me about it. They felt they had been rejuvenated.<\/p>\n\n\n\n<p>Also, thinking about interiors that are going to last over time is an aspect to take into consideration, because it aligns with my philosophy of taking care of our planet and sustainability.<\/p>\n\n\n\n<figure class=\"wp-block-image\"><img loading=\"lazy\" decoding=\"async\" width=\"600\" height=\"428\" src=\"https:\/\/www.monapart.com\/magazine\/wp-content\/uploads\/2022\/10\/marta-alonso-monapart-3.png\" alt=\"Marta Alonso: connecting with the origin | Monapart \" class=\"wp-image-1232\" title=\"marta-alonso-monapart-3\" srcset=\"https:\/\/www.monapart.com\/magazine\/wp-content\/uploads\/2022\/10\/marta-alonso-monapart-3.png 600w, https:\/\/www.monapart.com\/magazine\/wp-content\/uploads\/2022\/10\/marta-alonso-monapart-3-300x214.png 300w\" sizes=\"auto, (max-width: 600px) 100vw, 600px\" \/><\/figure>\n\n\n\n<p>Photographs by Mario Wurzbuger<\/p>\n\n\n\n<h5 class=\"wp-block-heading has-medium-font-size\"><strong>What is your creative process like, what are your sources of inspiration, any particular music while working?<\/strong><\/h5>\n\n\n\n<p>Before I start designing, I always ask them questions and have a first exchange with the client, so I get an idea of what they are like, what moves them and what attracts them. With that, they start to build up images of textures and appearance. Then I move on to the drawing and ordering process. With that I visualise images, textures... I draw on a plan, I look for functionality and order in the space, the incidence of natural light... While I do this process, the textures, materials, lighting and furniture take shape. I like to have physical samples of materials to put them together and see how the tone of the project is developing.<\/p>\n\n\n\n<p>I am very influenced by Japan, Nordic countries and Catalan rationalist design. These references are always very present. But many times, visiting an exhibition, going to a city and experiencing genuine spaces are a source of inspiration.<\/p>\n\n\n\n<p>I go along with a lot of jazz, some classical music and some current independent bands (<em>Thievery Corporation<\/em>, <em>Quantic, Khruangbin<\/em>etc.) depending on what I'm doing, I listen to one or the other.<\/p>\n\n\n\n<figure class=\"wp-block-embed is-type-rich is-provider-spotify wp-block-embed-spotify wp-embed-aspect-21-9 wp-has-aspect-ratio\"><div class=\"wp-block-embed__wrapper\">\n<iframe title=\"Spotify Embed: Thievery Corporation\" style=\"border-radius: 12px\" width=\"100%\" height=\"352\" frameborder=\"0\" allowfullscreen allow=\"autoplay; clipboard-write; encrypted-media; fullscreen; picture-in-picture\" loading=\"lazy\" src=\"https:\/\/open.spotify.com\/embed\/artist\/25KNo5GDS6ZpLkjasaecA3?si=Zq0f12ZYRQWCiDSzd1oOwQ&#038;utm_source=oembed\"><\/iframe>\n<\/div><\/figure>\n\n\n\n<h5 class=\"wp-block-heading has-medium-font-size\"><strong>Favourite colour, book, film and record - in that order! ;D<\/strong><\/h5>\n\n\n\n<p>I like green\/blue-grey very much for its serenity and off-white is always present.&nbsp;<\/p>\n\n\n\n<p>Book, oh my! I'm going to have a hard time deciding. Look, the one I read recently and which has given me a lot is: <em>A treatise on Japanese aesthetics<\/em> by Donald Richie.<\/p>\n\n\n\n<figure class=\"wp-block-image\"><img loading=\"lazy\" decoding=\"async\" width=\"960\" height=\"368\" src=\"https:\/\/www.monapart.com\/magazine\/wp-content\/uploads\/2022\/10\/un_tratado_de_estetica_japonesa1.jpeg\" alt=\"Marta Alonso: connecting with the origin | Monapart \" class=\"wp-image-1233\" title=\"a_treatment_of_japanese_aesthetics_monapart\" srcset=\"https:\/\/www.monapart.com\/magazine\/wp-content\/uploads\/2022\/10\/un_tratado_de_estetica_japonesa1.jpeg 960w, https:\/\/www.monapart.com\/magazine\/wp-content\/uploads\/2022\/10\/un_tratado_de_estetica_japonesa1-300x115.jpeg 300w, https:\/\/www.monapart.com\/magazine\/wp-content\/uploads\/2022\/10\/un_tratado_de_estetica_japonesa1-768x294.jpeg 768w\" sizes=\"auto, (max-width: 960px) 100vw, 960px\" \/><\/figure>\n\n\n\n<p><em>Spring, summer, autumn, winter, winter... and spring.<\/em>. Kim Ki-duc, when I saw it at the time I loved it for its simplicity and depth.<\/p>\n\n\n\n<p><em>In a Silent Way<\/em> by Miles Davis, a delight.<\/p>\n\n\n\n<h5 class=\"wp-block-heading has-medium-font-size\"><strong>Is your home a reflection of who you are? Tell us what it smells like, your favourite corner, your favourite decorative object or piece of furniture, if you treasure a collection... And if you have a pet, introduce it to us!<\/strong><\/h5>\n\n\n\n<p>Yes, my house is very me. I now live in a typical modernist flat (mouldings, hydraulic floors and high ceilings), but in the Gracia neighbourhood. These elements speak of my need to respect the identity of the space and, at the same time, give it visual richness. This allows me to add more neutral furniture, some with more personality, lamps for every occasion (which I love) and a large bookcase.&nbsp;<\/p>\n\n\n\n<p>I like to surround myself with design objects or artisan creations that I fall in love with. Some photographs from my trip to Japan and some miniprints from the MiniPrint Gallery in Cadaqu\u00e9s. I love the gallery owner, a very interesting and authentic woman, I recommend visiting the exhibition they do every summer.<\/p>\n\n\n\n<p>I am also accompanied by my two cats, Ume and Silvestre. They make me laugh every now and then, because of their faces and poses. Great masters of observation, calm and understanding that it's ok to do nothing, a great reminder, very advisable for the stressed society we live in.<\/p>\n\n\n\n<figure class=\"wp-block-image\"><img loading=\"lazy\" decoding=\"async\" width=\"960\" height=\"710\" src=\"https:\/\/www.monapart.com\/magazine\/wp-content\/uploads\/2022\/10\/marta_alonso_casa_rincon-cmario_wurzburger.jpg\" alt=\"Marta Alonso: connecting with the origin | Monapart \" class=\"wp-image-1234\" title=\"marta-alonso-monapart-3.\" srcset=\"https:\/\/www.monapart.com\/magazine\/wp-content\/uploads\/2022\/10\/marta_alonso_casa_rincon-cmario_wurzburger.jpg 960w, https:\/\/www.monapart.com\/magazine\/wp-content\/uploads\/2022\/10\/marta_alonso_casa_rincon-cmario_wurzburger-300x222.jpg 300w, https:\/\/www.monapart.com\/magazine\/wp-content\/uploads\/2022\/10\/marta_alonso_casa_rincon-cmario_wurzburger-768x568.jpg 768w\" sizes=\"auto, (max-width: 960px) 100vw, 960px\" \/><\/figure>\n\n\n\n<p>Photograph by Mario Wurzbuger<\/p>\n\n\n\n<p>The Objekto lamp and some of the photos from the trip to Japan and the Thonet chair, a classic.<\/p>\n\n\n\n<figure class=\"wp-block-image\"><img loading=\"lazy\" decoding=\"async\" width=\"960\" height=\"1356\" src=\"https:\/\/www.monapart.com\/magazine\/wp-content\/uploads\/2022\/10\/detalles_casa_marta_alonso.jpeg\" alt=\"Marta Alonso: connecting with the origin | Monapart \" class=\"wp-image-1235\" title=\"marta-alonso-monapart-4\" srcset=\"https:\/\/www.monapart.com\/magazine\/wp-content\/uploads\/2022\/10\/detalles_casa_marta_alonso.jpeg 960w, https:\/\/www.monapart.com\/magazine\/wp-content\/uploads\/2022\/10\/detalles_casa_marta_alonso-212x300.jpeg 212w, https:\/\/www.monapart.com\/magazine\/wp-content\/uploads\/2022\/10\/detalles_casa_marta_alonso-725x1024.jpeg 725w, https:\/\/www.monapart.com\/magazine\/wp-content\/uploads\/2022\/10\/detalles_casa_marta_alonso-768x1085.jpeg 768w\" sizes=\"auto, (max-width: 960px) 100vw, 960px\" \/><\/figure>\n\n\n\n<p>TMM lamp by Santa And Cole, print by Drawnfeeling some handicraft and in the foreground Silvestre.<\/p>\n\n\n\n<h5 class=\"wp-block-heading has-medium-font-size\"><strong>If you could buy anything right now and take it home, what would it be? Anything!<\/strong><\/h5>\n\n\n\n<p>A Rothko, Chillida or Brancusi would fascinate me!<\/p>\n\n\n\n<figure class=\"wp-block-image\"><img loading=\"lazy\" decoding=\"async\" width=\"600\" height=\"428\" src=\"https:\/\/www.monapart.com\/magazine\/wp-content\/uploads\/2022\/10\/marta-alonso-monapart-5.png\" alt=\"Marta Alonso: connecting with the origin | Monapart \" class=\"wp-image-1236\" title=\"marta-alonso-monapart-5\" srcset=\"https:\/\/www.monapart.com\/magazine\/wp-content\/uploads\/2022\/10\/marta-alonso-monapart-5.png 600w, https:\/\/www.monapart.com\/magazine\/wp-content\/uploads\/2022\/10\/marta-alonso-monapart-5-300x214.png 300w\" sizes=\"auto, (max-width: 600px) 100vw, 600px\" \/><\/figure>\n\n\n\n<h2 class=\"wp-block-heading has-medium-font-size\"><strong>A great plan at home always includes...<\/strong><\/h2>\n\n\n\n<p>Music and laughter with friends.<\/p>\n\n\n\n<h2 class=\"wp-block-heading has-medium-font-size\"><strong>Do you have a signature dish?<\/strong><\/h2>\n\n\n\n<p>I'm not much of a cook, and what I do is very basic, a wok curry, for example.<\/p>\n\n\n\n<h2 class=\"wp-block-heading has-medium-font-size\"><strong>Where is your favourite place in your city and abroad?<\/strong><\/h2>\n\n\n\n<p>The Mir\u00f3 Foundation in Barcelona.<\/p>\n\n\n\n<p>Museum of contemporary art of Teshima on Teshima Island, Japan.<\/p>\n\n\n\n<figure class=\"wp-block-image\"><img loading=\"lazy\" decoding=\"async\" width=\"960\" height=\"224\" src=\"https:\/\/www.monapart.com\/magazine\/wp-content\/uploads\/2022\/10\/marta-alonso-inspiracion-teshima-art-museum-building.jpeg\" alt=\"Marta Alonso: connecting with the origin | Monapart \" class=\"wp-image-1237\" title=\"marta-alonso-monapart-6\" srcset=\"https:\/\/www.monapart.com\/magazine\/wp-content\/uploads\/2022\/10\/marta-alonso-inspiracion-teshima-art-museum-building.jpeg 960w, https:\/\/www.monapart.com\/magazine\/wp-content\/uploads\/2022\/10\/marta-alonso-inspiracion-teshima-art-museum-building-300x70.jpeg 300w, https:\/\/www.monapart.com\/magazine\/wp-content\/uploads\/2022\/10\/marta-alonso-inspiracion-teshima-art-museum-building-768x179.jpeg 768w\" sizes=\"auto, (max-width: 960px) 100vw, 960px\" \/><\/figure>\n\n\n\n<h5 class=\"wp-block-heading has-medium-font-size\"><strong>Anything you want to tell us that we haven't asked you, speak now or forever hold your peace!<\/strong><\/h5>\n\n\n\n<p>My jewellery-making side, especially the artistic and signature side. I love creating contemporary jewellery pieces, I give free rein to my creativity. Some of these contemporary pieces are exhibited at the Siesta Gallery in Barcelona.<\/p>\n\n\n\n<p>I invite you to visit my <a href=\"https:\/\/www.martaalonsojewels.com\/\" target=\"_blank\" rel=\"noreferrer noopener\">jewellery website<\/a> so that you can see my jewellery side.<\/p>\n\n\n\n<figure class=\"wp-block-image\"><img loading=\"lazy\" decoding=\"async\" width=\"960\" height=\"641\" src=\"https:\/\/www.monapart.com\/magazine\/wp-content\/uploads\/2022\/10\/marta-alonso-joyas-detalle-geodesic-verde-medeastudio.jpeg\" alt=\"Marta Alonso: connecting with the origin | Monapart \" class=\"wp-image-1238\" title=\"marta-alonso-monapart-7\" srcset=\"https:\/\/www.monapart.com\/magazine\/wp-content\/uploads\/2022\/10\/marta-alonso-joyas-detalle-geodesic-verde-medeastudio.jpeg 960w, https:\/\/www.monapart.com\/magazine\/wp-content\/uploads\/2022\/10\/marta-alonso-joyas-detalle-geodesic-verde-medeastudio-300x200.jpeg 300w, https:\/\/www.monapart.com\/magazine\/wp-content\/uploads\/2022\/10\/marta-alonso-joyas-detalle-geodesic-verde-medeastudio-768x513.jpeg 768w\" sizes=\"auto, (max-width: 960px) 100vw, 960px\" \/><\/figure>\n\n\n\n<p>Photography Medea Studio<\/p>\n\n\n\n<h3 class=\"wp-block-heading\">Marta Alonso is the perfect balance between art and functionality, between tradition and innovation. Her passion for interior design and jewellery reflects her understanding of beauty: as an act of self-care, respect for materials and connection with emotions. Whether designing a space or creating a unique piece, her sensitivity and vision make each project tell a story. Because, in the end, creating is her way of being in the world.<\/h3>\n\n\n\n<p><\/p>","protected":false},"excerpt":{"rendered":"<p>Marta Alonso: conectando con el origen Para ella, la joyer\u00eda y tambi\u00e9n el interiorismo son un\u00a0acto de autocuidado y de amor a uno mismo. Fotograf\u00eda de Mario Wurzbuger Interiorista de profesi\u00f3n y desde hace unos a\u00f1os, joyera. De Marta Alonso dicen que tiene alma de artista, \u00a1y c\u00f3mo no decirlo! Y es que su mente [&hellip;]<\/p>\n","protected":false},"author":3,"featured_media":1239,"comment_status":"closed","ping_status":"closed","sticky":false,"template":"","format":"standard","meta":{"_acf_changed":false,"footnotes":""},"categories":[2844,2845],"tags":[2868,2870,2871],"class_list":["post-1230","post","type-post","status-publish","format-standard","has-post-thumbnail","hentry","category-hogar","category-mi-monapart","tag-arte","tag-diseno","tag-interiorismo"],"acf":[],"_links":{"self":[{"href":"https:\/\/www.monapart.com\/magazine\/en\/wp-json\/wp\/v2\/posts\/1230","targetHints":{"allow":["GET"]}}],"collection":[{"href":"https:\/\/www.monapart.com\/magazine\/en\/wp-json\/wp\/v2\/posts"}],"about":[{"href":"https:\/\/www.monapart.com\/magazine\/en\/wp-json\/wp\/v2\/types\/post"}],"author":[{"embeddable":true,"href":"https:\/\/www.monapart.com\/magazine\/en\/wp-json\/wp\/v2\/users\/3"}],"replies":[{"embeddable":true,"href":"https:\/\/www.monapart.com\/magazine\/en\/wp-json\/wp\/v2\/comments?post=1230"}],"version-history":[{"count":0,"href":"https:\/\/www.monapart.com\/magazine\/en\/wp-json\/wp\/v2\/posts\/1230\/revisions"}],"wp:featuredmedia":[{"embeddable":true,"href":"https:\/\/www.monapart.com\/magazine\/en\/wp-json\/wp\/v2\/media\/1239"}],"wp:attachment":[{"href":"https:\/\/www.monapart.com\/magazine\/en\/wp-json\/wp\/v2\/media?parent=1230"}],"wp:term":[{"taxonomy":"category","embeddable":true,"href":"https:\/\/www.monapart.com\/magazine\/en\/wp-json\/wp\/v2\/categories?post=1230"},{"taxonomy":"post_tag","embeddable":true,"href":"https:\/\/www.monapart.com\/magazine\/en\/wp-json\/wp\/v2\/tags?post=1230"}],"curies":[{"name":"wp","href":"https:\/\/api.w.org\/{rel}","templated":true}]}}